{"id":59318,"date":"2025-04-28T13:20:07","date_gmt":"2025-04-28T13:20:07","guid":{"rendered":"https:\/\/www.europesays.com\/fr\/59318\/"},"modified":"2025-04-28T13:20:07","modified_gmt":"2025-04-28T13:20:07","slug":"atp-stan-wawrinka-sur-gael-monfils-jai-eu-la-chance-de-gagner-des-grands-chelems-mais-je-pense-aussi-que-malheureusement-puisquon-est-un-petit-peu-de-la-meme-generation-on-nous-a-tous-mis-en","status":"publish","type":"post","link":"https:\/\/www.europesays.com\/fr\/59318\/","title":{"rendered":"ATP > Stan Wawrinka sur Ga\u00ebl Monfils : \u00ab\u00a0J&rsquo;ai eu la chance de gagner des Grands Chelems mais je pense aussi que, malheureusement, puisqu&rsquo;on est un petit peu de la m\u00eame g\u00e9n\u00e9ration, on nous a tous mis en rivalit\u00e9 alors qu&rsquo;il ne le fallait pas\u00a0\u00bb"},"content":{"rendered":"<p>Lors de sa grande inter\u00adview accord\u00e9e \u00e0 <a href=\"https:\/\/www.eurosport.fr\/tennis\/interview-de-stanislas-wawrinka-gagner-des-grands-chelems-ca-faisait-partie-des-reves-inatteignables_sto23176627\/story.shtml\" data-wpel-link=\"external\" target=\"_blank\" rel=\"nofollow external noopener\">Eurosport<\/a>, Stanislas Wawrinka a \u00e9voqu\u00e9 sa rela\u00adtion avec Ga\u00ebl Monfils, qui a d\u00e9clar\u00e9 qu\u2019il \u00e9tait un \u00ab\u202fcham\u00adpion\u202f\u00bb alors que lui \u00e9tait simple\u00adment un \u00ab\u202fexcellent joueur\u202f\u00bb.\u00a0<\/p>\n<p><strong>\u00ab\u202fGa\u00ebl, c\u2019est un amour, on se conna\u00eet depuis des ann\u00e9es, on s\u2019est telle\u00adment entra\u00een\u00e9 ensemble toutes ces ann\u00e9es aussi. C\u2019est extr\u00ea\u00adme\u00adment gentil son message mais, person\u00adnel\u00adle\u00adment, je le consi\u00add\u00e8re aussi comme un cham\u00adpion. Bien s\u00fbr, j\u2019ai eu la chance de gagner des Grands Chelems mais je pense aussi que, malheu\u00adreu\u00adse\u00adment, puis\u00adqu\u2019on est un petit peu de la m\u00eame g\u00e9n\u00e9\u00adra\u00adtion, on nous a tous mis en riva\u00adlit\u00e9 alors qu\u2019il ne le fallait pas. Quand je vois ce qu\u2019a fait Ga\u00ebl toutes ces ann\u00e9es et quand je vois ce qu\u2019il fait encore, pour moi, c\u2019est un cham\u00adpion. \u00catre un cham\u00adpion, ce n\u2019est pas seule\u00adment gagner un Grand Chelem. Sa carri\u00e8re est excep\u00adtion\u00adnelle aussi et on le voit encore, il fait r\u00eaver sur le circuit.\u202f\u00bb<\/strong><\/p>\n<p class=\"post-published-date\" style=\"color: silver; font-size: 75%; text-align: left;\">Publi\u00e9 le lundi 28 avril 2025 \u00e0 13:29<\/p>\n","protected":false},"excerpt":{"rendered":"Lors de sa grande inter\u00adview accord\u00e9e \u00e0 Eurosport, Stanislas Wawrinka a \u00e9voqu\u00e9 sa rela\u00adtion avec Ga\u00ebl Monfils, qui&hellip;\n","protected":false},"author":2,"featured_media":59319,"comment_status":"","ping_status":"","sticky":false,"template":"","format":"standard","meta":{"footnotes":""},"categories":[1586],"tags":[11,1777,674,1779,1011,27,3770,12,25,1754,1778,364],"class_list":{"0":"post-59318","1":"post","2":"type-post","3":"status-publish","4":"format-standard","5":"has-post-thumbnail","7":"category-europe","8":"tag-actualites","9":"tag-eu","10":"tag-europe","11":"tag-european-union","12":"tag-fr","13":"tag-france","14":"tag-monfils","15":"tag-news","16":"tag-republique-francaise","17":"tag-stan-wawrinka","18":"tag-ue","19":"tag-union-europeenne"},"share_on_mastodon":{"url":"https:\/\/pubeurope.com\/@fr\/114415797747117356","error":""},"_links":{"self":[{"href":"https:\/\/www.europesays.com\/fr\/wp-json\/wp\/v2\/posts\/59318","targetHints":{"allow":["GET"]}}],"collection":[{"href":"https:\/\/www.europesays.com\/fr\/wp-json\/wp\/v2\/posts"}],"about":[{"href":"https:\/\/www.europesays.com\/fr\/wp-json\/wp\/v2\/types\/post"}],"author":[{"embeddable":true,"href":"https:\/\/www.europesays.com\/fr\/wp-json\/wp\/v2\/users\/2"}],"replies":[{"embeddable":true,"href":"https:\/\/www.europesays.com\/fr\/wp-json\/wp\/v2\/comments?post=59318"}],"version-history":[{"count":0,"href":"https:\/\/www.europesays.com\/fr\/wp-json\/wp\/v2\/posts\/59318\/revisions"}],"wp:featuredmedia":[{"embeddable":true,"href":"https:\/\/www.europesays.com\/fr\/wp-json\/wp\/v2\/media\/59319"}],"wp:attachment":[{"href":"https:\/\/www.europesays.com\/fr\/wp-json\/wp\/v2\/media?parent=59318"}],"wp:term":[{"taxonomy":"category","embeddable":true,"href":"https:\/\/www.europesays.com\/fr\/wp-json\/wp\/v2\/categories?post=59318"},{"taxonomy":"post_tag","embeddable":true,"href":"https:\/\/www.europesays.com\/fr\/wp-json\/wp\/v2\/tags?post=59318"}],"curies":[{"name":"wp","href":"https:\/\/api.w.org\/{rel}","templated":true}]}}