{"id":593204,"date":"2025-12-11T16:56:12","date_gmt":"2025-12-11T16:56:12","guid":{"rendered":"https:\/\/www.europesays.com\/fr\/593204\/"},"modified":"2025-12-11T16:56:12","modified_gmt":"2025-12-11T16:56:12","slug":"un-nouveau-maire-elu-apres-laffaire-du-chantage-a-la-sextape","status":"publish","type":"post","link":"https:\/\/www.europesays.com\/fr\/593204\/","title":{"rendered":"un nouveau maire \u00e9lu apr\u00e8s l\u2019affaire du chantage \u00e0 la sextape"},"content":{"rendered":"<p>\n    Jean-Pierre Berger, \u00e2g\u00e9 de 83 ans, qui veut assurer \u00abla continuit\u00e9 du plan de mandat\u00bb, dirigera la Ville jusqu\u2019aux \u00e9lections de mars.<\/p>\n<p class=\"fig-paragraph\">Le premier adjoint \u00e0\u00a0<a href=\"http:\/\/www.lefigaro.fr\/lyon\/l-ex-mafieux-italien-arrete-en-2023-a-saint-etienne-decede-d-un-arret-cardiaque-en-prison-20251209\" target=\"_blank\" data-fig-type=\"NewsFlash\" rel=\"noopener\" data-gtm-custom-categorie=\"navigation\" data-gtm-custom-action=\"crossclick\" data-gtm-custom-label=\"Contextuel\" data-gtm-event=\"customEventSPE\" data-fig-domain=\"LEFIGARO\">Saint-\u00c9tienne<\/a>, Jean-Pierre Berger, a \u00e9t\u00e9 \u00e9lu maire jeudi 11 d\u00e9cembre pour remplacer\u00a0<a href=\"http:\/\/www.lefigaro.fr\/faits-divers\/prouver-mon-innocence-quelques-jours-apres-le-verdict-gael-perdriau-reagit-a-sa-condamnation-20251206\" target=\"_blank\" data-fig-type=\"NewsFlash\" rel=\"noopener\" data-gtm-custom-categorie=\"navigation\" data-gtm-custom-action=\"crossclick\" data-gtm-custom-label=\"Contextuel\" data-gtm-event=\"customEventSPE\" data-fig-domain=\"LEFIGARO\">Ga\u00ebl Perdriau<\/a>, condamn\u00e9 \u00e0 quatre ans de prison ferme et \u00e0 l&rsquo;in\u00e9ligibilit\u00e9 dans l&rsquo;affaire du\u00a0<a href=\"http:\/\/www.lefigaro.fr\/lyon\/chantage-a-la-sextape-le-maire-de-saint-etienne-condamne-a-quatre-ans-de-prison-ferme-et-cinq-ans-d-ineligibilite-20251201\" target=\"_blank\" data-fig-type=\"NewsFlash\" rel=\"noopener\" data-gtm-custom-categorie=\"navigation\" data-gtm-custom-action=\"crossclick\" data-gtm-custom-label=\"Contextuel\" data-gtm-event=\"customEventSPE\" data-fig-domain=\"LEFIGARO\">chantage \u00e0 la vid\u00e9o intime<\/a>. Le nouveau maire divers droite a \u00e9t\u00e9 d\u00e9sign\u00e9 lors d&rsquo;un conseil municipal extraordinaire avec 31 des 43 suffrages exprim\u00e9s. \u00c2g\u00e9 de 83 ans, celui qui veut assurer \u00abla continuit\u00e9 du plan de mandat\u00bb, dirigera la Ville jusqu&rsquo;aux \u00e9lections de mars.<\/p>\n<p class=\"fig-paragraph\">\u00c9galement candidate \u00e0 la fonction de maire, car \u00abnous ne pouvons soutenir ceux qui ont entra\u00een\u00e9 les St\u00e9phanois dans la difficult\u00e9\u00bb, Nicole Peycelon (LR) a r\u00e9uni 12 voix sur son nom, tandis que l&rsquo;opposition de gauche ne pr\u00e9sentait pas de candidat.<\/p>\n<p>                                            <a class=\"fig-a11y-skip\" href=\"#fig-a11y-skip-main-inarticle\" data-module=\"a11y-skip\" data-context=\"was @visible\"><br \/>\n    Passer la publicit\u00e9<br \/>\n<\/a>            <\/p>\n<p class=\"fig-paragraph\">Jean-Pierre Berger, qui a fait toute sa carri\u00e8re chez Casino, \u00e9tait adjoint de Ga\u00ebl Perdriau depuis son \u00e9lection en 2014. En mai 2022, il avait remplac\u00e9 l&rsquo;\u00e9lu centriste Gilles Artigues au poste de premier adjoint. Quelques mois plus tard, Mediapart r\u00e9v\u00e9lait que ce dernier avait \u00e9t\u00e9 film\u00e9 \u00e0 son insu en compagnie d&rsquo;un prostitu\u00e9, puis contraint \u00e0 mettre en sourdine ses ambitions, et ses d\u00e9saccords avec le maire.<\/p>\n<p>                                            Ga\u00ebl Perdriau condamn\u00e9 \u00e0 quatre ans de prison ferme<\/p>\n<p class=\"fig-paragraph\">Ga\u00ebl Perdriau, 53 ans, a toujours ni\u00e9 avoir particip\u00e9 \u00e0 ce pi\u00e8ge, que plusieurs membres de son entourage, dont son directeur de cabinet, ont reconnu avoir orchestr\u00e9. Clamant son innocence, il avait refus\u00e9 de quitter la mairie, malgr\u00e9 son exclusion du parti Les R\u00e9publicains, et son renvoi devant la justice. Ses d\u00e9n\u00e9gations n&rsquo;ont pas convaincu le tribunal correctionnel de Lyon qui, le 1er d\u00e9cembre, l&rsquo;a d\u00e9clar\u00e9 \u00abenti\u00e8rement coupable\u00bb et l&rsquo;a condamn\u00e9 \u00e0 quatre ans de prison ferme et cinq ans d&rsquo;in\u00e9ligibilit\u00e9, avec effet imm\u00e9diat pour les deux peines.<\/p>\n<p class=\"fig-paragraph\">Ga\u00ebl Perdriau, qui a fait appel, est convoqu\u00e9 mardi prochain pour savoir \u00e0 quelle date et o\u00f9 il sera incarc\u00e9r\u00e9. Deux de ses avocats, Ma\u00eetres Paul Mallet et Beno\u00eet Martinez, ont annonc\u00e9 qu&rsquo;ils feraient \u00abune demande de mise en libert\u00e9 le jour de son incarc\u00e9ration, car aucun des crit\u00e8res pouvant justifier son maintien en d\u00e9tention ne s&rsquo;applique\u00bb.<\/p>\n","protected":false},"excerpt":{"rendered":"Jean-Pierre Berger, \u00e2g\u00e9 de 83 ans, qui veut assurer \u00abla continuit\u00e9 du plan de mandat\u00bb, dirigera la Ville&hellip;\n","protected":false},"author":2,"featured_media":593205,"comment_status":"","ping_status":"","sticky":false,"template":"","format":"standard","meta":{"footnotes":""},"categories":[9653],"tags":[1111,11,2430,1777,674,1011,27,6793,12,25,4001,1747],"class_list":{"0":"post-593204","1":"post","2":"type-post","3":"status-publish","4":"format-standard","5":"has-post-thumbnail","7":"category-saint-etienne","8":"tag-actu","9":"tag-actualites","10":"tag-auvergne-rhone-alpes","11":"tag-eu","12":"tag-europe","13":"tag-fr","14":"tag-france","15":"tag-maires","16":"tag-news","17":"tag-republique-francaise","18":"tag-saint-etienne","19":"tag-scandale"},"share_on_mastodon":{"url":"https:\/\/pubeurope.com\/@fr\/115701991662819155","error":""},"_links":{"self":[{"href":"https:\/\/www.europesays.com\/fr\/wp-json\/wp\/v2\/posts\/593204","targetHints":{"allow":["GET"]}}],"collection":[{"href":"https:\/\/www.europesays.com\/fr\/wp-json\/wp\/v2\/posts"}],"about":[{"href":"https:\/\/www.europesays.com\/fr\/wp-json\/wp\/v2\/types\/post"}],"author":[{"embeddable":true,"href":"https:\/\/www.europesays.com\/fr\/wp-json\/wp\/v2\/users\/2"}],"replies":[{"embeddable":true,"href":"https:\/\/www.europesays.com\/fr\/wp-json\/wp\/v2\/comments?post=593204"}],"version-history":[{"count":0,"href":"https:\/\/www.europesays.com\/fr\/wp-json\/wp\/v2\/posts\/593204\/revisions"}],"wp:featuredmedia":[{"embeddable":true,"href":"https:\/\/www.europesays.com\/fr\/wp-json\/wp\/v2\/media\/593205"}],"wp:attachment":[{"href":"https:\/\/www.europesays.com\/fr\/wp-json\/wp\/v2\/media?parent=593204"}],"wp:term":[{"taxonomy":"category","embeddable":true,"href":"https:\/\/www.europesays.com\/fr\/wp-json\/wp\/v2\/categories?post=593204"},{"taxonomy":"post_tag","embeddable":true,"href":"https:\/\/www.europesays.com\/fr\/wp-json\/wp\/v2\/tags?post=593204"}],"curies":[{"name":"wp","href":"https:\/\/api.w.org\/{rel}","templated":true}]}}