{"id":593210,"date":"2025-12-11T16:59:13","date_gmt":"2025-12-11T16:59:13","guid":{"rendered":"https:\/\/www.europesays.com\/fr\/593210\/"},"modified":"2025-12-11T16:59:13","modified_gmt":"2025-12-11T16:59:13","slug":"suicide-dune-ado-harcelee-dans-son-lycee-de-toulon-le-rectorat-conteste-les-accusations-de","status":"publish","type":"post","link":"https:\/\/www.europesays.com\/fr\/593210\/","title":{"rendered":"Suicide d\u2019une ado harcel\u00e9e dans son lyc\u00e9e de Toulon\u00a0: le rectorat conteste les accusations de"},"content":{"rendered":"<p>Une adolescente de 16\u00a0ans s\u2019est donn\u00e9\u00a0la mort par pendaison dans le\u00a0lyc\u00e9e Dumont-d\u2019Urville de Toulon (Var) jeudi\u00a04\u00a0d\u00e9cembre 2025. Sa m\u00e8re, interrog\u00e9e par <a href=\"https:\/\/www.nicematin.com\/faits-divers\/apres-le-suicide-d-angele-au-lycee-dumont-d-urville-a-toulon-le-rectorat-s-exprime-10660368\" target=\"_blank\" rel=\"noopener\"> Nice-Matin <\/a>, a indiqu\u00e9 que sa fille \u00e9tait harcel\u00e9e depuis de nombreuses ann\u00e9es.\u00a0<strong>\u00ab\u00a0Depuis un mois et demi, plus personne ne lui parlait dans son lyc\u00e9e. Elle m\u2019appelait le soir en visio, me racontait \u00e0 quel point les journ\u00e9es \u00e9taient longues, qu\u2019elle passait son temps \u00e0 pleurer\u00a0\u00bb,<\/strong> a-t-elle t\u00e9moign\u00e9. Puis, des envies suicidaires sont apparues.<\/p>\n<p>Une banalisation du harc\u00e8lement<\/p>\n<p>Pour la m\u00e8re, la\u00a0<strong>\u00ab\u00a0responsabilit\u00e9 est collective\u00a0\u00bb.<\/strong>\u00a0Elle consid\u00e8re que les enseignants alert\u00e9s avaient d\u00e9cid\u00e9 de ne pas agir. <strong>\u00ab\u00a0La banalisation de ce type de <a href=\"https:\/\/www.ouest-france.fr\/leditiondusoir\/2025-11-05\/bousculades-likes-sur-les-reseaux-ou-commence-vraiment-le-harcelement-scolaire-7005d8bf-f42e-4924-99d5-6cf6527e0041\" target=\"_blank\" rel=\"noopener\">harc\u00e8lement,<\/a> de l\u2019effet de meute, de sa souffrance parfois d\u00e9nigr\u00e9e par le syst\u00e8me scolaire doit cesser\u00a0\u00bb,<\/strong> a-t-elle d\u00e9clar\u00e9 affirmant ne pas avoir l\u2019intention de d\u00e9poser plainte. Sa fille n\u2019a pas laiss\u00e9 de lettre pour expliquer son geste.<\/p>\n<p>Apr\u00e8s la diffusion\u00a0de ce t\u00e9moignage, le rectorat a envoy\u00e9 un communiqu\u00e9 de presse \u00e0 <a href=\"https:\/\/www.nicematin.com\/faits-divers\/apres-le-suicide-d-angele-au-lycee-dumont-d-urville-a-toulon-le-rectorat-s-exprime-10660368\" target=\"_blank\" rel=\"noopener\"> Nice-Matin <\/a>\u00a0pour r\u00e9agir. La lyc\u00e9enne\u00a0<strong>\u00ab\u00a0souffrait d\u2019un profond mal-\u00eatre, qui donnait lieu \u00e0 une prise en charge m\u00e9dicale ext\u00e9rieure \u00e0 l\u2019\u00e9tablissement\u00a0\u00bb, <\/strong>a-t-il \u00e9crit dans le texte cit\u00e9 par nos confr\u00e8res. Selon lui, les <strong>\u00ab\u00a0\u00e9quipes \u00e9ducatives \u00e9taient pleinement mobilis\u00e9es\u00a0\u00bb<\/strong> tout comme des <strong>\u00ab\u00a0professionnels de sant\u00e9\u00a0\u00bb<\/strong> dans le cadre d\u2019un <strong>\u00ab\u00a0protocole m\u00e9dical \u00e9tabli\u00a0\u00bb.<\/strong>\u00a0Il estime que cette souffrance n\u2019\u00e9tait pas uniquement en lien avec\u00a0sa <strong>\u00ab\u00a0situation scolaire\u00a0\u00bb. <\/strong>\u00a0Une enqu\u00eate judiciaire a \u00e9t\u00e9 ouverte.\u00a0<\/p>\n<p>\u00a0<\/p>\n","protected":false},"excerpt":{"rendered":"Une adolescente de 16\u00a0ans s\u2019est donn\u00e9\u00a0la mort par pendaison dans le\u00a0lyc\u00e9e Dumont-d\u2019Urville de Toulon (Var) jeudi\u00a04\u00a0d\u00e9cembre 2025. Sa&hellip;\n","protected":false},"author":2,"featured_media":593211,"comment_status":"","ping_status":"","sticky":false,"template":"","format":"standard","meta":{"footnotes":""},"categories":[9619],"tags":[11109,1111,11,7366,13188,1777,674,1011,27,10623,70614,2633,5875,12,882,36972,25,3213,5748,2310,10624],"class_list":{"0":"post-593210","1":"post","2":"type-post","3":"status-publish","4":"format-standard","5":"has-post-thumbnail","7":"category-toulon","8":"tag-accusations","9":"tag-actu","10":"tag-actualites","11":"tag-ado","12":"tag-conteste","13":"tag-eu","14":"tag-europe","15":"tag-fr","16":"tag-france","17":"tag-golfe","18":"tag-harcelee","19":"tag-lycee","20":"tag-mere","21":"tag-news","22":"tag-provence-alpes-cote-dazur","23":"tag-rectorat","24":"tag-republique-francaise","25":"tag-saint","26":"tag-suicide","27":"tag-toulon","28":"tag-tropez"},"share_on_mastodon":{"url":"https:\/\/pubeurope.com\/@fr\/115702005062411994","error":""},"_links":{"self":[{"href":"https:\/\/www.europesays.com\/fr\/wp-json\/wp\/v2\/posts\/593210","targetHints":{"allow":["GET"]}}],"collection":[{"href":"https:\/\/www.europesays.com\/fr\/wp-json\/wp\/v2\/posts"}],"about":[{"href":"https:\/\/www.europesays.com\/fr\/wp-json\/wp\/v2\/types\/post"}],"author":[{"embeddable":true,"href":"https:\/\/www.europesays.com\/fr\/wp-json\/wp\/v2\/users\/2"}],"replies":[{"embeddable":true,"href":"https:\/\/www.europesays.com\/fr\/wp-json\/wp\/v2\/comments?post=593210"}],"version-history":[{"count":0,"href":"https:\/\/www.europesays.com\/fr\/wp-json\/wp\/v2\/posts\/593210\/revisions"}],"wp:featuredmedia":[{"embeddable":true,"href":"https:\/\/www.europesays.com\/fr\/wp-json\/wp\/v2\/media\/593211"}],"wp:attachment":[{"href":"https:\/\/www.europesays.com\/fr\/wp-json\/wp\/v2\/media?parent=593210"}],"wp:term":[{"taxonomy":"category","embeddable":true,"href":"https:\/\/www.europesays.com\/fr\/wp-json\/wp\/v2\/categories?post=593210"},{"taxonomy":"post_tag","embeddable":true,"href":"https:\/\/www.europesays.com\/fr\/wp-json\/wp\/v2\/tags?post=593210"}],"curies":[{"name":"wp","href":"https:\/\/api.w.org\/{rel}","templated":true}]}}