{"id":593216,"date":"2025-12-11T17:03:13","date_gmt":"2025-12-11T17:03:13","guid":{"rendered":"https:\/\/www.europesays.com\/fr\/593216\/"},"modified":"2025-12-11T17:03:13","modified_gmt":"2025-12-11T17:03:13","slug":"cette-ligne-va-faire-son-grand-retour-cet-ete","status":"publish","type":"post","link":"https:\/\/www.europesays.com\/fr\/593216\/","title":{"rendered":"Cette ligne va faire son grand retour cet \u00e9t\u00e9"},"content":{"rendered":"<p> <strong>De mai \u00e0 Septembre<\/strong><\/p>\n<p style=\"text-align: justify;\">\u00a0<\/p>\n<p style=\"text-align: justify;\">Au programme : une connexion directe vers l\u2019Irlande <strong>d\u00e8s le 19 mai et jusqu\u2019au 12 septembre 2026<\/strong>, avec deux vols par semaine, <strong>les mardis et samedis<\/strong>, op\u00e9r\u00e9s en Airbus A320 de 174 si\u00e8ges.<\/p>\n<p style=\"text-align: justify;\">Les horaires en d\u00e9tails :\u00a0<\/p>\n<ul style=\"text-align: justify;\">\n<li><strong>Montpellier &#8211; Dublin : <\/strong>D\u00e9part 16h05, Arriv\u00e9e 17h35; Mardi et Samedi<\/li>\n<li><strong>Dublin &#8211; Montpellier : <\/strong>D\u00e9part 12h05, Arriv\u00e9e 15h25; Mardi et Samedi<\/li>\n<\/ul>\n<p style=\"text-align: justify;\">Un petit air de d\u00e9j\u00e0-vu ? Normal : Aer Lingus avait d\u00e9j\u00e0 reli\u00e9 Montpellier \u00e0 Dublin jusqu\u2019en 2019. Son retour marque donc une belle continuit\u00e9\u2026 et une opportunit\u00e9 pour tous ceux qui r\u00eavent <strong>de boire une mousse au temple bar ou de randonner sur les c\u00f4tes irlandaises.<\/strong><\/p>\n<p style=\"text-align: justify;\">Renseignements et r\u00e9servations sur <a href=\"https:\/\/www.aerlingus.com\" rel=\"noopener\" target=\"_blank\">www.aerlingus.com <\/a>ou <a href=\"http:\/\/www.montpellier.aeroport.fr\" rel=\"noopener\" target=\"_blank\">www.montpellier.aeroport.fr<\/a><\/p>\n<p style=\"text-align: justify;\">\u00a0<\/p>\n<p><strong>Un vol\u2026 et bien plus : l\u2019Am\u00e9rique \u00e0 port\u00e9e d\u2019escale<\/strong><\/p>\n<p style=\"text-align: justify;\">\u00a0<\/p>\n<p style=\"text-align: justify;\">L\u2019ouverture de cette ligne, c\u2019est aussi une porte d\u2019entr\u00e9e maligne vers les \u00c9tats-Unis. Gr\u00e2ce au hub de Dublin, Aer Lingus proposera des correspondances fluides vers New York et Boston.\u00a0<\/p>\n<p style=\"text-align: justify;\">Mais le vrai bonus, c\u2019est <strong>le U.S. pre-clearance<\/strong>, un dispositif unique en Europe : on passe les formalit\u00e9s am\u00e9ricaines directement \u00e0 l\u2019a\u00e9roport de Dublin, avant de d\u00e9coller. R\u00e9sultat : \u00e0 l\u2019arriv\u00e9e,<strong> plus de longues files d\u2019attente, on r\u00e9cup\u00e8re simplement ses bagages et c\u2019est parti.<\/strong> Un gain de temps loin d\u2019\u00eatre n\u00e9gligeable.<\/p>\n","protected":false},"excerpt":{"rendered":"De mai \u00e0 Septembre \u00a0 Au programme : une connexion directe vers l\u2019Irlande d\u00e8s le 19 mai et&hellip;\n","protected":false},"author":2,"featured_media":593217,"comment_status":"","ping_status":"","sticky":false,"template":"","format":"standard","meta":{"footnotes":""},"categories":[9599],"tags":[1111,11,70615,16893,60756,667,70619,70624,17449,70626,1777,674,70621,1011,27,70622,70618,23934,2208,12,70617,2680,25,70625,70616,70623,70620,23935,8692],"class_list":{"0":"post-593216","1":"post","2":"type-post","3":"status-publish","4":"format-standard","5":"has-post-thumbnail","7":"category-montpellier","8":"tag-actu","9":"tag-actualites","10":"tag-aer-lingus","11":"tag-aeroport-montpellier","12":"tag-airbus-a320","13":"tag-boston","14":"tag-correspondances-new-york","15":"tag-cotes-irlandaises","16":"tag-dublin","17":"tag-escale-etats-unis","18":"tag-eu","19":"tag-europe","20":"tag-formalites-americaines","21":"tag-fr","22":"tag-france","23":"tag-gain-de-temps","24":"tag-hub-dublin","25":"tag-ligne-aerienne","26":"tag-montpellier","27":"tag-news","28":"tag-nouvelle-ligne","29":"tag-occitanie","30":"tag-republique-francaise","31":"tag-reservations-vol","32":"tag-saison-estivale-2026","33":"tag-temple-bar","34":"tag-u-s-pre-clearance","35":"tag-vol-direct","36":"tag-voyageurs"},"share_on_mastodon":{"url":"https:\/\/pubeurope.com\/@fr\/115702019148620676","error":""},"_links":{"self":[{"href":"https:\/\/www.europesays.com\/fr\/wp-json\/wp\/v2\/posts\/593216","targetHints":{"allow":["GET"]}}],"collection":[{"href":"https:\/\/www.europesays.com\/fr\/wp-json\/wp\/v2\/posts"}],"about":[{"href":"https:\/\/www.europesays.com\/fr\/wp-json\/wp\/v2\/types\/post"}],"author":[{"embeddable":true,"href":"https:\/\/www.europesays.com\/fr\/wp-json\/wp\/v2\/users\/2"}],"replies":[{"embeddable":true,"href":"https:\/\/www.europesays.com\/fr\/wp-json\/wp\/v2\/comments?post=593216"}],"version-history":[{"count":0,"href":"https:\/\/www.europesays.com\/fr\/wp-json\/wp\/v2\/posts\/593216\/revisions"}],"wp:featuredmedia":[{"embeddable":true,"href":"https:\/\/www.europesays.com\/fr\/wp-json\/wp\/v2\/media\/593217"}],"wp:attachment":[{"href":"https:\/\/www.europesays.com\/fr\/wp-json\/wp\/v2\/media?parent=593216"}],"wp:term":[{"taxonomy":"category","embeddable":true,"href":"https:\/\/www.europesays.com\/fr\/wp-json\/wp\/v2\/categories?post=593216"},{"taxonomy":"post_tag","embeddable":true,"href":"https:\/\/www.europesays.com\/fr\/wp-json\/wp\/v2\/tags?post=593216"}],"curies":[{"name":"wp","href":"https:\/\/api.w.org\/{rel}","templated":true}]}}