{"id":593229,"date":"2025-12-11T17:12:20","date_gmt":"2025-12-11T17:12:20","guid":{"rendered":"https:\/\/www.europesays.com\/fr\/593229\/"},"modified":"2025-12-11T17:12:20","modified_gmt":"2025-12-11T17:12:20","slug":"strasbourg-cinq-boutiques-ephemeres-pour-glisser-lalsace-sous-le-sapin","status":"publish","type":"post","link":"https:\/\/www.europesays.com\/fr\/593229\/","title":{"rendered":"Strasbourg. Cinq boutiques \u00e9ph\u00e9m\u00e8res pour glisser l\u2019Alsace sous le sapin"},"content":{"rendered":"<p><strong>DEUX FOIS PLUS D\u2019OZ A L\u2019AUBETTE.<\/strong> La Fr\u00e9maa (F\u00e9d\u00e9ration r\u00e9gionale des m\u00e9tiers d\u2019arts d\u2019Alsace) investit non pas un, mais deux espaces, cette ann\u00e9e \u00e0 l\u2019Aubette\u00a0! Outre la (superbe) boutique \u00e9ph\u00e9m\u00e8re des artisans d\u2019art install\u00e9e jusqu\u2019au 3\u00a0janvier au rez-de-chauss\u00e9e <a href=\"https:\/\/www.dna.fr\/economie\/2025\/10\/17\/boutique-des-artisans-d-art-a-l-aubette-et-si-elle-s-installait-pour-de-bon\" target=\"_blank\" rel=\"noopener\">\u2013 et destin\u00e9e \u00e0 tester la possibilit\u00e9 d\u2019une boutique p\u00e9renne \u00e0 moyen terme \u2013<\/a> , l\u2019expo-vente OZ s\u2019installe d\u00e8s ce vendredi \u00e0 l\u2019\u00e9tage. Agrandie, pens\u00e9e \u00ab\u00a0en synergie\u00a0\u00bb avec ce premier espace, cette 15e \u00e9dition accueille du 12 au 22\u00a0d\u00e9cembre une trentaine d\u2019artisans d\u2019art et autant de savoir-faire d\u2019exception.<\/p>\n<p>Ils et (surtout) elles sont c\u00e9ramistes, \u00e9b\u00e9nistes, bijoutiers, souffleurs de verre, plumassi\u00e8re, orf\u00e8vres, cr\u00e9ateurs textiles, maroquiniers, s\u00e9rigraphes\u2026 Tous proposent des cr\u00e9ations uniques ou en petites s\u00e9ries. Au 4, rue de la Haute-Mont\u00e9e, la boutique est ouverte du lundi au samedi (et les dimanches de l\u2019avent) de 10\u00a0h \u00e0 19\u00a0h\u00a0; l\u2019expo-vente \u00e0 l\u2019\u00e9tage l\u2019est de 11\u00a0h \u00e0 19\u00a0h, jusqu\u2019au 22\u00a0d\u00e9cembre.<\/p>\n<p>Trente-cinq cr\u00e9ateurs chez&#8230;                        <\/p>\n","protected":false},"excerpt":{"rendered":"DEUX FOIS PLUS D\u2019OZ A L\u2019AUBETTE. La Fr\u00e9maa (F\u00e9d\u00e9ration r\u00e9gionale des m\u00e9tiers d\u2019arts d\u2019Alsace) investit non pas un,&hellip;\n","protected":false},"author":2,"featured_media":593230,"comment_status":"","ping_status":"","sticky":false,"template":"","format":"standard","meta":{"footnotes":""},"categories":[2820],"tags":[1111,11,1477,4406,130,33,2880,1777,674,107,1011,27,775,12,25,640,2879,216],"class_list":{"0":"post-593229","1":"post","2":"type-post","3":"status-publish","4":"format-standard","5":"has-post-thumbnail","7":"category-strasbourg","8":"tag-actu","9":"tag-actualites","10":"tag-artisanat","11":"tag-commerce-et-services","12":"tag-consommation","13":"tag-economie","14":"tag-edition-strasbourg","15":"tag-eu","16":"tag-europe","17":"tag-fil-info","18":"tag-fr","19":"tag-france","20":"tag-grand-est","21":"tag-news","22":"tag-republique-francaise","23":"tag-strasbourg","24":"tag-strasbourg-ville","25":"tag-vie-des-entreprises"},"share_on_mastodon":{"url":"https:\/\/pubeurope.com\/@fr\/115702054572257825","error":""},"_links":{"self":[{"href":"https:\/\/www.europesays.com\/fr\/wp-json\/wp\/v2\/posts\/593229","targetHints":{"allow":["GET"]}}],"collection":[{"href":"https:\/\/www.europesays.com\/fr\/wp-json\/wp\/v2\/posts"}],"about":[{"href":"https:\/\/www.europesays.com\/fr\/wp-json\/wp\/v2\/types\/post"}],"author":[{"embeddable":true,"href":"https:\/\/www.europesays.com\/fr\/wp-json\/wp\/v2\/users\/2"}],"replies":[{"embeddable":true,"href":"https:\/\/www.europesays.com\/fr\/wp-json\/wp\/v2\/comments?post=593229"}],"version-history":[{"count":0,"href":"https:\/\/www.europesays.com\/fr\/wp-json\/wp\/v2\/posts\/593229\/revisions"}],"wp:featuredmedia":[{"embeddable":true,"href":"https:\/\/www.europesays.com\/fr\/wp-json\/wp\/v2\/media\/593230"}],"wp:attachment":[{"href":"https:\/\/www.europesays.com\/fr\/wp-json\/wp\/v2\/media?parent=593229"}],"wp:term":[{"taxonomy":"category","embeddable":true,"href":"https:\/\/www.europesays.com\/fr\/wp-json\/wp\/v2\/categories?post=593229"},{"taxonomy":"post_tag","embeddable":true,"href":"https:\/\/www.europesays.com\/fr\/wp-json\/wp\/v2\/tags?post=593229"}],"curies":[{"name":"wp","href":"https:\/\/api.w.org\/{rel}","templated":true}]}}