{"id":593246,"date":"2025-12-11T17:21:14","date_gmt":"2025-12-11T17:21:14","guid":{"rendered":"https:\/\/www.europesays.com\/fr\/593246\/"},"modified":"2025-12-11T17:21:14","modified_gmt":"2025-12-11T17:21:14","slug":"accident-mortel-du-metro-de-toulouse-reprise-du-chantier-de-la-ligne-c","status":"publish","type":"post","link":"https:\/\/www.europesays.com\/fr\/593246\/","title":{"rendered":"Accident mortel du m\u00e9tro de Toulouse\u00a0: reprise du chantier de la ligne C"},"content":{"rendered":"<p>\n                                                                    l&rsquo;essentiel<br \/>\n                                                                Deux jours apr\u00e8s l\u2019accident qui a co\u00fbt\u00e9 la vie \u00e0 un ouvrier, le chantier de la 3e ligne de m\u00e9tro a repris ce jeudi \u00e0 Bonnefoy.\n                            <\/p>\n<p>Dans un contexte difficile, les ouvriers qui travaillent dans la future station de m\u00e9tro Bonnefoy, o\u00f9 l\u2019un d\u2019entre eux est mort accidentellement mardi apr\u00e8s-midi, ont repris le travail ce jeudi. Cette station est la plus avanc\u00e9e de toutes celles qui jalonnent la ligne C en construction. Apr\u00e8s le gros \u0153uvre, les compagnons du groupement Demathieu Bard et Implenia s\u2019attaquent \u00e0 l\u2019am\u00e9nagement de l\u2019infrastructure. La ligne C doit \u00eatre mise en service fin 2028.<\/p>\n<p>Le tunnelier charg\u00e9 de creuser cette section de pr\u00e8s de 4\u00a0km entre Le Raisin et le puits de secours Saint-Sauveur, apr\u00e8s Fran\u00e7ois-Verdier, reprend, lui, sa course progressivement. Il se trouve aujourd\u2019hui sous le quartier Saint-Aubin o\u00f9 un puits de secours a \u00e9galement \u00e9t\u00e9 creus\u00e9 pr\u00e8s de la rue de la Colombette.<\/p>\n<p>Une chute du train<\/p>\n<p>L\u2019accident est survenu mardi vers 15\u00a0h\u00a045 \u00e0 la station Bonnefoy. L\u2019ouvrier d\u00e9c\u00e9d\u00e9, un int\u00e9rimaire \u00e2g\u00e9 de 46 ans, domicili\u00e9 \u00e0 Toulouse, a chut\u00e9 du train qui transporte le mat\u00e9riel n\u00e9cessaire au tunnelier. \u00c9cras\u00e9 par ce train, il est mort sur le coup.<\/p>\n<p>L\u2019enqu\u00eate confi\u00e9e \u00e0 la police et \u00e0 l\u2019Inspection du travail doit d\u00e9terminer les raisons de la pr\u00e9sence de cet ouvrier sur le train, une pr\u00e9sence qui, semble-t-il, n\u2019allait pas de soi. Les investigations se poursuivent dans le cadre d\u2019une enqu\u00eate pr\u00e9liminaire pour homicide involontaire, a pr\u00e9cis\u00e9 le parquet de Toulouse. La victime devait notamment \u00eatre autopsi\u00e9e et tous les ouvriers pr\u00e9sents entendus.<\/p>\n","protected":false},"excerpt":{"rendered":"l&rsquo;essentiel Deux jours apr\u00e8s l\u2019accident qui a co\u00fbt\u00e9 la vie \u00e0 un ouvrier, le chantier de la 3e&hellip;\n","protected":false},"author":2,"featured_media":593247,"comment_status":"","ping_status":"","sticky":false,"template":"","format":"standard","meta":{"footnotes":""},"categories":[2816],"tags":[1111,11,7048,68902,1777,674,1011,27,329,2722,12,2680,25,69497,2312,2221,69498],"class_list":{"0":"post-593246","1":"post","2":"type-post","3":"status-publish","4":"format-standard","5":"has-post-thumbnail","7":"category-toulouse","8":"tag-actu","9":"tag-actualites","10":"tag-bus","11":"tag-circulation-du00e9placements","12":"tag-eu","13":"tag-europe","14":"tag-fr","15":"tag-france","16":"tag-france-monde","17":"tag-haute-garonne","18":"tag-news","19":"tag-occitanie","20":"tag-republique-francaise","21":"tag-tissu00e9o-mu00e9tro","22":"tag-toulouse","23":"tag-tram","24":"tag-transport-u00e0-toulouse"},"share_on_mastodon":{"url":"https:\/\/pubeurope.com\/@fr\/115702089957903882","error":""},"_links":{"self":[{"href":"https:\/\/www.europesays.com\/fr\/wp-json\/wp\/v2\/posts\/593246","targetHints":{"allow":["GET"]}}],"collection":[{"href":"https:\/\/www.europesays.com\/fr\/wp-json\/wp\/v2\/posts"}],"about":[{"href":"https:\/\/www.europesays.com\/fr\/wp-json\/wp\/v2\/types\/post"}],"author":[{"embeddable":true,"href":"https:\/\/www.europesays.com\/fr\/wp-json\/wp\/v2\/users\/2"}],"replies":[{"embeddable":true,"href":"https:\/\/www.europesays.com\/fr\/wp-json\/wp\/v2\/comments?post=593246"}],"version-history":[{"count":0,"href":"https:\/\/www.europesays.com\/fr\/wp-json\/wp\/v2\/posts\/593246\/revisions"}],"wp:featuredmedia":[{"embeddable":true,"href":"https:\/\/www.europesays.com\/fr\/wp-json\/wp\/v2\/media\/593247"}],"wp:attachment":[{"href":"https:\/\/www.europesays.com\/fr\/wp-json\/wp\/v2\/media?parent=593246"}],"wp:term":[{"taxonomy":"category","embeddable":true,"href":"https:\/\/www.europesays.com\/fr\/wp-json\/wp\/v2\/categories?post=593246"},{"taxonomy":"post_tag","embeddable":true,"href":"https:\/\/www.europesays.com\/fr\/wp-json\/wp\/v2\/tags?post=593246"}],"curies":[{"name":"wp","href":"https:\/\/api.w.org\/{rel}","templated":true}]}}