{"id":593260,"date":"2025-12-11T17:30:21","date_gmt":"2025-12-11T17:30:21","guid":{"rendered":"https:\/\/www.europesays.com\/fr\/593260\/"},"modified":"2025-12-11T17:30:21","modified_gmt":"2025-12-11T17:30:21","slug":"le-couple-obtient-la-condamnation-de-la-ville-de-paris","status":"publish","type":"post","link":"https:\/\/www.europesays.com\/fr\/593260\/","title":{"rendered":"le couple obtient la condamnation de la Ville de Paris"},"content":{"rendered":"<p>                    Par<br \/>\n        <strong><br \/>\n            <a href=\"https:\/\/actu.fr\/auteur\/julie-bossart-actu-fr\" title=\"Consulter tous les articles de Julie Bossart\" target=\"_blank\" rel=\"noopener\">Julie Bossart<\/a><br \/>\n                    <\/strong><\/p>\n<p>        Publi\u00e9 le<\/p>\n<p>            11 d\u00e9c. 2025 \u00e0 18h23        <\/p>\n<p>Apr\u00e8s des ann\u00e9es de conflit avec la <a href=\"https:\/\/actu.fr\/tag\/mairie-de-paris\" target=\"_blank\" rel=\"noopener\">Ville de Paris<\/a>, ils viennent d\u2019obtenir gain de cause. Propri\u00e9taire depuis des lustres d\u2019une maison avec jardin situ\u00e9e rue des Martyrs (9e), ce couple a vu son quotidien boulevers\u00e9 \u00e0 partir de septembre\u00a02006, lorsque d\u2019importants travaux ont \u00e9t\u00e9 entrepris \u00e0 proximit\u00e9 imm\u00e9diate pour la construction de l\u2019<a href=\"https:\/\/actu.fr\/tag\/ecoles\" target=\"_blank\" rel=\"noopener\">\u00e9cole<\/a> \u00e9l\u00e9mentaire de la Tour d\u2019Auvergne.<br \/>Si le bruit du chantier, qui a inclus notamment la d\u00e9molition des b\u00e2timents attenants \u00e0 leur propri\u00e9t\u00e9, a fini par se taire, d\u2019autres nuisances lui ont empoisonn\u00e9 la vie lorsque l\u2019\u00e9tablissement, qui comprend six classes, a ouvert en septembre\u00a02010.<\/p>\n<p>Une isolation acoustique recommand\u00e9e par un expert<\/p>\n<p class=\" wall-content\">Dans un<a href=\"https:\/\/www.legifrance.gouv.fr\/ceta\/id\/CETATEXT000050767194\" target=\"_blank\" rel=\"noopener\"> arr\u00ea<\/a>t en date du 10\u00a0d\u00e9cembre 2025, la <a href=\"https:\/\/actu.fr\/tag\/tribunal-administratif-de-paris\" target=\"_blank\" rel=\"noopener\">cour d\u2019appel de Paris<\/a> rappelle en effet les diff\u00e9rentes actions intent\u00e9es par la suite par le couple pour obtenir de la Ville de Paris r\u00e9paration des troubles de jouissance qu\u2019ils ont subis. D\u2019une part des travaux, d\u2019autre part, des nuisances sonores lors des r\u00e9cr\u00e9ations dans la cour de l\u2019\u00e9cole mitoyenne de leur propri\u00e9t\u00e9. Les deux requ\u00e9rants ont \u00e9galement exig\u00e9 de la Ville que les travaux pr\u00e9conis\u00e9s par un expert, en l\u2019occurrence l\u2019\u00e9dification d\u2019un mur de s\u00e9paration, afin d\u2019att\u00e9nuer les nuisances sonores caus\u00e9es par le fonctionnement de l\u2019\u00e9cole soient effectu\u00e9s. Mais aussi qu\u2019elle prenne en charge le paiement de ces travaux d\u2019isolation acoustique et de ventilation de leur maison.<\/p>\n<p class=\" wall-content\">En juin\u00a02023, le tribunal administratif de Paris a acc\u00e9d\u00e9 aux demandes du couple et condamn\u00e9 la Ville. Cette derni\u00e8re a fait appel, contestant diff\u00e9rents points. Elle soutenait, par exemple, que le pr\u00e9judice invoqu\u00e9 par les requ\u00e9rants au titre des nuisances sonores apr\u00e8s la r\u00e9alisation des travaux de construction de l\u2019\u00e9cole \u00e9tant li\u00e9 au fonctionnement normal de l\u2019ouvrage, il ne pouvait lui \u00eatre reproch\u00e9 une abstention fautive\u2009; mais encore que le co\u00fbt des travaux \u00e0 r\u00e9aliser pour att\u00e9nuer les nuisances sonores est disproportionn\u00e9 au regard du pr\u00e9judice subi.<\/p>\n<p class=\" wall-content\">Les juges de la cour d\u2019appel ont toutefois enjoint la Ville de Paris de prendre les mesures de nature \u00e0 rem\u00e9dier aux cons\u00e9quences de la hauteur insuffisante du mur s\u00e9parant le jardin des requ\u00e9rants et la cour de r\u00e9cr\u00e9ation de la Tour d\u2019Auvergne. En l\u2019occurrence via la pose d\u2019un \u00e9cran verrier ou toutes modalit\u00e9s permettant d\u2019obtenir un r\u00e9sultat \u00e9quivalent, et ce, dans un d\u00e9lai de six mois \u00e0 compter de la notification de l\u2019arr\u00eat. Ils ont aussi condamn\u00e9 la Ville \u00e0 verser 11\u2009000\u00a0euros au couple.<\/p>\n<p>Un \u00e9pilogue<\/p>\n<p class=\" wall-content\">L\u2019affaire aurait pu s\u2019arr\u00eater l\u00e0, mais elle a connu un \u00e9pilogue. \u00c0 la suite de l\u2019arr\u00eat de la cour d\u2019appel, la Direction des affaires scolaires (Dasco) de la Ville de Paris a programm\u00e9 le rehaussement du mur s\u00e9paratif, dont les \u00e9tudes pr\u00e9alables pr\u00e9voyaient une r\u00e9alisation \u00e0 l\u2019\u00e9t\u00e9 2026. Or, les propri\u00e9taires ont exprim\u00e9 le souhait d\u2019une intervention plus rapide, apprend-on dans un projet de d\u00e9lib\u00e9ration pr\u00e9sent\u00e9 en amont du <a href=\"https:\/\/actu.fr\/tag\/conseil-de-paris\" target=\"_blank\" rel=\"noopener\">Conseil de Paris<\/a> (16 au 19\u00a0d\u00e9cembre).<\/p>\n<p class=\" wall-content\">Apr\u00e8s \u00e9changes techniques et visite dans la propri\u00e9t\u00e9 du couple, il a ainsi \u00e9t\u00e9 convenu d\u2019opter pour une solution alternative et moins co\u00fbteuse, consistant en la pose d\u2019un \u00e9cran antibruit install\u00e9 exclusivement dans l\u2019emprise de leur propri\u00e9t\u00e9. Le couple assurera la ma\u00eetrise d\u2019ouvrage, la r\u00e9alisation et l\u2019entretien de cette installation. Conform\u00e9ment aux engagements pris, et afin de permettre l\u2019ex\u00e9cution rapide de l\u2019arr\u00eat de la cour, la Ville participera au financement des travaux \u00e0 hauteur maximale de 17\u2009140 euros, vers\u00e9s aux propri\u00e9taires. La d\u00e9pense sera imput\u00e9e au budget de fonctionnement de la Ville de Paris de l\u2019exercice 2026.<\/p>\n<p class=\" wall-content\">Personnalisez votre actualit\u00e9 en ajoutant vos villes et m\u00e9dias en favori avec <a href=\"https:\/\/moncompte.actu.fr\" title=\"D\u00e9couvez Mon Actu\" rel=\"nofollow noopener\" data-trk=\"{&quot;cta&quot;:{&quot;action&quot;:&quot;https:\\\/\\\/moncompte.actu.fr&quot;,&quot;category&quot;:&quot;mon compte&quot;,&quot;from&quot;:&quot;article footer&quot;,&quot;name&quot;:&quot;Mon actu&quot;,&quot;type&quot;:&quot;cta&quot;}}\" target=\"_blank\">Mon Actu<\/a>.<\/p>\n","protected":false},"excerpt":{"rendered":"Par Julie Bossart Publi\u00e9 le 11 d\u00e9c. 2025 \u00e0 18h23 Apr\u00e8s des ann\u00e9es de conflit avec la Ville&hellip;\n","protected":false},"author":2,"featured_media":593261,"comment_status":"","ping_status":"","sticky":false,"template":"","format":"standard","meta":{"footnotes":""},"categories":[1888],"tags":[1111,1928,11,1927,4019,1777,674,118,1011,27,303,2381,12,1926,626,1925,25],"class_list":{"0":"post-593260","1":"post","2":"type-post","3":"status-publish","4":"format-standard","5":"has-post-thumbnail","7":"category-paris","8":"tag-actu","9":"tag-actu-paris","10":"tag-actualites","11":"tag-actualites-paris","12":"tag-ecoles","13":"tag-eu","14":"tag-europe","15":"tag-faits-divers","16":"tag-fr","17":"tag-france","18":"tag-justice","19":"tag-mairie-de-paris","20":"tag-news","21":"tag-news-paris","22":"tag-paris","23":"tag-paris-news","24":"tag-republique-francaise"},"share_on_mastodon":{"url":"https:\/\/pubeurope.com\/@fr\/115702125199524499","error":""},"_links":{"self":[{"href":"https:\/\/www.europesays.com\/fr\/wp-json\/wp\/v2\/posts\/593260","targetHints":{"allow":["GET"]}}],"collection":[{"href":"https:\/\/www.europesays.com\/fr\/wp-json\/wp\/v2\/posts"}],"about":[{"href":"https:\/\/www.europesays.com\/fr\/wp-json\/wp\/v2\/types\/post"}],"author":[{"embeddable":true,"href":"https:\/\/www.europesays.com\/fr\/wp-json\/wp\/v2\/users\/2"}],"replies":[{"embeddable":true,"href":"https:\/\/www.europesays.com\/fr\/wp-json\/wp\/v2\/comments?post=593260"}],"version-history":[{"count":0,"href":"https:\/\/www.europesays.com\/fr\/wp-json\/wp\/v2\/posts\/593260\/revisions"}],"wp:featuredmedia":[{"embeddable":true,"href":"https:\/\/www.europesays.com\/fr\/wp-json\/wp\/v2\/media\/593261"}],"wp:attachment":[{"href":"https:\/\/www.europesays.com\/fr\/wp-json\/wp\/v2\/media?parent=593260"}],"wp:term":[{"taxonomy":"category","embeddable":true,"href":"https:\/\/www.europesays.com\/fr\/wp-json\/wp\/v2\/categories?post=593260"},{"taxonomy":"post_tag","embeddable":true,"href":"https:\/\/www.europesays.com\/fr\/wp-json\/wp\/v2\/tags?post=593260"}],"curies":[{"name":"wp","href":"https:\/\/api.w.org\/{rel}","templated":true}]}}