{"id":593272,"date":"2025-12-11T17:37:18","date_gmt":"2025-12-11T17:37:18","guid":{"rendered":"https:\/\/www.europesays.com\/fr\/593272\/"},"modified":"2025-12-11T17:37:18","modified_gmt":"2025-12-11T17:37:18","slug":"dans-un-contexte-tendu-entre-les-usa-et-le-venezuela-poutine-apporte-son-soutien-au-president-maduro","status":"publish","type":"post","link":"https:\/\/www.europesays.com\/fr\/593272\/","title":{"rendered":"Dans un contexte tendu entre les USA et le Venezuela, Poutine apporte son \u00ab\u00a0soutien\u00a0\u00bb au pr\u00e9sident Maduro"},"content":{"rendered":"<p class=\"ap-StoryElement ap-StoryElement--mb ap-StoryText\">Le dirigeant russe \u00ab\u00a0a exprim\u00e9 sa solidarit\u00e9 avec le peuple v\u00e9n\u00e9zu\u00e9lien et a confirm\u00e9 son soutien \u00e0 la politique du gouvernement de Nicolas Maduro (&#8230;) dans un contexte de pressions ext\u00e9rieures croissantes\u00a0\u00bb, a \u00e9crit le Kremlin dans un communiqu\u00e9 relatant cette conversation, sans mentionner directement les \u00c9tats-Unis.<\/p>\n<p class=\"ap-StoryElement ap-StoryElement--mb ap-StoryText\">Selon la pr\u00e9sidence russe, les deux hommes ont en outre confirm\u00e9 leur \u00ab\u00a0engagement mutuel\u00a0\u00bb dans la mise en \u0153uvre de projets russo-v\u00e9n\u00e9zu\u00e9liens, notamment \u00e9conomiques, \u00e9nerg\u00e9tiques et commerciaux.<\/p>\n","protected":false},"excerpt":{"rendered":"Le dirigeant russe \u00ab\u00a0a exprim\u00e9 sa solidarit\u00e9 avec le peuple v\u00e9n\u00e9zu\u00e9lien et a confirm\u00e9 son soutien \u00e0 la&hellip;\n","protected":false},"author":2,"featured_media":593273,"comment_status":"","ping_status":"","sticky":false,"template":"","format":"standard","meta":{"footnotes":""},"categories":[1589],"tags":[11,2120,312,73,1866,12,132,1864,1865,1863,308,337],"class_list":{"0":"post-593272","1":"post","2":"type-post","3":"status-publish","4":"format-standard","5":"has-post-thumbnail","7":"category-etats-unis","8":"tag-actualites","9":"tag-conflit","10":"tag-diplomatie","11":"tag-etats-unis","12":"tag-etats-unis-damerique","13":"tag-news","14":"tag-russie","15":"tag-united-states","16":"tag-united-states-of-america","17":"tag-us","18":"tag-usa","19":"tag-venezuela"},"share_on_mastodon":{"url":"https:\/\/pubeurope.com\/@fr\/115702152915273643","error":""},"_links":{"self":[{"href":"https:\/\/www.europesays.com\/fr\/wp-json\/wp\/v2\/posts\/593272","targetHints":{"allow":["GET"]}}],"collection":[{"href":"https:\/\/www.europesays.com\/fr\/wp-json\/wp\/v2\/posts"}],"about":[{"href":"https:\/\/www.europesays.com\/fr\/wp-json\/wp\/v2\/types\/post"}],"author":[{"embeddable":true,"href":"https:\/\/www.europesays.com\/fr\/wp-json\/wp\/v2\/users\/2"}],"replies":[{"embeddable":true,"href":"https:\/\/www.europesays.com\/fr\/wp-json\/wp\/v2\/comments?post=593272"}],"version-history":[{"count":0,"href":"https:\/\/www.europesays.com\/fr\/wp-json\/wp\/v2\/posts\/593272\/revisions"}],"wp:featuredmedia":[{"embeddable":true,"href":"https:\/\/www.europesays.com\/fr\/wp-json\/wp\/v2\/media\/593273"}],"wp:attachment":[{"href":"https:\/\/www.europesays.com\/fr\/wp-json\/wp\/v2\/media?parent=593272"}],"wp:term":[{"taxonomy":"category","embeddable":true,"href":"https:\/\/www.europesays.com\/fr\/wp-json\/wp\/v2\/categories?post=593272"},{"taxonomy":"post_tag","embeddable":true,"href":"https:\/\/www.europesays.com\/fr\/wp-json\/wp\/v2\/tags?post=593272"}],"curies":[{"name":"wp","href":"https:\/\/api.w.org\/{rel}","templated":true}]}}