{"id":593276,"date":"2025-12-11T17:39:20","date_gmt":"2025-12-11T17:39:20","guid":{"rendered":"https:\/\/www.europesays.com\/fr\/593276\/"},"modified":"2025-12-11T17:39:20","modified_gmt":"2025-12-11T17:39:20","slug":"les-bleues-face-a-lallemagne-pour-une-place-en-finale","status":"publish","type":"post","link":"https:\/\/www.europesays.com\/fr\/593276\/","title":{"rendered":"les Bleues face \u00e0 l\u2019Allemagne pour une place en finale"},"content":{"rendered":"<p><strong>France\u00a0&#8211; Allemagne<\/strong><\/p>\n<p>Apr\u00e8s avoir r\u00e9pondu pr\u00e9sent dos au mur contre le Danemark (31-26), l&rsquo;\u00e9quipe de France f\u00e9minine de handball, tenante du titre, devra \u00e9viter tout rel\u00e2chement en demi-finales du Mondial face \u00e0 l\u2019Allemagne, beaucoup plus inexp\u00e9riment\u00e9e qu\u2019elle \u00e0 ce niveau, ce vendredi 12\u00a0d\u00e9cembre \u00e0 Rotterdam.<\/p>\n<p>\u00c0 la suite de cette premi\u00e8re victoire dans un match couperet depuis qu\u2019il a pris les commandes des Bleues (deux d\u00e9faites \u00e0 l\u2019Euro\u00a02024 pour commencer), S\u00e9bastien Gardillou a emprunt\u00e9 une citation attribu\u00e9e \u00e0 l\u2019\u00e9crivain Rudyard Kipling, bien qu\u2019il ne soit \u00ab\u00a0pas quelqu\u2019un de litt\u00e9raire\u00a0\u00bb.<\/p>\n<p>\u00ab\u00a0Je pense que victoire et d\u00e9faite sont deux menteuses, et qu\u2019il faut les accueillir de la m\u00eame fa\u00e7on\u00a0\u00bb, soit avec mesure et vigilance, a-t-il ainsi d\u00e9clar\u00e9 \u00e0 la veille de la huiti\u00e8me demi-finale de suite des Bleues \u2013 une r\u00e9gularit\u00e9 dans la performance selon lui pas assez soulign\u00e9e par les m\u00e9dias.<\/p>\n<p>Pas question, donc, de se reposer sur les lauriers d\u2019un succ\u00e8s convaincant, sur la forme et le fond, face aux Danoises, \u00e0 l\u2019heure de retrouver dans le dernier carr\u00e9 des Allemandes qui n\u2019ont plus fr\u00e9quent\u00e9 ce stade depuis 2008 (demi-finales de l\u2019Euro).<\/p>\n<p>Et qui, apr\u00e8s avoir fait carton plein devant leur public, quittent pour la premi\u00e8re fois le cocon national pour d\u00e9couvrir l\u2019Ahoy Arena de Rotterdam, son plafond bas et ses gradins provisoires install\u00e9s dans un palais des Congr\u00e8s auxquels les Fran\u00e7aises ont eu le temps de s\u2019acclimater depuis une bonne semaine.<\/p>\n<p>Ne pas \u00ab\u00a0baisser la garde\u00a0\u00bb<\/p>\n<p>\u00ab\u00a0Souvent apr\u00e8s les victoires, on peut baisser un peu la garde, se sentir un peu rassur\u00e9e, mais c\u2019est aussi l\u00e0 que le danger arrive, a pr\u00e9venu Hatadou Sako. C\u2019est aussi \u00e0 nous, les filles exp\u00e9riment\u00e9es, de dire aux autres \u201c\u00a0oui, on a gagn\u00e9, c\u2019est une bonne chose, ok on va y aller avec le plein d\u2019assurance\u00a0\u201d, mais c\u2019est aussi l\u00e0 qu\u2019on est le plus vuln\u00e9rable.\u00a0\u00bb<\/p>\n<p>La gardienne est l\u2019une des voix qui portent au sein de ce groupe rajeuni et remodel\u00e9 qui, amput\u00e9 de cinq cadres en cong\u00e9 maternit\u00e9 (Estelle Nze\u00a0Minko, Laura Flippes, Chlo\u00e9 Valentini) ou bless\u00e9es (Laura Glauser et Gr\u00e2ce Zaadi), construit sa route.<\/p>\n<p>En ayant su surmonter l\u2019obstacle d\u2019une premi\u00e8re d\u00e9faite, en conclusion du tour principal contre les Pays-Bas (26-23), qui a au final permis de resserrer les boulons en vue du quart de finale face au Danemark.<\/p>\n<p>R\u00e9union de crise<\/p>\n<p>Apr\u00e8s le revers face aux N\u00e9erlandaises, les joueuses ont en effet convoqu\u00e9, selon M\u00e9line Nocandy, six ans d\u2019exp\u00e9rience en Bleu derri\u00e8re elle, \u00ab\u00a0la fameuse r\u00e9union qu\u2019on fait \u00e0 chaque comp\u00e9tition au moins une fois, quand on sent que \u00e7a commence \u00e0 ne pas aller\u00a0\u00bb. \u00ab\u00a0Et jusqu\u2019\u00e0 maintenant, elles payent\u00a0\u00bb, a ajout\u00e9 l\u2019arri\u00e8re gauche, qui apr\u00e8s trois matchs d\u2019absence, a personnellement serr\u00e9 les dents pour revenir apporter son \u00e9cot quelques minutes, malgr\u00e9 un pied gauche encore douloureux.<\/p>\n<p>Un regroupement la veille du quart sans l\u2019encadrement, pas m\u00eame le psychologue Pascal Niggel, o\u00f9 \u00ab\u00a0tout le monde parle\u00a0\u00bb \u00e0 tour de r\u00f4le, sans exception possible. Du match \u00e0 venir, de son ressenti, de sa place au sein du groupe. \u00ab\u00a0Certains parlent de leur exp\u00e9rience, d\u2019autres disent \u201c\u00a0je ne me sens pas bien, je ne suis pas en confiance\u00a0\u201d ou au contraire \u201c\u00a0je vais tr\u00e8s bien\u00a0\u201d\u00a0\u00bb, a encore expliqu\u00e9 Nocandy.<\/p>\n<p>\u00ab\u00a0On se livre le plus sinc\u00e8rement possible, et si on n\u2019est pas sinc\u00e8re, on ne sort pas de la salle\u00a0\u00bb, a ajout\u00e9 la Guadeloup\u00e9enne, pr\u00e9cisant qu\u2019il y avait \u00ab\u00a0toujours des pleurs \u00e0 cette r\u00e9union-l\u00e0\u00a0\u00bb. Les Bleues esp\u00e8rent qu\u2019elle d\u00e9bouche sur d\u2019autres pleurs, de bonheur ceux-l\u00e0, dimanche au soir de la finale.<\/p>\n<p>Vendredi 12\u00a0d\u00e9cembre 2025 \u00e0 17\u00a0h\u00a045, sur TFX et beIN Sports 1.<\/p>\n","protected":false},"excerpt":{"rendered":"France\u00a0&#8211; Allemagne Apr\u00e8s avoir r\u00e9pondu pr\u00e9sent dos au mur contre le Danemark (31-26), l&rsquo;\u00e9quipe de France f\u00e9minine de&hellip;\n","protected":false},"author":2,"featured_media":593277,"comment_status":"","ping_status":"","sticky":false,"template":"","format":"standard","meta":{"footnotes":""},"categories":[1587],"tags":[11,672,1804,1805,1803,70627,1777,674,27,1801,1792,74,12,1802,60],"class_list":{"0":"post-593276","1":"post","2":"type-post","3":"status-publish","4":"format-standard","5":"has-post-thumbnail","7":"category-allemagne","8":"tag-actualites","9":"tag-allemagne","10":"tag-bundesrepublik-deutschland","11":"tag-de","12":"tag-deutschland","13":"tag-equipe-de-france-handball","14":"tag-eu","15":"tag-europe","16":"tag-france","17":"tag-germany","18":"tag-handball","19":"tag-monde","20":"tag-news","21":"tag-republique-federale-dallemagne","22":"tag-sports"},"share_on_mastodon":{"url":"https:\/\/pubeurope.com\/@fr\/115702160790111016","error":""},"_links":{"self":[{"href":"https:\/\/www.europesays.com\/fr\/wp-json\/wp\/v2\/posts\/593276","targetHints":{"allow":["GET"]}}],"collection":[{"href":"https:\/\/www.europesays.com\/fr\/wp-json\/wp\/v2\/posts"}],"about":[{"href":"https:\/\/www.europesays.com\/fr\/wp-json\/wp\/v2\/types\/post"}],"author":[{"embeddable":true,"href":"https:\/\/www.europesays.com\/fr\/wp-json\/wp\/v2\/users\/2"}],"replies":[{"embeddable":true,"href":"https:\/\/www.europesays.com\/fr\/wp-json\/wp\/v2\/comments?post=593276"}],"version-history":[{"count":0,"href":"https:\/\/www.europesays.com\/fr\/wp-json\/wp\/v2\/posts\/593276\/revisions"}],"wp:featuredmedia":[{"embeddable":true,"href":"https:\/\/www.europesays.com\/fr\/wp-json\/wp\/v2\/media\/593277"}],"wp:attachment":[{"href":"https:\/\/www.europesays.com\/fr\/wp-json\/wp\/v2\/media?parent=593276"}],"wp:term":[{"taxonomy":"category","embeddable":true,"href":"https:\/\/www.europesays.com\/fr\/wp-json\/wp\/v2\/categories?post=593276"},{"taxonomy":"post_tag","embeddable":true,"href":"https:\/\/www.europesays.com\/fr\/wp-json\/wp\/v2\/tags?post=593276"}],"curies":[{"name":"wp","href":"https:\/\/api.w.org\/{rel}","templated":true}]}}