{"id":593312,"date":"2025-12-11T18:05:16","date_gmt":"2025-12-11T18:05:16","guid":{"rendered":"https:\/\/www.europesays.com\/fr\/593312\/"},"modified":"2025-12-11T18:05:16","modified_gmt":"2025-12-11T18:05:16","slug":"la-revanche-dathenes-le-grec-pierrakakis-elu-a-la-tete-de-leurogroupe-actualites","status":"publish","type":"post","link":"https:\/\/www.europesays.com\/fr\/593312\/","title":{"rendered":"La revanche d&rsquo;Ath\u00e8nes: le Grec Pierrakakis \u00e9lu \u00e0 la t\u00eate de l&rsquo;Eurogroupe : Actualit\u00e9s"},"content":{"rendered":"<p class=\"lead \">Dix ans apr\u00e8s avoir manqu\u00e9 de se faire \u00e9jecter de la zone euro, la Gr\u00e8ce tient sa revanche: son ministre des Finances Kyriakos Pierrakakis a \u00e9t\u00e9 \u00e9lu jeudi par ses pairs \u00e0 la t\u00eate de l&rsquo;instance qui la gouverne.<\/p>\n<p class=\"lead \">\u00ab\u00a0C&rsquo;est une belle histoire!\u00a0\u00bb, a salu\u00e9 le ministre fran\u00e7ais de l&rsquo;Economie, Roland Lescure. <\/p>\n<p class=\"lead \">\u00ab\u00a0Il y a un peu plus de 10 ans, c&rsquo;est \u00e0 l&rsquo;Eurogroupe qu&rsquo;ont \u00e9t\u00e9 pens\u00e9es et mises en oeuvre des mesures pour le sauvetage de la Gr\u00e8ce qui \u00e9tait \u00e0 l&rsquo;\u00e9poque dans une situation \u00e9conomique et financi\u00e8re tr\u00e8s difficile\u00a0\u00bb, a-t-il ajout\u00e9 devant la presse.<\/p>\n<p class=\"lead \">\u00ab\u00a0La Gr\u00e8ce a parcouru un si long chemin au cours des 10 derni\u00e8res ann\u00e9es\u00a0\u00bb, a rench\u00e9ri le pr\u00e9sident du Conseil, Antonio Costa.<\/p>\n<p class=\"lead \">Kyriakos Pierrakakis, 42 ans, est ministre des Finances depuis mars, apr\u00e8s avoir pilot\u00e9 la transformation de l&rsquo;administration grecque depuis 2019 en tant que ministre de la Gouvernance num\u00e9rique, puis de l&rsquo;Education.<\/p>\n<p class=\"lead \">Dans sa candidature, il avait mis en avant \u00ab\u00a0le pouvoir de la r\u00e9silience\u00a0\u00bb dont sa g\u00e9n\u00e9ration a fait preuve, apr\u00e8s la tourmente des ann\u00e9es 2010, lorsque la crise de la dette grecque a failli provoquer l&rsquo;implosion de la zone euro.<\/p>\n<p class=\"lead \">Une \u00ab\u00a0crise existentielle\u00a0\u00bb qui a d\u00e9montr\u00e9 selon lui \u00ab\u00a0le co\u00fbt de la complaisance, la n\u00e9cessit\u00e9 des r\u00e9formes et l&rsquo;importance de la solidarit\u00e9 europ\u00e9enne\u00a0\u00bb.<\/p>\n<p class=\"lead \">Kyriakos Pierrakakis \u00e9tait oppos\u00e9 au ministre belge du Budget Vincent Van Peteghem, 45 ans, membre de l&rsquo;Eurogroupe depuis 2020.<\/p>\n<p class=\"lead \">&#8211; Nomination \u00e0 Francfort &#8211;<\/p>\n<p class=\"lead \">Les deux hommes, tous deux membres de partis de droite, se sont lanc\u00e9s apr\u00e8s la d\u00e9mission surprise de l&rsquo;Irlandais Paschal Donohoe, qui exer\u00e7ait la fonction depuis 2020 et avait \u00e9t\u00e9 r\u00e9\u00e9lu il y a quelques mois seulement.<\/p>\n<p class=\"lead \">Cette instance, cr\u00e9\u00e9e en 1997, coordonne les politiques \u00e9conomiques et budg\u00e9taires des 20 pays de la zone euro, bient\u00f4t au nombre de 21, la Bulgarie s&rsquo;appr\u00eatant \u00e0 adopter la monnaie unique le 1er janvier prochain.<\/p>\n<p class=\"lead \">Le pr\u00e9sident de l&rsquo;Eurogroupe est charg\u00e9 de pr\u00e9parer les r\u00e9unions mensuelles des ministres des Finances de la zone euro et la repr\u00e9sente dans diff\u00e9rents organismes internationaux (FMI, Banque mondiale, G7 Finances&#8230;), ce qui lui procure une stature internationale.<\/p>\n<p class=\"lead \">Parall\u00e8lement, l&rsquo;Eurogroupe va lancer officiellement jeudi le processus de nomination pour un autre poste europ\u00e9en convoit\u00e9: la vice-pr\u00e9sidence de la Banque centrale europ\u00e9enne (BCE).<\/p>\n<p class=\"lead \">Il s&rsquo;agit cette fois de trouver un successeur \u00e0 l&rsquo;Espagnol Luis de Guindos, dont le mandat au sein de l&rsquo;institution install\u00e9e \u00e0 Francfort s&rsquo;ach\u00e8vera fin mai 2026. <\/p>\n<p class=\"lead \">L&rsquo;Eurogroupe joue un r\u00f4le central dans ce processus car il devra s\u00e9lectionner d\u00e9but 2026 l&rsquo;une des candidatures propos\u00e9es par les pays de la zone euro. Leur choix devra ensuite \u00eatre valid\u00e9 par les dirigeants des 27, apr\u00e8s consultation du Parlement europ\u00e9en et du conseil des gouverneurs de la BCE.<\/p>\n<p class=\"lead \">La succession de M. de Guindos est consid\u00e9r\u00e9e comme un tour de chauffe avant l&rsquo;expiration en 2027 des mandats de trois des six membres du directoire de la BCE, dont celui de la pr\u00e9sidente Christine Lagarde qui devrait attirer les convoitises de plusieurs pays.<\/p>\n<p class=\"small font-weight-bold text-gray3 \"> publi\u00e9 le 11 d\u00e9cembre \u00e0 18h20, AFP<\/p>\n<p>                             Partager<\/p>\n","protected":false},"excerpt":{"rendered":"Dix ans apr\u00e8s avoir manqu\u00e9 de se faire \u00e9jecter de la zone euro, la Gr\u00e8ce tient sa revanche:&hellip;\n","protected":false},"author":2,"featured_media":593313,"comment_status":"","ping_status":"","sticky":false,"template":"","format":"standard","meta":{"footnotes":""},"categories":[6],"tags":[13790,4779,11126,828,35,33,34,1011,27,418,33079,1115,1778],"class_list":{"0":"post-593312","1":"post","2":"type-post","3":"status-publish","4":"format-standard","5":"has-post-thumbnail","7":"category-economie","8":"tag-conomie","9":"tag-banque-centrale","10":"tag-bce","11":"tag-belgique","12":"tag-business","13":"tag-economie","14":"tag-economy","15":"tag-fr","16":"tag-france","17":"tag-gouvernement","18":"tag-grce","19":"tag-taux","20":"tag-ue"},"share_on_mastodon":{"url":"https:\/\/pubeurope.com\/@fr\/115702262976848663","error":""},"_links":{"self":[{"href":"https:\/\/www.europesays.com\/fr\/wp-json\/wp\/v2\/posts\/593312","targetHints":{"allow":["GET"]}}],"collection":[{"href":"https:\/\/www.europesays.com\/fr\/wp-json\/wp\/v2\/posts"}],"about":[{"href":"https:\/\/www.europesays.com\/fr\/wp-json\/wp\/v2\/types\/post"}],"author":[{"embeddable":true,"href":"https:\/\/www.europesays.com\/fr\/wp-json\/wp\/v2\/users\/2"}],"replies":[{"embeddable":true,"href":"https:\/\/www.europesays.com\/fr\/wp-json\/wp\/v2\/comments?post=593312"}],"version-history":[{"count":0,"href":"https:\/\/www.europesays.com\/fr\/wp-json\/wp\/v2\/posts\/593312\/revisions"}],"wp:featuredmedia":[{"embeddable":true,"href":"https:\/\/www.europesays.com\/fr\/wp-json\/wp\/v2\/media\/593313"}],"wp:attachment":[{"href":"https:\/\/www.europesays.com\/fr\/wp-json\/wp\/v2\/media?parent=593312"}],"wp:term":[{"taxonomy":"category","embeddable":true,"href":"https:\/\/www.europesays.com\/fr\/wp-json\/wp\/v2\/categories?post=593312"},{"taxonomy":"post_tag","embeddable":true,"href":"https:\/\/www.europesays.com\/fr\/wp-json\/wp\/v2\/tags?post=593312"}],"curies":[{"name":"wp","href":"https:\/\/api.w.org\/{rel}","templated":true}]}}