{"id":593314,"date":"2025-12-11T18:06:14","date_gmt":"2025-12-11T18:06:14","guid":{"rendered":"https:\/\/www.europesays.com\/fr\/593314\/"},"modified":"2025-12-11T18:06:14","modified_gmt":"2025-12-11T18:06:14","slug":"la-russie-revendique-la-prise-de-la-ville-de-siversk-verrou-du-donbass","status":"publish","type":"post","link":"https:\/\/www.europesays.com\/fr\/593314\/","title":{"rendered":"la Russie revendique la prise de la ville de Siversk, verrou du Donbass"},"content":{"rendered":"<p>\n    <strong>CARTE<\/strong> &#8211; Cette petite ville faisait l\u2019objet d\u2019une r\u00e9sistance acharn\u00e9e des Ukrainiens puisqu\u2019elle repr\u00e9sente un verrou d\u00e9fensif prot\u00e9geant Kramatorsk et Sloviansk. Si l\u2019annonce peut \u00eatre \u00abpr\u00e9matur\u00e9e\u00bb, le site ukrainien Deep State reconna\u00eet que la ville est \u00aben train de passer graduellement entre les mains de l\u2019ennemi\u00bb.<\/p>\n<p class=\"fig-paragraph\">\u00c0 en croire les communiqu\u00e9s officiels russes, le rythme des op\u00e9rations militaires s\u2019acc\u00e9l\u00e8re dans l\u2019est de l\u2019Ukraine. Le 21 novembre, le minist\u00e8re russe de la d\u00e9fense a revendiqu\u00e9 la prise de la ville de\u00a0<a href=\"http:\/\/www.lefigaro.fr\/international\/guerre-en-ukraine-la-russie-revendique-la-prise-de-koupiansk-kiev-dement-20251121\" target=\"_blank\" data-fig-type=\"NewsFlash\" rel=\"noopener\" data-gtm-custom-categorie=\"navigation\" data-gtm-custom-action=\"crossclick\" data-gtm-custom-label=\"Contextuel\" data-gtm-event=\"customEventSPE\" data-fig-domain=\"LEFIGARO\">Koupiansk<\/a>, le 2 d\u00e9cembre celle de\u00a0<a href=\"http:\/\/www.lefigaro.fr\/international\/guerre-en-ukraine-la-russie-revendique-la-prise-de-la-ville-cle-de-pokrovsk-20251202\" target=\"_blank\" data-fig-type=\"NewsFlash\" rel=\"noopener\" data-gtm-custom-categorie=\"navigation\" data-gtm-custom-action=\"crossclick\" data-gtm-custom-label=\"Contextuel\" data-gtm-event=\"customEventSPE\" data-fig-domain=\"LEFIGARO\">Pokrovsk<\/a>, et d\u00e9sormais ce 11 d\u00e9cembre celle de Siversk. Des localit\u00e9s cl\u00e9s dans l\u2019objectif strat\u00e9gique du Kremlin d\u2019envelopper et de conqu\u00e9rir les quelque 6000 km2 du Donbass qui r\u00e9sistent encore \u00e0 l\u2019avanc\u00e9e russe, notamment les deux grosses villes de Kramatorsk et Sloviansk. Le pr\u00e9sident Vladimir Poutine a \u00e9t\u00e9 inform\u00e9 par les militaires du \u00abtransfert complet de Siversk sous notre contr\u00f4le\u00bb, a d\u00e9clar\u00e9 ce jeudi le porte-parole du Kremlin, Dmitri Peskov, cit\u00e9 par l\u2019agence de presse \u00e9tatique TASS.<\/p>\n<p class=\"fig-paragraph\">Si la situation est critique dans ces trois villes, elle est n\u00e9anmoins plus nuanc\u00e9e que ce que laissent entendre les revendications cat\u00e9goriques de la Russie. Selon la carte Deep State, proche de l\u2019arm\u00e9e ukrainienne, cette derni\u00e8re ne contr\u00f4le plus aucune partie de\u2026<\/p>\n<p class=\"fig-premium-paywall__infos\">\n        Cet article est r\u00e9serv\u00e9 aux abonn\u00e9s.        Il vous reste 77% \u00e0 d\u00e9couvrir.\n    <\/p>\n<p>                <img  data- alt=\"Le Figaro\" class=\"fig-img--complete fig-img\"\/><\/p>\n<p class=\"fig-premium-paywall__title\">Vente Flash<\/p>\n<p class=\"fig-premium-paywall__subtitle\">-50% sur l&rsquo;abonnement num\u00e9rique<\/p>\n<p class=\"fig-premium-paywall__connect\">\n                D\u00e9j\u00e0 abonn\u00e9\u00a0?                <a class=\"fig-premium-paywall__connect-link\" href=\"https:\/\/connect.lefigaro.fr\/login?client=horizon_web&amp;type=main&amp;redirect_uri=https%3A%2F%2Fwww.lefigaro.fr%2Finternational%2Fguerre-en-ukraine-la-russie-revendique-la-prise-de-la-ville-de-siversk-verrou-du-donbass-20251211\" data-js-gtm=\"{&quot;customCategorie&quot;: &quot;conversion&quot;, &quot;customAction&quot;: &quot;before_Landing_Connexion_paywall_auto&quot;, &quot;customLabel&quot;: &quot;bGVmaWdhcm8uZnJfXzFmMGQ2OWYxLTMwMGYtNjgwNC04OGQzLTFiY2RlNjkxZGIzNF9fTmV3c0ZsYXNo_Guerre en Ukraine\u00a0: la Russie revendique la prise de la ville de Siversk, verrou du Donbass_263&quot;, &quot;customIDSPE&quot;: &quot;bGVmaWdhcm8uZnJfXzFmMGQ2OWYxLTMwMGYtNjgwNC04OGQzLTFiY2RlNjkxZGIzNF9fTmV3c0ZsYXNo&quot;, &quot;event&quot;: &quot;customEventSPE&quot;}\" target=\"_blank\" rel=\"noopener\"><br \/>\n                    Connectez-vous<br \/>\n                <\/a>\n            <\/p>\n","protected":false},"excerpt":{"rendered":"CARTE &#8211; Cette petite ville faisait l\u2019objet d\u2019une r\u00e9sistance acharn\u00e9e des Ukrainiens puisqu\u2019elle repr\u00e9sente un verrou d\u00e9fensif prot\u00e9geant&hellip;\n","protected":false},"author":2,"featured_media":593315,"comment_status":"","ping_status":"","sticky":false,"template":"","format":"standard","meta":{"footnotes":""},"categories":[5],"tags":[11,1011,27,131,14,12,28],"class_list":{"0":"post-593314","1":"post","2":"type-post","3":"status-publish","4":"format-standard","5":"has-post-thumbnail","7":"category-international","8":"tag-actualites","9":"tag-fr","10":"tag-france","11":"tag-guerre-en-ukraine","12":"tag-international","13":"tag-news","14":"tag-world"},"share_on_mastodon":{"url":"https:\/\/pubeurope.com\/@fr\/115702267091250724","error":""},"_links":{"self":[{"href":"https:\/\/www.europesays.com\/fr\/wp-json\/wp\/v2\/posts\/593314","targetHints":{"allow":["GET"]}}],"collection":[{"href":"https:\/\/www.europesays.com\/fr\/wp-json\/wp\/v2\/posts"}],"about":[{"href":"https:\/\/www.europesays.com\/fr\/wp-json\/wp\/v2\/types\/post"}],"author":[{"embeddable":true,"href":"https:\/\/www.europesays.com\/fr\/wp-json\/wp\/v2\/users\/2"}],"replies":[{"embeddable":true,"href":"https:\/\/www.europesays.com\/fr\/wp-json\/wp\/v2\/comments?post=593314"}],"version-history":[{"count":0,"href":"https:\/\/www.europesays.com\/fr\/wp-json\/wp\/v2\/posts\/593314\/revisions"}],"wp:featuredmedia":[{"embeddable":true,"href":"https:\/\/www.europesays.com\/fr\/wp-json\/wp\/v2\/media\/593315"}],"wp:attachment":[{"href":"https:\/\/www.europesays.com\/fr\/wp-json\/wp\/v2\/media?parent=593314"}],"wp:term":[{"taxonomy":"category","embeddable":true,"href":"https:\/\/www.europesays.com\/fr\/wp-json\/wp\/v2\/categories?post=593314"},{"taxonomy":"post_tag","embeddable":true,"href":"https:\/\/www.europesays.com\/fr\/wp-json\/wp\/v2\/tags?post=593314"}],"curies":[{"name":"wp","href":"https:\/\/api.w.org\/{rel}","templated":true}]}}