{"id":593316,"date":"2025-12-11T18:07:23","date_gmt":"2025-12-11T18:07:23","guid":{"rendered":"https:\/\/www.europesays.com\/fr\/593316\/"},"modified":"2025-12-11T18:07:23","modified_gmt":"2025-12-11T18:07:23","slug":"le-prefet-ne-signera-pas-le-sage-vilaine-en-letat-les-tracteurs-quittent-rennes","status":"publish","type":"post","link":"https:\/\/www.europesays.com\/fr\/593316\/","title":{"rendered":"le pr\u00e9fet ne signera pas le SAGE Vilaine en l&rsquo;\u00e9tat, les tracteurs quittent Rennes"},"content":{"rendered":"<p>                    Par<br \/>\n        <strong><br \/>\n            <a href=\"https:\/\/actu.fr\/auteur\/clemence-pays02-actu-fr\" title=\"Consulter tous les articles de Cl\u00e9mence Pays\" target=\"_blank\" rel=\"noopener\">Cl\u00e9mence Pays<\/a><br \/>\n                    <\/strong><\/p>\n<p>        Publi\u00e9 le<\/p>\n<p>            11 d\u00e9c. 2025 \u00e0 10h43<br \/>\n        ; mis \u00e0 jour le 11 d\u00e9c. 2025 \u00e0 18h51    <\/p>\n<p>Contre le <a href=\"https:\/\/actu.fr\/bretagne\/redon_35236\/sage-vilaine-les-agriculteurs-de-la-fdsea-et-des-ja-font-entendre-leur-voix_62732750.html\" target=\"_blank\" rel=\"noopener\">SAGE Vilaine<\/a>, les <a href=\"https:\/\/actu.fr\/bretagne\/chateaubourg_35068\/sage-vilaine-mobilisations-syndicales-opposees-ce-11-decembre-a-chateaubourg_63555784.html\" target=\"_blank\" rel=\"noopener\">agriculteurs se mobilisent en Ille-et-Vilaine<\/a>, jeudi 11\u00a0d\u00e9cembre. Apr\u00e8s un <a href=\"https:\/\/actu.fr\/bretagne\/chateaubourg_35068\/manifestation-en-ille-et-vilaine-des-agriculteurs-veulent-bloquer-une-reunion-sur-leau_63562088.html\" target=\"_blank\" rel=\"noopener\">rassemblement \u00e0 Ch\u00e2teaubourg<\/a>, o\u00f9 une r\u00e9union importante devait avoir lieu sur le sujet, avant d\u2019\u00eatre annul\u00e9e, les agriculteurs se dirigent avec<strong> leurs tracteurs vers l\u2019h\u00f4tel de Rennes M\u00e9tropole <\/strong>et <strong>l\u2019h\u00f4tel de la pr\u00e9fecture de r\u00e9gion<\/strong>, o\u00f9 une rencontre avec le pr\u00e9fet est pr\u00e9vue.<\/p>\n<p class=\" wall-content\">Revivez la mobilisation avec <a href=\"https:\/\/actu.fr\/rennes\/\" target=\"_blank\" rel=\"noopener\">actu Rennes<\/a>.<\/p>\n<p>18h50 \u2013 Fin de ce direct<\/p>\n<p class=\" wall-content\">Merci d\u2019avoir suivi la mobilisation des agriculteurs avec actu Rennes. Les conditions de circulation vont assur\u00e9ment encore rester compliqu\u00e9es pendant plusieurs dizaines de minutes, voire plus d\u2019une heure, le temps que les tracteurs quittent la ville de Rennes et lib\u00e8rent les voies de circulation.<\/p>\n<p>18h45 \u2013 Nouvelle mobilisation \u00e0 Bruxelles le 18 d\u00e9cembre<\/p>\n<p class=\" wall-content\">Apr\u00e8s le Sage Vilaine, les aides europ\u00e9ennes. Alors que les agriculteurs entendent parler d\u2019une baisse des aides de la Commission europ\u00e9enne de l\u2019ordre de 20 \u00e0 30 %, la FDSEA appelle \u00e0 la mobilisation \u00e0 Bruxelles le 18 d\u00e9cembre prochain.<\/p>\n<p>18h40 \u2013 Malgr\u00e9 l\u2019annonce, les agriculteurs ne l\u00e2chent pas la pression<\/p>\n<p class=\" wall-content\">Apr\u00e8s cette bonne nouvelle aux yeux des organisations agricoles, C\u00e9dric Henry, pr\u00e9sident de la FDSEA 35, maintient toutefois la pression. <strong>\u00ab\u2009On \u00e9tait 800 aujourd\u2019hui et que huit bennes. La prochaine fois, j\u2019ignore combien il pourrait y en avoir<\/strong>, pr\u00e9vient-il. On compte vraiment sur vous.\u00a0\u00bb<\/p>\n<p>18h35 \u2013 Le SAGE Vilaine ne sera pas sign\u00e9 en l\u2019\u00e9tat, annonce le pr\u00e9fet<\/p>\n<p class=\" wall-content\">Les agriculteurs obtiennent satisfaction. Franck Robine, nouveau pr\u00e9fet Ille-et-Vilaine, de Bretagne et de la zone de d\u00e9fense et de s\u00e9curit\u00e9 ouest depuis lundi, consid\u00e8re que le SAGE Vilaine ne peut pas \u00eatre sign\u00e9 en l\u2019\u00e9tat.<\/p>\n<blockquote class=\"ac-article-quote wall-content\">\n<p>Normalement, la CLE doit produire des travaux qui servent de base \u00e0 un arr\u00eat\u00e9 interpr\u00e9fectoral. Un arr\u00eat\u00e9 que je dois signer avec mes cinq coll\u00e8gues des autres d\u00e9partements concern\u00e9s. L&rsquo;arr\u00eat\u00e9, en l&rsquo;\u00e9tat, je consid\u00e8re qu&rsquo;il ne peut pas \u00eatre sign\u00e9 sur ces bases-l\u00e0. Il faut que l&rsquo;on se donne du temps pour travailler encore ces sujets-l\u00e0.<\/p>\n<p>    <strong>Franck Robine<\/strong><br \/>\n        Pr\u00e9fet de Bretagne face aux agriculteurs    <\/p><\/blockquote>\n<p>18h20 \u2013 Les agriculteurs annoncent la fin de la mobilisation du jour<\/p>\n<p class=\" wall-content\">Ils vont repartir par petits groupes en fonction d\u2019o\u00f9 ils viennent. Ne soyez pas \u00e9tonn\u00e9 de croiser des tracteurs dans les prochaines minutes sur de nombreuses routes \u00e0 Rennes et autour de la ville.<\/p>\n<p>18h10 \u2013 Un SAGE \u00ab\u2009pas assez concert\u00e9\u2009\u00bb<\/p>\n<p class=\" wall-content\">C\u00e9dric Henry, pr\u00e9sident de la FDSEA 35, explique \u00e0 c\u00f4t\u00e9 du pr\u00e9fet Franck Robine que \u00ab\u2009les r\u00e8gles du futur SAGE (Sch\u00e9ma d\u2019Am\u00e9nagement et de Gestion des Eaux) Vilaine que l\u2019on pourrait avoir demain n\u2019ont pas \u00e9t\u00e9 assez concert\u00e9es\u2009\u00bb.<\/p>\n<p>Votre r\u00e9gion, votre actu !<\/p>\n<p>Recevez chaque jour les infos qui comptent pour vous.<\/p>\n<p>\t<a href=\"https:\/\/actu.fr\/newsletter\" class=\"ac-btn ac-btn--corner ac-btn--medium ac-btn--blue800\" target=\"_blank\" rel=\"noopener\">S&rsquo;incrire<\/a><\/p>\n<blockquote class=\"ac-article-quote wall-content\">\n<p>Des personnes, qui \u00e9taient autour de la table ce soir et qui sont autour du SAGE en permanence et qui ma\u00eetrisent tr\u00e8s bien les dossiers par ailleurs, mais qui ont \u00e9t\u00e9 trop vite et les quatre \u00e9lus des chambres qui nous repr\u00e9sentent \u00e0 la CLE (commission locale de l&rsquo;eau) ont \u00e9t\u00e9 pris en otage. Ce que l&rsquo;on veut, c&rsquo;est du temps et une nouvelle m\u00e9thode pour le r\u00e9\u00e9crire.<\/p>\n<p>    <strong>C\u00e9dric Henry<\/strong><br \/>\n        Pr\u00e9sident de la FDSEA 35    <\/p><\/blockquote>\n<p>18h07 \u2013 Le pr\u00e9fet face aux agriculteurs<br \/>\n    <img   decoding=\"async\" loading=\"lazy\" src=\"https:\/\/www.europesays.com\/fr\/wp-content\/uploads\/2025\/12\/prefet-ille-et-vilaine-bretagne-franck-robien-agriculteurs-colere-rennes-sage-vilaine-11-decembre-20.jpeg\" alt=\"....\" width=\"960\" height=\"640\"\/><br \/>\n    Franck Robine (deuxi\u00e8me \u00e0 droite) face aux agriculteurs. (\u00a9Cl\u00e9mence Pays \/ actu Rennes)<\/p>\n<p class=\" wall-content\">Apr\u00e8s s\u2019\u00eatre entretenu avec la FDSEA, le pr\u00e9fet, Franck Robine, fait face aux agriculteurs devant les grilles de la pr\u00e9fecture.<\/p>\n<p>18h02 \u2013 Une nouvelle mobilisation le 15\u00a0janvier\u2009?<\/p>\n<p class=\" wall-content\">Le SAGE Vilaine doit \u00eatre adopt\u00e9 le 15\u00a0janvier prochain, indique-t-on \u00e0 notre journaliste pr\u00e9sente devant la pr\u00e9fecture. Une nouvelle mobilisation pourrait donc avoir lieu ce jour-l\u00e0.<\/p>\n<p>17h57 \u2013 \u00ab\u2009Audiences encore en cours\u2009\u00bb<\/p>\n<p class=\" wall-content\">Si la Coordination rurale a termin\u00e9 son entretien avec le pr\u00e9fet, la pr\u00e9fecture pr\u00e9cise que les audiences sont encore en cours avec les autres organisations agricoles.<\/p>\n<p>17h50 \u2013 \u00ab\u2009Une bonne \u00e9coute\u2009\u00bb du pr\u00e9fet pour la Coordination rurale<\/p>\n<p class=\" wall-content\">Joseph Martin, pr\u00e9sident de la Coordination rurale d\u2019Ille-et-Vilaine et de Bretagne, est sorti de son entretien d\u2019environ une heure avec le pr\u00e9fet. Il estime que ce dernier a fait preuve d\u2019une \u00ab\u2009bonne \u00e9coute\u2009\u00bb.<\/p>\n<blockquote class=\"ac-article-quote wall-content\">\n<p>Mais, comme toute institution publique, on attend derri\u00e8re des engagements. Donc, on verra par la suite. On avait d\u00e9j\u00e0 un engagement pr\u00e9cis ce matin de la part du pr\u00e9fet, \u00e0 savoir que la commission locale de l&rsquo;eau (CLE) n&rsquo;avait pas vocation \u00e0 voter le projet de SAGE aujourd&rsquo;hui. C&rsquo;est ainsi une premi\u00e8re satisfaction. On regrette que la CLE ne veuille pour l&rsquo;instant pas \u00e9couter notre message. Je pense que, dans une d\u00e9mocratie, quand il faut prendre des d\u00e9cisions, il est important d&rsquo;\u00e9couter tout le monde. On le fait bien avec les \u00e9cologistes,\u00a0etc. Je ne vois pas pourquoi on ne le ferait pas avec la diversit\u00e9 des paysans aujourd&rsquo;hui.<\/p>\n<p>    <strong>Joseph Martin<\/strong><br \/>\n        Pr\u00e9sident de la Coordination rurale d&rsquo;Ille-et-Vialine    <\/p><\/blockquote>\n<p class=\" wall-content\">Durant l\u2019entretien, la dermatose nodulaire, maladie qui touche les bovins, a \u00e9t\u00e9 \u00e9voqu\u00e9e, \u00ab\u2009m\u00eame si l\u2019on n\u2019est pas affect\u00e9 dans l\u2019ouest\u2009\u00bb, pr\u00e9cise Joseph Martin. \u00ab\u2009On a un d\u00e9saccord profond avec le minist\u00e8re de l\u2019Agriculture sur la gestion de la maladie.\u2009\u00bb<\/p>\n<p>17h43 \u2013 Plus de 350\u00a0personnes mobilis\u00e9es<\/p>\n<p class=\" wall-content\">Selon la pr\u00e9fecture, 360\u00a0personnes sont mobilis\u00e9es devant la pr\u00e9fecture de r\u00e9gion et l\u2019h\u00f4tel de Rennes M\u00e9tropole, \u00e0 Rennes.<\/p>\n<p>17h35 \u2013 \u00ab\u2009Situation calme\u2009\u00bb<br \/>\n    <img   decoding=\"async\" loading=\"lazy\" src=\"https:\/\/www.europesays.com\/fr\/wp-content\/uploads\/2025\/12\/paille-fumier-agriculteurs-colere-sage-vilaine-2-960x640.jpg\" alt=\"Fumier et paille ont \u00e9t\u00e9 l\u00e2ch\u00e9s devant les grilles de la pr\u00e9fecture de Bretagne \u00e0 Rennes.\" width=\"960\" height=\"640\"\/><br \/>\n    Fumier et paille ont \u00e9t\u00e9 l\u00e2ch\u00e9s devant les grilles de la pr\u00e9fecture de Bretagne \u00e0 Rennes. (\u00a9Cl\u00e9mence Pays \/ actu Rennes)<\/p>\n<p class=\" wall-content\">Malgr\u00e9 le ballot de paille d\u00e9roul\u00e9 et le fumier d\u00e9vers\u00e9, la pr\u00e9fecture \u00e9voque une situation calme devant la pr\u00e9fecture de Bretagne, rue Martenot, \u00e0 l\u2019est du centre-ville de Rennes. Ce que notre journaliste sur place confirme.<\/p>\n<p>17h18 \u2013 Paille et fumier d\u00e9vers\u00e9s devant la pr\u00e9fecture<br \/>\n    <img   decoding=\"async\" loading=\"lazy\" src=\"https:\/\/www.europesays.com\/fr\/wp-content\/uploads\/2025\/12\/paille-fumier-agriculteurs-colere-sage-vilaine-1-960x640.jpg\" alt=\"De la paille et du fumier tapissent le sol devant la pr\u00e9fecture Martenot \u00e0 Rennes.\" width=\"960\" height=\"640\"\/><br \/>\n    De la paille et du fumier tapissent le sol devant la pr\u00e9fecture Martenot \u00e0 Rennes. (\u00a9Cl\u00e9mence Pays \/ actu Rennes)<\/p>\n<p class=\" wall-content\">De la paille et du fumier sont d\u00e9vers\u00e9s devant les grilles de la pr\u00e9fecture de r\u00e9gion \u00e0 Rennes. Pendant ce temps, une d\u00e9l\u00e9gation d\u2019agriculteurs repr\u00e9sentant les syndicats agricoles est re\u00e7ue par Franck Robine, nouveau pr\u00e9fet.<\/p>\n<p>17h10 \u2013 Gilles Pennelle, eurod\u00e9put\u00e9 RN, pr\u00e9sent<\/p>\n<p class=\" wall-content\">On conna\u00eet la proximit\u00e9 de la Coordination rurale avec le RN. Ce jeudi, la pr\u00e9sence de Gilles Pennelle, eurod\u00e9put\u00e9 RN, devant l\u2019h\u00f4tel de la pr\u00e9fecture de la r\u00e9gion Bretagne le montre de nouveau.<\/p>\n<p>    <img   decoding=\"async\" loading=\"lazy\" src=\"https:\/\/www.europesays.com\/fr\/wp-content\/uploads\/2025\/12\/gilles-pennelle-eurodepute-rn-ille-et-vilaine-sage-vilaine-eau-pesticides-rennes-11-decembre-2025-pr.jpeg\" alt=\"Gilles Pennelle, aux c\u00f4t\u00e9s des agriculteurs.\" width=\"960\" height=\"640\"\/><br \/>\n    Gilles Pennelle, aux c\u00f4t\u00e9s des agriculteurs. (\u00a9Cl\u00e9mence Pays \/ actu Rennes)17h \u2013 Les agriculteurs pr\u00eats \u00e0 d\u00e9verser du fumier\u2009?<\/p>\n<p class=\" wall-content\">Les agriculteurs font monter la pression et la menace semble claire avec la pr\u00e9sence de plusieurs remorques remplies de fumier stationn\u00e9es devant les grilles de la pr\u00e9fecture de r\u00e9gion. S\u2019ils ne se font pas entendre, mettront-ils leur menace \u00e0 ex\u00e9cution\u2009?<\/p>\n<p>    <img   decoding=\"async\" loading=\"lazy\" src=\"https:\/\/www.europesays.com\/fr\/wp-content\/uploads\/2025\/12\/agriculteurs-colere-sage-vilaine-rennes-11-decembre-prefecture-region-bretagne-fumier-960x640.jpg\" alt=\"Les agriculteurs sont venus avec des remorques de fumier.\" width=\"960\" height=\"640\"\/><br \/>\n    Les agriculteurs sont venus avec des remorques de fumier. (\u00a9Cl\u00e9mence Pays \/ actu Rennes)16h50 \u2013 Le point sur la circulation<\/p>\n<p class=\" wall-content\">Alors que les deux cort\u00e8ges d\u2019agriculteurs sont entr\u00e9s dans Rennes, voici une carte montrant l\u2019\u00e9tat du trafic sur les principaux axes de circulation.<\/p>\n<p>    <img   decoding=\"async\" loading=\"lazy\" src=\"https:\/\/www.europesays.com\/fr\/wp-content\/uploads\/2025\/12\/circulation-rennes-11-decembre-manif-agriculteurs-sage-vilaine-960x640.png\" alt=\"La carte du trafic \u00e0 16h50 sur Rennes.\" width=\"960\" height=\"640\"\/><br \/>\n    La carte du trafic \u00e0 16h50 sur Rennes. (\u00a9Google Maps)16h40 \u2013 Les tracteurs arrivent rue Martenot<br \/>\n    <img   decoding=\"async\" loading=\"lazy\" src=\"https:\/\/www.europesays.com\/fr\/wp-content\/uploads\/2025\/12\/agriculteurs-sage-vilaine-rennes-colere-eau-tracateurs-prefecture-region-960x640.jpg\" alt=\"Sir\u00e8nes et klaxons hurlants, les agriculteurs viennent d'arriver devant la pr\u00e9fecture de r\u00e9gion.\" width=\"960\" height=\"640\"\/><br \/>\n    Sir\u00e8nes et klaxons hurlants, les agriculteurs viennent d\u2019arriver devant la pr\u00e9fecture de r\u00e9gion. (\u00a9Cl\u00e9mence Pays \/ actu Rennes)<\/p>\n<p class=\" wall-content\">Les premiers tracteurs arrivent devant la pr\u00e9fecture de r\u00e9gion, pr\u00e8s du centre historique de Rennes. Sir\u00e8nes, klaxons et quelques d\u00e9tonations de p\u00e9tards se font entendre.<\/p>\n<p>16h30 \u2013 Pr\u00e8s de 200 tracteurs mobilis\u00e9s<\/p>\n<p class=\" wall-content\">La pr\u00e9fecture indique qu\u2019environ 150 tracteurs se dirigent vers la pr\u00e9fecture de r\u00e9gion rue Martenot, tandis qu\u2019une quarantaine se rend \u00e0 l\u2019h\u00f4tel de Rennes M\u00e9tropole.<\/p>\n<p class=\" wall-content\"><strong>16h05 \u2013<\/strong> Les\u00a0agriculteurs ont du retard. Peu apr\u00e8s 15h, les tracteurs ont quitt\u00e9 Ch\u00e2teaubourg et se dirigent vers la capitale bretonne en deux convois. L\u2019un se rend \u00e0 l\u2019h\u00f4tel de la pr\u00e9fecture de r\u00e9gion, rue Martenot, pr\u00e8s du centre historique de Rennes. L\u2019autre vers l\u2019h\u00f4tel de Rennes M\u00e9tropole.<\/p>\n<p>    <img   decoding=\"async\" loading=\"lazy\" src=\"https:\/\/www.europesays.com\/fr\/wp-content\/uploads\/2025\/12\/circu-manif-agri-rennes-11-decembre-2025-960x640.png\" alt=\"L'\u00e9tat du trafic peu apr\u00e8s 16h.\" width=\"960\" height=\"640\"\/><br \/>\n    L\u2019\u00e9tat du trafic peu apr\u00e8s 16h. (\u00a9Google Maps)<\/p>\n<p class=\" wall-content\">Sur la rocade, les agriculteurs s\u2019engagent vers la porte de Beaulieu et la porte d\u2019Alma. La circulation se complique s\u00e9rieusement \u00e0 l\u2019est. <strong>Une op\u00e9ration escargot<\/strong> entre Ch\u00e2teaubourg et Rennes a lieu sur la <strong>RN 157<\/strong>.<\/p>\n<p class=\" wall-content\">Bison Fut\u00e9 note d\u00e9j\u00e0 <strong>5,5\u00a0km de bouchons<\/strong> entre Ch\u00e2teaubourg et Servon-sur-Vilaine.<\/p>\n<p class=\" wall-content\"><b>14h24<\/b> \u2013 Apr\u00e8s\u00a0un premier passage sur la rocade dans la matin\u00e9e pour se rendre <a href=\"https:\/\/actu.fr\/bretagne\/chateaubourg_35068\/manifestation-en-ille-et-vilaine-des-agriculteurs-veulent-bloquer-une-reunion-sur-leau_63562088.html\" target=\"_blank\" rel=\"noopener\">vers Ch\u00e2teaubourg o\u00f9 une r\u00e9union sur le SAGE Vilaine \u00e9tait pr\u00e9vue \u2013 avant d\u2019\u00eatre annul\u00e9e \u2013<\/a> les agriculteurs devraient \u00e0 nouveau converger vers l\u2019axe p\u00e9riph\u00e9rique de Rennes dans les prochaines minutes. En effet, un autre rassemblement est pr\u00e9vu \u00e0 15h devant la pr\u00e9fecture de r\u00e9gion, dans le centre-ville de Rennes.<\/p>\n<p class=\" wall-content\">Leur arriv\u00e9e \u00e9tait attendue. Des<strong> agriculteurs en col\u00e8re<\/strong> convergent vers <a href=\"https:\/\/actu.fr\/rennes\/\" target=\"_blank\" rel=\"noopener\">Rennes<\/a>, ce jeudi 11\u00a0d\u00e9cembre 2025.<\/p>\n<p class=\" wall-content\"><strong>10h20<\/strong> \u2013 La pr\u00e9fecture d\u2019Ille-et-Vilaine a constat\u00e9 la pr\u00e9sence de<strong> \u00ab\u2009deux convois de tracteurs sur la rocade de Rennes<\/strong> (nord et sud)\u2009\u00bb. \u00c0 l\u2019heure o\u00f9 nous \u00e9crivons ces lignes, aucun ralentissement n\u2019est recens\u00e9 par Bison Fut\u00e9 ou ViaMichelin.<\/p>\n<p class=\" wall-content\">Un peu plus t\u00f4t dans la matin\u00e9e, des tracteurs circulaient d\u00e9j\u00e0 sur la <strong>RN24, la RN12, la RD137 et la RD177.<\/strong><\/p>\n<p class=\" wall-content\">\n<p>Un rassemblement pr\u00e9vu \u00e0 Rennes<\/p>\n<p class=\" wall-content\">Plusieurs <strong>syndicats agricoles<\/strong> se r\u00e9unissent ce jour en Ille-et-Vilaine. Un point de rassemblement est pr\u00e9vu \u00e0 <strong>11h, \u00e0 Ch\u00e2teaubourg.<\/strong> De son c\u00f4t\u00e9, la <strong>Coordination rurale<\/strong> a fait part de sa volont\u00e9 de converger en direction de la <strong>pr\u00e9fecture de R\u00e9gion, d\u00e8s 15h,<\/strong> rue Martenot \u00e0 Rennes.<\/p>\n<p class=\" wall-content\"><a href=\"https:\/\/actu.fr\/bretagne\/rennes_35238\/colere-des-agriculteurs-pourquoi-des-tracteurs-risquent-de-perturber-le-centre-ville-de-rennes_63558251.html\" target=\"_blank\" rel=\"noopener\">Les agriculteurs pr\u00e9sents s\u2019opposent \u00e0 la signature d\u2019une r\u00e9vision du Sch\u00e9ma d\u2019am\u00e9nagement des eaux<\/a> (SAGE), dont le but est d\u2019adopter de nouvelles dispositions r\u00e9glementaires afin de <strong>mieux prot\u00e9ger le bassin-versant de la Vilaine.<\/strong><\/p>\n<p class=\" wall-content\">Personnalisez votre actualit\u00e9 en ajoutant vos villes et m\u00e9dias en favori avec <a href=\"https:\/\/moncompte.actu.fr\" title=\"D\u00e9couvez Mon Actu\" rel=\"nofollow noopener\" data-trk=\"{&quot;cta&quot;:{&quot;action&quot;:&quot;https:\\\/\\\/moncompte.actu.fr&quot;,&quot;category&quot;:&quot;mon compte&quot;,&quot;from&quot;:&quot;article footer&quot;,&quot;name&quot;:&quot;Mon actu&quot;,&quot;type&quot;:&quot;cta&quot;}}\" target=\"_blank\">Mon Actu<\/a>.<\/p>\n","protected":false},"excerpt":{"rendered":"Par Cl\u00e9mence Pays Publi\u00e9 le 11 d\u00e9c. 2025 \u00e0 10h43 ; mis \u00e0 jour le 11 d\u00e9c. 2025&hellip;\n","protected":false},"author":2,"featured_media":593317,"comment_status":"","ping_status":"","sticky":false,"template":"","format":"standard","meta":{"footnotes":""},"categories":[4],"tags":[11,327,3542,118,1011,27,1272,12,25],"class_list":{"0":"post-593316","1":"post","2":"type-post","3":"status-publish","4":"format-standard","5":"has-post-thumbnail","7":"category-france","8":"tag-actualites","9":"tag-agriculture","10":"tag-circulation","11":"tag-faits-divers","12":"tag-fr","13":"tag-france","14":"tag-manifestations","15":"tag-news","16":"tag-republique-francaise"},"share_on_mastodon":{"url":"https:\/\/pubeurope.com\/@fr\/115702274068344642","error":""},"_links":{"self":[{"href":"https:\/\/www.europesays.com\/fr\/wp-json\/wp\/v2\/posts\/593316","targetHints":{"allow":["GET"]}}],"collection":[{"href":"https:\/\/www.europesays.com\/fr\/wp-json\/wp\/v2\/posts"}],"about":[{"href":"https:\/\/www.europesays.com\/fr\/wp-json\/wp\/v2\/types\/post"}],"author":[{"embeddable":true,"href":"https:\/\/www.europesays.com\/fr\/wp-json\/wp\/v2\/users\/2"}],"replies":[{"embeddable":true,"href":"https:\/\/www.europesays.com\/fr\/wp-json\/wp\/v2\/comments?post=593316"}],"version-history":[{"count":0,"href":"https:\/\/www.europesays.com\/fr\/wp-json\/wp\/v2\/posts\/593316\/revisions"}],"wp:featuredmedia":[{"embeddable":true,"href":"https:\/\/www.europesays.com\/fr\/wp-json\/wp\/v2\/media\/593317"}],"wp:attachment":[{"href":"https:\/\/www.europesays.com\/fr\/wp-json\/wp\/v2\/media?parent=593316"}],"wp:term":[{"taxonomy":"category","embeddable":true,"href":"https:\/\/www.europesays.com\/fr\/wp-json\/wp\/v2\/categories?post=593316"},{"taxonomy":"post_tag","embeddable":true,"href":"https:\/\/www.europesays.com\/fr\/wp-json\/wp\/v2\/tags?post=593316"}],"curies":[{"name":"wp","href":"https:\/\/api.w.org\/{rel}","templated":true}]}}