{"id":593320,"date":"2025-12-11T18:09:14","date_gmt":"2025-12-11T18:09:14","guid":{"rendered":"https:\/\/www.europesays.com\/fr\/593320\/"},"modified":"2025-12-11T18:09:14","modified_gmt":"2025-12-11T18:09:14","slug":"boen-sur-lignon-sur-le-site-du-chantier-stal-le-mouvement-se-durcit","status":"publish","type":"post","link":"https:\/\/www.europesays.com\/fr\/593320\/","title":{"rendered":"Bo\u00ebn-sur-Lignon. Sur le site du chantier Stal, le mouvement se durcit"},"content":{"rendered":"<p>Si les premi\u00e8res actions de mardi et mercredi s\u2019en \u00e9taient tenues \u00e0 de l\u2019occupation passive et des discussions, cette nouvelle matin\u00e9e d\u2019opposition au projet, jeudi sur le site de Stal TP, o\u00f9 les entreprises mandat\u00e9es devaient commencer \u00e0 travailler, a connu une petite heure o\u00f9 la tension est mont\u00e9e d\u2019un cran.<\/p>\n<p>R\u00e9unies t\u00f4t sur le site, environ 25 personnes ont manifest\u00e9 leur m\u00e9contentement, avant de tenter d\u2019emp\u00eacher la tenue du chantier, en se couchant devant les camions. Les premiers trous faits pour implanter la cl\u00f4ture auraient visiblement \u00e9t\u00e9 rebouch\u00e9s, et le balisage mis \u00e0 mal.<\/p>\n<p>Selon les informations du groupement de gendarmerie de la Loire, il semblerait que les chauffeurs se soient \u00e9galement plaints de la disparition de cl\u00e9s d\u2019engins.<\/p>\n<p>  Pas de plainte \u00e0 l\u2019heure actuelle<\/p>\n<p>Sous l\u2019\u0153il des gendarmes, venus \u00e9viter l\u2019escalade de la situation, cette mont\u00e9e de tension aura dur\u00e9 presque une heure. Selon nos informations, un huissier a \u00e9t\u00e9 mandat\u00e9 par l\u2019entreprise (que nous n\u2019avons pu joindre sur ce sujet) pour effectuer des constatations. Toujours les gendarmes, aucune plainte n\u2019a \u00e9t\u00e9 d\u00e9pos\u00e9 pour le moment.<\/p>\n","protected":false},"excerpt":{"rendered":"Si les premi\u00e8res actions de mardi et mercredi s\u2019en \u00e9taient tenues \u00e0 de l\u2019occupation passive et des discussions,&hellip;\n","protected":false},"author":2,"featured_media":593321,"comment_status":"","ping_status":"","sticky":false,"template":"","format":"standard","meta":{"footnotes":""},"categories":[9653],"tags":[1111,11,2430,70628,41738,4749,9671,33,7359,1777,674,1011,27,12,25,4001,801],"class_list":{"0":"post-593320","1":"post","2":"type-post","3":"status-publish","4":"format-standard","5":"has-post-thumbnail","7":"category-saint-etienne","8":"tag-actu","9":"tag-actualites","10":"tag-auvergne-rhone-alpes","11":"tag-boen-sur-lignon","12":"tag-boen-sur-lignon-bassin","13":"tag-btp-et-chantiers","14":"tag-conflit-social","15":"tag-economie","16":"tag-edition-loire-centre","17":"tag-eu","18":"tag-europe","19":"tag-fr","20":"tag-france","21":"tag-news","22":"tag-republique-francaise","23":"tag-saint-etienne","24":"tag-social"},"share_on_mastodon":{"url":"https:\/\/pubeurope.com\/@fr\/115702278804623999","error":""},"_links":{"self":[{"href":"https:\/\/www.europesays.com\/fr\/wp-json\/wp\/v2\/posts\/593320","targetHints":{"allow":["GET"]}}],"collection":[{"href":"https:\/\/www.europesays.com\/fr\/wp-json\/wp\/v2\/posts"}],"about":[{"href":"https:\/\/www.europesays.com\/fr\/wp-json\/wp\/v2\/types\/post"}],"author":[{"embeddable":true,"href":"https:\/\/www.europesays.com\/fr\/wp-json\/wp\/v2\/users\/2"}],"replies":[{"embeddable":true,"href":"https:\/\/www.europesays.com\/fr\/wp-json\/wp\/v2\/comments?post=593320"}],"version-history":[{"count":0,"href":"https:\/\/www.europesays.com\/fr\/wp-json\/wp\/v2\/posts\/593320\/revisions"}],"wp:featuredmedia":[{"embeddable":true,"href":"https:\/\/www.europesays.com\/fr\/wp-json\/wp\/v2\/media\/593321"}],"wp:attachment":[{"href":"https:\/\/www.europesays.com\/fr\/wp-json\/wp\/v2\/media?parent=593320"}],"wp:term":[{"taxonomy":"category","embeddable":true,"href":"https:\/\/www.europesays.com\/fr\/wp-json\/wp\/v2\/categories?post=593320"},{"taxonomy":"post_tag","embeddable":true,"href":"https:\/\/www.europesays.com\/fr\/wp-json\/wp\/v2\/tags?post=593320"}],"curies":[{"name":"wp","href":"https:\/\/api.w.org\/{rel}","templated":true}]}}