{"id":593330,"date":"2025-12-11T18:15:15","date_gmt":"2025-12-11T18:15:15","guid":{"rendered":"https:\/\/www.europesays.com\/fr\/593330\/"},"modified":"2025-12-11T18:15:15","modified_gmt":"2025-12-11T18:15:15","slug":"ollivon-la-bonne-nouvelle-pour-toulon","status":"publish","type":"post","link":"https:\/\/www.europesays.com\/fr\/593330\/","title":{"rendered":"Ollivon, la bonne nouvelle pour Toulon"},"content":{"rendered":"<p><strong>Absent de derni\u00e8re minute pour le<br \/>\nd\u00e9placement \u00e0 Edimbourg, le week-dernier pour le coup d&rsquo;envoi de la<br \/>\nChampions Cup, Charles Ollivon retrouvera ses co\u00e9quipiers dimanche<br \/>\npour la venue de Bath au stade Mayol (2e journ\u00e9e). Le troisi\u00e8me<br \/>\nligne international du RCT devrait m\u00eame d\u00e9buter la<br \/>\nrencontre.<\/strong><\/p>\n<p>Charles Ollivon (32 ans) de retour, et vraisemblablement d\u00e8s le<br \/>\ncoup d\u2019envoi. Contraint de renoncer au dernier moment en raison<br \/>\nd\u2019une commotion c\u00e9r\u00e9brale au d\u00e9but de saison de son \u00e9quipe en Coupe<br \/>\nd\u2019Europe, le week-end dernier avec au menu pour Toulon un premier<br \/>\nd\u00e9placement, sur la pelouse des Ecossais d\u2019\u00c9dimbourg (d\u00e9faite<br \/>\n33-20), le troisi\u00e8me ligne vedette du RCT sera en revanche de la<br \/>\npartie lors du deuxi\u00e8me rendez-vous de son \u00e9quipe, dimanche<br \/>\napr\u00e8s-midi (16h15) au stade Mayol face aux Anglais de Bath (2e<br \/>\njourn\u00e9e).<\/p>\n<p>L\u2019ancien capitaine du XV de France absent pendant dix mois en<br \/>\nraison d\u2019une grave blessure au genou droit (rupture du ligament<br \/>\ncrois\u00e9) et bless\u00e9 lors du test-match des Bleus contre l\u2019Australie<br \/>\ndu 22 novembre dernier devrait m\u00eame \u00eatre relanc\u00e9 d\u00e8s le coup<br \/>\nd\u2019envoi par Pierre Mignoni. Ce dernier s\u2019\u00e9tait offusqu\u00e9 le week-end<br \/>\ndernier en apprenant que l\u2019ancien Bayonnais, pourtant de nouveau<br \/>\napte selon lui, n\u2019avait finalement pas obtenu le feu vert d\u2019un<br \/>\nm\u00e9decin ind\u00e9pendant pr\u00e9cis\u00e9ment intervenu dans le cadre du<br \/>\nprotocole.<\/p>\n<p><strong>Ollivon ovationn\u00e9 par les<br \/>\nabonn\u00e9s du club<\/strong><\/p>\n<p>\u00ab\u00a0Nous avons pris le relais, nous l\u2019avons remis sur pied et<br \/>\nil \u00e9tait cent pour cent apte \u00e0 s\u2019entra\u00eener et le joueur lui-m\u00eame<br \/>\ndisait qu\u2019il \u00e9tait pr\u00eat \u00e0 jouer\u00a0\u00bb, avait pest\u00e9 l\u2019entra\u00eeneur<br \/>\ntoulonnais, qui a donc d\u00fb se r\u00e9jouir au plus haut point \u00e0 l\u2019id\u00e9e de<br \/>\npouvoir cette fois coucher le nom de son embl\u00e9matique num\u00e9ro 8 sur<br \/>\nla feuille de match pour ce deuxi\u00e8me rendez-vous \u2013 le premier \u00e0<br \/>\ndomicile \u2013 face \u00e0 des Anglais qui n\u2019avaient fait qu\u2019une bouch\u00e9e du<br \/>\nMunster lors de la 1ere journ\u00e9e.<\/p>\n<p>Le retour d\u2019Ollivon ne sera donc pas de trop. Les supporters du<br \/>\nRCT l\u2019ont bien compris. En milieu de semaine, lors d\u2019une s\u00e9ance<br \/>\nd\u2019entra\u00eenement exceptionnellement ouverte aux abonn\u00e9s, qui<br \/>\ns\u2019\u00e9taient vu offrir ce jour-l\u00e0 un g\u00e2teau par le club varois, le<br \/>\nvainqueur de l\u2019actuelle Challenge Cup avec Toulon en 2023 avait \u00e9t\u00e9<br \/>\novationn\u00e9. Il faut esp\u00e9rer pour le RCT qu\u2019il le sera de nouveau,<br \/>\ndimanche apr\u00e8s le match contre Bath.<\/p>\n","protected":false},"excerpt":{"rendered":"Absent de derni\u00e8re minute pour le d\u00e9placement \u00e0 Edimbourg, le week-dernier pour le coup d&rsquo;envoi de la Champions&hellip;\n","protected":false},"author":2,"featured_media":593331,"comment_status":"","ping_status":"","sticky":false,"template":"","format":"standard","meta":{"footnotes":""},"categories":[9619],"tags":[1111,11,1777,674,1011,27,12,882,25,57681,2310],"class_list":{"0":"post-593330","1":"post","2":"type-post","3":"status-publish","4":"format-standard","5":"has-post-thumbnail","7":"category-toulon","8":"tag-actu","9":"tag-actualites","10":"tag-eu","11":"tag-europe","12":"tag-fr","13":"tag-france","14":"tag-news","15":"tag-provence-alpes-cote-dazur","16":"tag-republique-francaise","17":"tag-sport365-fr","18":"tag-toulon"},"share_on_mastodon":{"url":"https:\/\/pubeurope.com\/@fr\/115702302299642447","error":""},"_links":{"self":[{"href":"https:\/\/www.europesays.com\/fr\/wp-json\/wp\/v2\/posts\/593330","targetHints":{"allow":["GET"]}}],"collection":[{"href":"https:\/\/www.europesays.com\/fr\/wp-json\/wp\/v2\/posts"}],"about":[{"href":"https:\/\/www.europesays.com\/fr\/wp-json\/wp\/v2\/types\/post"}],"author":[{"embeddable":true,"href":"https:\/\/www.europesays.com\/fr\/wp-json\/wp\/v2\/users\/2"}],"replies":[{"embeddable":true,"href":"https:\/\/www.europesays.com\/fr\/wp-json\/wp\/v2\/comments?post=593330"}],"version-history":[{"count":0,"href":"https:\/\/www.europesays.com\/fr\/wp-json\/wp\/v2\/posts\/593330\/revisions"}],"wp:featuredmedia":[{"embeddable":true,"href":"https:\/\/www.europesays.com\/fr\/wp-json\/wp\/v2\/media\/593331"}],"wp:attachment":[{"href":"https:\/\/www.europesays.com\/fr\/wp-json\/wp\/v2\/media?parent=593330"}],"wp:term":[{"taxonomy":"category","embeddable":true,"href":"https:\/\/www.europesays.com\/fr\/wp-json\/wp\/v2\/categories?post=593330"},{"taxonomy":"post_tag","embeddable":true,"href":"https:\/\/www.europesays.com\/fr\/wp-json\/wp\/v2\/tags?post=593330"}],"curies":[{"name":"wp","href":"https:\/\/api.w.org\/{rel}","templated":true}]}}