{"id":593332,"date":"2025-12-11T18:16:11","date_gmt":"2025-12-11T18:16:11","guid":{"rendered":"https:\/\/www.europesays.com\/fr\/593332\/"},"modified":"2025-12-11T18:16:11","modified_gmt":"2025-12-11T18:16:11","slug":"municipales-2026-a-montpellier-apres-quinze-ans-dans-lopposition-jacques-domergue-tourne-la-page-de-la-politique","status":"publish","type":"post","link":"https:\/\/www.europesays.com\/fr\/593332\/","title":{"rendered":"Municipales 2026 \u00e0 Montpellier\u00a0: apr\u00e8s quinze ans dans l\u2019opposition, Jacques Domergue \u00ab\u00a0tourne la page de la politique\u00a0\u00bb"},"content":{"rendered":"<p>\n                                                                Le conseiller municipal d\u2019opposition, ancien d\u00e9put\u00e9 et ancien candidat \u00e0 la maire de Montpellier, nous a confirm\u00e9 qu\u2019il avait si\u00e9g\u00e9 ce jeudi 11\u00a0d\u00e9cembre pour la derni\u00e8re fois. Il ne rejoindra aucune liste lors des prochaines \u00e9lections.\n                            <\/p>\n<p>\u00ab\u00a0Ma d\u00e9cision est prise depuis un petit moment d\u00e9j\u00e0, je tourne la page de la politique.\u00a0\u00bb Apr\u00e8s plus de quinze dans l\u2019opposition municipale, Jacques Domergue ne sera pr\u00e9sent\u00a0sur aucune liste lors des prochaines \u00e9lections municipales.<\/p>\n<p>Deux fois candidats, puis colistier de Philippe Saurel<\/p>\n<p>Le chirurgien montpelli\u00e9rain, \u00e9lu d\u00e9put\u00e9 face \u00e0 Georges Fr\u00eache en 2002 puis r\u00e9\u00e9lu en 2007, a connu son premier conseil municipal sous la mandature d\u2019H\u00e9l\u00e8ne Mandroux apr\u00e8s avoir \u00e9chou\u00e9 \u00e0 prendre la mairie \u00e0 la t\u00eate d\u2019une liste d\u2019union de la droite.<\/p>\n<p>En 2020, Jacques Domergue avait rejoint la liste du maire sortant Philippe Saurel. Puis retrouv\u00e9 une place au conseil municipal, dans l\u2019opposition, en octobre\u00a02022, reprenant le si\u00e8ge du d\u00e9missionnaire Max L\u00e9vita. \u00ab\u00a0J\u2019ai donn\u00e9, place aux jeunes. Je garderai \u00e9videmment un \u0153il sur la politique, m\u00eame si ce que je vois au niveau national me terrifie\u00a0\u00bb, nous a indiqu\u00e9 le principal int\u00e9ress\u00e9.<\/p>\n","protected":false},"excerpt":{"rendered":"Le conseiller municipal d\u2019opposition, ancien d\u00e9put\u00e9 et ancien candidat \u00e0 la maire de Montpellier, nous a confirm\u00e9 qu\u2019il&hellip;\n","protected":false},"author":2,"featured_media":593333,"comment_status":"","ping_status":"","sticky":false,"template":"","format":"standard","meta":{"footnotes":""},"categories":[9599],"tags":[1111,11,1777,674,1011,27,7089,2208,12,2680,316,25],"class_list":{"0":"post-593332","1":"post","2":"type-post","3":"status-publish","4":"format-standard","5":"has-post-thumbnail","7":"category-montpellier","8":"tag-actu","9":"tag-actualites","10":"tag-eu","11":"tag-europe","12":"tag-fr","13":"tag-france","14":"tag-herault","15":"tag-montpellier","16":"tag-news","17":"tag-occitanie","18":"tag-politique","19":"tag-republique-francaise"},"share_on_mastodon":{"url":"https:\/\/pubeurope.com\/@fr\/115702306297571360","error":""},"_links":{"self":[{"href":"https:\/\/www.europesays.com\/fr\/wp-json\/wp\/v2\/posts\/593332","targetHints":{"allow":["GET"]}}],"collection":[{"href":"https:\/\/www.europesays.com\/fr\/wp-json\/wp\/v2\/posts"}],"about":[{"href":"https:\/\/www.europesays.com\/fr\/wp-json\/wp\/v2\/types\/post"}],"author":[{"embeddable":true,"href":"https:\/\/www.europesays.com\/fr\/wp-json\/wp\/v2\/users\/2"}],"replies":[{"embeddable":true,"href":"https:\/\/www.europesays.com\/fr\/wp-json\/wp\/v2\/comments?post=593332"}],"version-history":[{"count":0,"href":"https:\/\/www.europesays.com\/fr\/wp-json\/wp\/v2\/posts\/593332\/revisions"}],"wp:featuredmedia":[{"embeddable":true,"href":"https:\/\/www.europesays.com\/fr\/wp-json\/wp\/v2\/media\/593333"}],"wp:attachment":[{"href":"https:\/\/www.europesays.com\/fr\/wp-json\/wp\/v2\/media?parent=593332"}],"wp:term":[{"taxonomy":"category","embeddable":true,"href":"https:\/\/www.europesays.com\/fr\/wp-json\/wp\/v2\/categories?post=593332"},{"taxonomy":"post_tag","embeddable":true,"href":"https:\/\/www.europesays.com\/fr\/wp-json\/wp\/v2\/tags?post=593332"}],"curies":[{"name":"wp","href":"https:\/\/api.w.org\/{rel}","templated":true}]}}