{"id":593336,"date":"2025-12-11T18:18:12","date_gmt":"2025-12-11T18:18:12","guid":{"rendered":"https:\/\/www.europesays.com\/fr\/593336\/"},"modified":"2025-12-11T18:18:12","modified_gmt":"2025-12-11T18:18:12","slug":"cest-le-reve-de-tout-collectionneur","status":"publish","type":"post","link":"https:\/\/www.europesays.com\/fr\/593336\/","title":{"rendered":"\u00ab C&rsquo;est le r\u00eave de tout collectionneur \u00bb"},"content":{"rendered":"<p>                    Par<br \/>\n        <strong><br \/>\n            <a href=\"https:\/\/actu.fr\/auteur\/yann-rivallan\" title=\"Consulter tous les articles de Yann Rivallan\" target=\"_blank\" rel=\"noopener\">Yann Rivallan<\/a><br \/>\n                    <\/strong><\/p>\n<p>        Publi\u00e9 le<\/p>\n<p>            11 d\u00e9c. 2025 \u00e0 18h20        <\/p>\n<p>Install\u00e9 au fond de sa boutique, David Deumer laisse \u00e9chapper un sourire. Quand, il y a quelques ann\u00e9es, il est retomb\u00e9 dans ses souvenirs d\u2019enfant en reprenant une collection de <strong>cartes Pok\u00e9mon<\/strong>, le jeune homme de 29\u00a0ans ne s\u2019imaginait pas forc\u00e9ment en faire un m\u00e9tier. Mais apr\u00e8s de nombreux investissements, il vient d\u2019ouvrir le <strong>29\u00a0novembre 2025<\/strong> \u00e0 <a href=\"https:\/\/actu.fr\/normandie\/rouen_76540\" target=\"_blank\" rel=\"noopener\">Rouen (Seine-Maritime)<\/a> sa propre boutique, d\u00e9di\u00e9e aux licences de jeux de cartes \u00e0 collectionner.<\/p>\n<p>Des cartes Pok\u00e9mon, mais pas que\u2026<\/p>\n<p class=\" wall-content\">Baptis\u00e9e <strong>Star &amp; Co,<\/strong> pour \u00ab\u2009le c\u00f4t\u00e9 prestigieux et collector\u2009\u00bb, explique-t-il, ce nouveau commerce install\u00e9 en bas du boulevard des Belges propose <strong>\u00ab\u2009entre 10\u2009000\u00a0et 12\u2009000\u00a0cartes\u2009\u00bb<\/strong> \u00e0 la vente, sans compter les nombreux coffrets et displays (une bo\u00eete comprenant en g\u00e9n\u00e9ral 36 boosters) scell\u00e9s. Il est aussi possible de venir vendre ses cartes en boutique.<\/p>\n<p class=\" wall-content\">Ici, on retrouve des cartes \u00e0 collectionner de la licence <strong>One Piece, Lorcana<\/strong> (sur l\u2019univers de Disney) ou encore <strong>Yu-Gi-Oh\u2009! et Magic<\/strong>. Mais le gros du stock, ce sont \u00e9videmment les cartes Pok\u00e9mon. La franchise \u00ab\u2009la plus populaire\u2009\u00bb, reconna\u00eet David Deumer, mais aussi celle qu\u2019il conna\u00eet le mieux.<\/p>\n<p class=\" wall-content\">Avec ses deux employ\u00e9s, Baptiste et Axel, le collectionneur et entrepreneur veut permettre \u00e0 \u00ab\u2009tout le monde de trouver son compte\u2009\u00bb. Et il mise avant tout sur \u00ab\u2009le conseil client pour que n\u2019importe qui puisse comprendre\u2009\u00bb.<\/p>\n<p class=\" wall-content\">Du c\u00f4t\u00e9 de Pok\u00e9mon, le dirigeant de Star &amp; Co a \u00e0 c\u0153ur de proposer des cartes de <strong>toutes les \u00e9ditions<\/strong>. De la toute premi\u00e8re, sortie en 1999 en France, jusqu\u2019aux derni\u00e8res en date. \u00ab\u2009Le but, c\u2019est que tout le monde trouve quelque chose qui lui pla\u00eet, nous indique-t-on. On a du r\u00e9cent mais aussi des \u00e9ditions pour les nostalgiques.\u2009\u00bb<\/p>\n<p>Vid\u00e9os : en ce moment sur Actu\u00ab\u2009Je n\u2019ai m\u00eame pas l\u2019impression de travailler\u2009\u00bb<\/p>\n<p class=\" wall-content\">C\u2019est apr\u00e8s le Covid que David Deumer replonge dans la licence qui a berc\u00e9 son enfance. \u00ab\u2009J\u2019avais d\u00e9j\u00e0 l\u2019\u00e2me de collectionneur quand j\u2019\u00e9tais petit, et j\u2019aime bien le c\u00f4t\u00e9 business [des cartes Pok\u00e9mon].\u2009\u00bb Il investit progressivement de l\u2019argent pour agrandir toujours plus sa collection. Jusqu\u2019\u00e0 lancer <strong>sa micro entreprise<\/strong> de vente en 2023.<\/p>\n<blockquote class=\"ac-article-quote wall-content\">\n<p>Quand vous faites \u00e7a, vous \u00eates coup\u00e9s du monde. Vous travaillez \u00e0 la maison et vous ne voyez personne. Mais j&rsquo;aime le social et j&rsquo;avais besoin de retrouver une client\u00e8le physique que je peux renseigner.<\/p>\n<p>    <strong>David Deumer<\/strong><br \/>\n        Dirigeant de Star &amp; Co    <\/p><\/blockquote>\n<p>Votre r\u00e9gion, votre actu !<\/p>\n<p>Recevez chaque jour les infos qui comptent pour vous.<\/p>\n<p>\t<a href=\"https:\/\/actu.fr\/newsletter\" class=\"ac-btn ac-btn--corner ac-btn--medium ac-btn--blue800\" target=\"_blank\" rel=\"noopener\">S&rsquo;incrire<\/a><\/p>\n<p class=\" wall-content\">Et il l\u2019assure, ouvrir sa propre boutique consacr\u00e9e \u00e0 Pok\u00e9mon\u2009: \u00ab\u2009C\u2019est le r\u00eave de tout collectionneur. Je n\u2019ai m\u00eame pas l\u2019impression de travailler\u2009\u00bb. Originaire de Val-de-Reuil, le jeune homme fait des \u00e9tudes de march\u00e9. Et Rouen s\u2019av\u00e8re \u00eatre la ville id\u00e9ale.<\/p>\n<p class=\" wall-content\">Car les cartes \u00e0 collectionner ont le vent en poupe. Partout, <strong>les prix et la demande explosent<\/strong>. Et Rouen n\u2019\u00e9chappe pas \u00e0 la r\u00e8gle avec plusieurs boutiques d\u00e9di\u00e9es qui ont ouvert r\u00e9cemment.<\/p>\n<p>Des tournois et des \u00e9v\u00e9nements<\/p>\n<p class=\" wall-content\">D\u2019ici trois mois et demi, Star &amp; Co va proposer <strong>des tournois<\/strong>, \u00ab\u2009sur Pok\u00e9mon d\u2019abord mais aussi sur d\u2019autres jeux de cartes\u2009\u00bb, pr\u00e9cise David Deumer. En compl\u00e9ment, la boutique va proposer ponctuellement <strong>des \u00e9v\u00e9nements<\/strong> comme une bourse aux \u00e9changes ou des concours \u00e0 l\u2019occasion des f\u00eates.<\/p>\n<p class=\" wall-content\">Et m\u00eame sans occasion particuli\u00e8re, <strong>une table de jeu<\/strong> est \u00e0 disposition dans la boutique pour quiconque souhaiterait s\u2019installer. \u00ab\u2009On demande juste de prendre une consommation\u2009\u00bb, ajoute le g\u00e9rant. Sodas, boissons \u00e9nergisantes et friandises sont disponibles.<\/p>\n<p class=\" wall-content\">D\u2019ici quelques jours, la boutique sera d\u2019ailleurs \u00ab\u2009compl\u00e8te\u2009\u00bb, aux yeux de son fondateur. Une pi\u00e8ce unique va venir agr\u00e9menter la d\u00e9coration\u2009: \u00ab\u2009Il s\u2019agit d\u2019une r\u00e9plique de la statue de <strong>Mewtwo incubateur<\/strong> que l\u2019on ne retrouve qu\u2019au Pok\u00e9mon Center de Tokyo. Elle mesure environ 1m80.\u2009\u00bb<\/p>\n<p class=\" wall-content\">Car David Deumer ne veut pas juste proposer \u00ab\u2009une simple boutique\u2009\u00bb, mais plut\u00f4t un magasin \u00ab\u2009un peu immersif\u2009\u00bb o\u00f9 l\u2019on plonge directement dans l\u2019univers des monstres de poche.<\/p>\n<p><strong>Infos pratiques<\/strong><br \/>\nStar &amp; Co, 31 boulevard des Belges \u00e0 Rouen. Ouverture du mardi au samedi de 10h \u00e0 19h. Pour le mois de d\u00e9cembre\u00a02025, la boutique est ouverte tous les jours, y compris le lundi et le dimanche. Instagram\u2009: <a href=\"https:\/\/www.instagram.com\/star_and_co76\/\" target=\"_blank\" rel=\"noopener\">star_and_co76<\/a>.Suivez l\u2019actualit\u00e9 de Rouen sur <a href=\"https:\/\/www.whatsapp.com\/channel\/0029VaKfnf99hXF2ddApFB1D\" target=\"_blank\" rel=\"noopener\">notre cha\u00eene WhatsApp<\/a> et sur <a href=\"https:\/\/www.tiktok.com\/@76actu.fr?lang=fr\" target=\"_blank\" rel=\"noopener\">notre compte TikTok<\/a><\/p>\n<p class=\" wall-content\">Personnalisez votre actualit\u00e9 en ajoutant vos villes et m\u00e9dias en favori avec <a href=\"https:\/\/moncompte.actu.fr\" title=\"D\u00e9couvez Mon Actu\" rel=\"nofollow noopener\" data-trk=\"{&quot;cta&quot;:{&quot;action&quot;:&quot;https:\\\/\\\/moncompte.actu.fr&quot;,&quot;category&quot;:&quot;mon compte&quot;,&quot;from&quot;:&quot;article footer&quot;,&quot;name&quot;:&quot;Mon actu&quot;,&quot;type&quot;:&quot;cta&quot;}}\" target=\"_blank\">Mon Actu<\/a>.<\/p>\n<p>                    <script async src=\"\/\/www.instagram.com\/embed.js\"><\/script><script async src=\"\/\/www.tiktok.com\/embed.js\"><\/script><\/p>\n","protected":false},"excerpt":{"rendered":"Par Yann Rivallan Publi\u00e9 le 11 d\u00e9c. 2025 \u00e0 18h20 Install\u00e9 au fond de sa boutique, David Deumer&hellip;\n","protected":false},"author":2,"featured_media":593337,"comment_status":"","ping_status":"","sticky":false,"template":"","format":"standard","meta":{"footnotes":""},"categories":[9587],"tags":[1111,11,13207,215,1777,674,1011,27,1652,12,5161,25,9590],"class_list":{"0":"post-593336","1":"post","2":"type-post","3":"status-publish","4":"format-standard","5":"has-post-thumbnail","7":"category-rouen","8":"tag-actu","9":"tag-actualites","10":"tag-collections","11":"tag-commerce","12":"tag-eu","13":"tag-europe","14":"tag-fr","15":"tag-france","16":"tag-loisirs-culture","17":"tag-news","18":"tag-normandie","19":"tag-republique-francaise","20":"tag-rouen"},"share_on_mastodon":{"url":"https:\/\/pubeurope.com\/@fr\/115702314261861602","error":""},"_links":{"self":[{"href":"https:\/\/www.europesays.com\/fr\/wp-json\/wp\/v2\/posts\/593336","targetHints":{"allow":["GET"]}}],"collection":[{"href":"https:\/\/www.europesays.com\/fr\/wp-json\/wp\/v2\/posts"}],"about":[{"href":"https:\/\/www.europesays.com\/fr\/wp-json\/wp\/v2\/types\/post"}],"author":[{"embeddable":true,"href":"https:\/\/www.europesays.com\/fr\/wp-json\/wp\/v2\/users\/2"}],"replies":[{"embeddable":true,"href":"https:\/\/www.europesays.com\/fr\/wp-json\/wp\/v2\/comments?post=593336"}],"version-history":[{"count":0,"href":"https:\/\/www.europesays.com\/fr\/wp-json\/wp\/v2\/posts\/593336\/revisions"}],"wp:featuredmedia":[{"embeddable":true,"href":"https:\/\/www.europesays.com\/fr\/wp-json\/wp\/v2\/media\/593337"}],"wp:attachment":[{"href":"https:\/\/www.europesays.com\/fr\/wp-json\/wp\/v2\/media?parent=593336"}],"wp:term":[{"taxonomy":"category","embeddable":true,"href":"https:\/\/www.europesays.com\/fr\/wp-json\/wp\/v2\/categories?post=593336"},{"taxonomy":"post_tag","embeddable":true,"href":"https:\/\/www.europesays.com\/fr\/wp-json\/wp\/v2\/tags?post=593336"}],"curies":[{"name":"wp","href":"https:\/\/api.w.org\/{rel}","templated":true}]}}