{"id":593338,"date":"2025-12-11T18:19:14","date_gmt":"2025-12-11T18:19:14","guid":{"rendered":"https:\/\/www.europesays.com\/fr\/593338\/"},"modified":"2025-12-11T18:19:14","modified_gmt":"2025-12-11T18:19:14","slug":"cinq-points-a-retenir-du-meeting-de-la-france-insoumise","status":"publish","type":"post","link":"https:\/\/www.europesays.com\/fr\/593338\/","title":{"rendered":"cinq points \u00e0 retenir du meeting de La France Insoumise"},"content":{"rendered":"<p>                    Par<br \/>\n        <strong><br \/>\n            <a href=\"https:\/\/actu.fr\/auteur\/yann-rivallan\" title=\"Consulter tous les articles de Yann Rivallan\" target=\"_blank\" rel=\"noopener\">Yann Rivallan<\/a><br \/>\n                    <\/strong><\/p>\n<p>        Publi\u00e9 le<\/p>\n<p>            11 d\u00e9c. 2025 \u00e0 19h10        <\/p>\n<p>C\u2019est le top d\u00e9part pour la campagne des <strong>municipales 2026<\/strong> pour le parti de La France Insoumise. Dans la soir\u00e9e du mercredi 10\u00a0d\u00e9cembre 2025, la t\u00eate de liste du parti \u00e0 <a href=\"https:\/\/actu.fr\/normandie\/rouen_76540\" target=\"_blank\" rel=\"noopener\">Rouen<\/a>, Maxime Da Silva, a organis\u00e9 un meeting \u00e0 l\u2019ext\u00e9rieur de la Halle aux Toiles, aux c\u00f4t\u00e9s de la d\u00e9put\u00e9e de la Seine-Maritime <strong>Alma Dufour<\/strong> et de la patronne des Insoumis \u00e0 l\u2019Assembl\u00e9e, <strong>Mathilde Panot<\/strong>. Voici cinq points \u00e0 retenir de cette soir\u00e9e.<\/p>\n<p>Cantine, logements, transports\u2026 Ce qu\u2019il faut retenir<\/p>\n<p class=\" wall-content\">\u00ab\u2009Faire mieux pour Rouen\u2009\u00bb, c\u2019est le slogan de la campagne des Insoumis. Une volont\u00e9 qui se traduit par une s\u00e9rie de propositions faites au cours du meeting\u2009:<\/p>\n<ul class=\" wall-content\">\n<li><strong>Une cantine gratuite et bio pour tous\u2009:<\/strong> c\u2019est une proposition phare des diff\u00e9rentes listes Insoumises en France. \u00c0 Rouen, Maxime Da Silva veut proposer une cantine gratuite, bio et locale pour tous. Une proposition qui pourrait dans un premier temps se faire en priorit\u00e9 pour les familles les plus d\u00e9munies. D\u2019apr\u00e8s le candidat, \u00e0 Rouen il y a encore \u00ab\u2009des enfants qui ne mangent pas \u00e0 leur faim\u2009\u00bb.<\/li>\n<li><strong>Une facture d\u2019eau moins importante\u2009:<\/strong> pour venir en aide aux plus pr\u00e9caires, le candidat Insoumis a annonc\u00e9 qu\u2019il souhaitait rendre gratuits \u00ab\u2009les premiers m\u00e8tres cubes d\u2019eau n\u00e9cessaires \u00e0 la vie\u2009\u00bb \u00e0 Rouen, sans pr\u00e9ciser s\u2019il voulait \u00e9tendre cette gratuit\u00e9 \u00e0 tous les habitants. D\u2019apr\u00e8s ses estimations, une telle mesure permettrait de \u00ab\u2009r\u00e9duire de 20\u2009% le montant de la facture\u2009\u00bb pour les personnes concern\u00e9es.<\/li>\n<li><strong>Gel des loyers et r\u00e9quisition de logements vacants\u2009:<\/strong> concernant le logement \u00e0 Rouen, le candidat Insoumis a fait une s\u00e9rie de propositions. D\u2019abord, celle du gel des loyers des logements sociaux, la cr\u00e9ation d\u2019une brigade du logement pour faire avancer la r\u00e9novation \u00e9nerg\u00e9tique ou encore la r\u00e9quisition de logements vacants sous certaines conditions pour loger ceux qui en ont le plus besoin. Selon la d\u00e9put\u00e9e Alma Dufour, la ville de Rouen compterait 17\u2009% de logements vacants. Une donn\u00e9e pourtant bien au-dessus des derniers chiffres de l\u2019Insee, qui font \u00e9tat d\u2019un taux de vacance de pr\u00e8s de 10\u2009% en 2022 (ann\u00e9e de recensement la plus r\u00e9cente).<\/li>\n<li><strong>Des transports gratuits pour tous\u2009:<\/strong> autre proposition d\u00e9j\u00e0 esquiss\u00e9e il y a <a href=\"https:\/\/actu.fr\/normandie\/rouen_76540\/municipales-a-rouen-le-candidat-lfi-maxime-da-silva-appelle-les-ecolos-et-communistes-a-le-rejoindre_63407775.html\" target=\"_blank\" rel=\"noopener\">quelques semaines<\/a> par Maxime Da Silva, l\u2019extension de la gratuit\u00e9 des transports \u00e0 tous. Sans pr\u00e9ciser comment il voudrait financer cette proposition, le candidat a aussi insist\u00e9 sur sa volont\u00e9 d\u2019augmenter la cadence des bus \u00e0 Rouen, y compris le dimanche.<\/li>\n<li><strong>Des m\u00e9diateurs et un service d\u2019accueil pour les victimes de discriminations\u2009: <\/strong>sur le volet s\u00e9curit\u00e9, ce n\u2019est pas une surprise, Maxime Da Silva est fermement oppos\u00e9 \u00e0 l\u2019installation de cam\u00e9ras. Il propose \u00e0 la place d\u2019augmenter le nombre de m\u00e9diateurs, notamment dans les \u00ab\u2009quartiers stigmatis\u00e9s\u2009\u00bb, dit-il, et le d\u00e9veloppement des maisons de quartiers. En parall\u00e8le, le candidat Insoumis a aussi insist\u00e9 sur sa volont\u00e9 de d\u00e9velopper un service d\u2019accueil pour les personnes victimes de discriminations et\/ou de violences conjugales, familiales, etc.<\/li>\n<\/ul>\n<p>Un meeting \u00e0 quelques m\u00e8tres d\u2019une r\u00e9union publique du maire<\/p>\n<p class=\" wall-content\">La liste de La France Insoumise \u00e0 Rouen veut aussi donner davantage de pouvoir aux habitants. Pour \u00e7a, s\u2019il est \u00e9lu, Maxime Da Silva s\u2019engage \u00e0 mettre en place un \u00ab\u2009r\u00e9f\u00e9rendum d\u2019initiative citoyenne\u2009\u00bb.<\/p>\n<p><a class=\"jo-module-caroussel__img-container\" href=\"https:\/\/static.actu.fr\/uploads\/2025\/12\/alma-dufour-meeting-lfi-rouen.jpg\" title=\"Agrandir la photo La d\u00e9put\u00e9e de la 4\u00e8me circonscription de la Seine-Maritime, Alma Dufour, a vivement critiqu\u00e9 le bilan du maire de Rouen Nicolas Mayer-Rossignol. (\u00a9 YR\/76actu)\" data-idx=\"1\" target=\"_blank\" rel=\"noopener\"><br \/>\n    <img decoding=\"async\" class=\"jo-module-caroussel__img\" loading=\"lazy\" src=\"https:\/\/www.europesays.com\/fr\/wp-content\/uploads\/2025\/12\/alma-dufour-meeting-lfi-rouen-640x427.jpg\" alt=\"La d\u00e9put\u00e9e de la 4\u00e8me circonscription de la Seine-Maritime, Alma Dufour, a vivement critiqu\u00e9 le bilan du maire de Rouen Nicolas Mayer-Rossignol. (\u00a9 YR\/76actu)\" width=\"640\" height=\"427\"\/><\/a><a class=\"jo-module-caroussel__img-container\" href=\"https:\/\/static.actu.fr\/uploads\/2025\/12\/mathilde-panot-meeting-lfi-rouen.jpg\" title=\"Agrandir la photo La d\u00e9put\u00e9e et pr\u00e9sidente du groupe La France Insoumise \u00e0 l\u2019Assembl\u00e9e Nationale, Mathilde Panot, a fait le point sur les combats men\u00e9s par le parti dans l\u2019h\u00e9micycle. (\u00a9 YR\/76actu)\" data-idx=\"2\" target=\"_blank\" rel=\"noopener\"><br \/>\n    <img decoding=\"async\" class=\"jo-module-caroussel__img\" loading=\"lazy\" src=\"https:\/\/www.europesays.com\/fr\/wp-content\/uploads\/2025\/12\/mathilde-panot-meeting-lfi-rouen-640x427.jpg\" alt=\"La d\u00e9put\u00e9e et pr\u00e9sidente du groupe La France Insoumise \u00e0 l\u2019Assembl\u00e9e Nationale, Mathilde Panot, a fait le point sur les combats men\u00e9s par le parti dans l\u2019h\u00e9micycle. (\u00a9 YR\/76actu)\" width=\"640\" height=\"427\"\/><\/a><\/p>\n<p class=\" wall-content\">Mercredi soir, en plus d\u2019Alma Dufour et de Mathilde Panot, la t\u00eate de liste LFI n\u2019a pas manqu\u00e9 de critiquer le bilan du maire Nicolas Mayer-Rossignol. Qualifi\u00e9 de \u00ab\u2009tra\u00eetre\u2009\u00bb et de \u00ab\u2009suppl\u00e9tif de la macronie\u2009\u00bb, ses oreilles ont d\u00fb siffler. Car le premier \u00e9dile rouennais organisait au m\u00eame moment <strong>une r\u00e9union publique<\/strong> de bilan de son mandat \u00e0 quelques m\u00e8tres de l\u00e0, \u00e0 l\u2019int\u00e9rieur de la Halle aux Toiles.<\/p>\n<p class=\" wall-content\">P\u00eale-m\u00eale, les repr\u00e9sentants de La France Insoumise ont insist\u00e9 sur leur volont\u00e9 de faire tomber le \u00ab\u2009drapeau de la honte du fronton de la mairie\u2009\u00bb, o\u00f9 l\u2019on peut voir les drapeaux d\u2019Isra\u00ebl et de la Palestine c\u00f4te \u00e0 c\u00f4te avec la mention \u00ab\u2009paix\u2009\u00bb. Les Insoumis entendent aussi \u00ab\u2009arr\u00eater de financer \u00e0 outrance l\u2019enseignement priv\u00e9 \u00e0 Rouen\u2009\u00bb ou encore mettre fin \u00e0 des projets jug\u00e9s inutiles comme <a href=\"https:\/\/actu.fr\/normandie\/rouen_76540\/en-images-on-sait-a-quoi-va-ressembler-le-futur-centre-des-congres-de-rouen_63266687.html\" target=\"_blank\" rel=\"noopener\">\u00ab\u2009le futur centre des Congr\u00e8s\u2009\u00bb<\/a>.<\/p>\n<p>Votre r\u00e9gion, votre actu !<\/p>\n<p>Recevez chaque jour les infos qui comptent pour vous.<\/p>\n<p>\t<a href=\"https:\/\/actu.fr\/newsletter\" class=\"ac-btn ac-btn--corner ac-btn--medium ac-btn--blue800\" target=\"_blank\" rel=\"noopener\">S&rsquo;incrire<\/a><\/p>\n<p class=\" wall-content\">Enfin, le meeting s\u2019est conclu par un drag show et un spectacle de hip-hop. Une conclusion artistique qui a suscit\u00e9 un v\u00e9ritable <strong>flot de haine et d\u2019insultes<\/strong> sur les r\u00e9seaux sociaux quelques jours avant l\u2019\u00e9v\u00e9nement. Des comportements jug\u00e9s \u00ab\u2009transphobes, homophobes et racistes\u2009\u00bb par la section locale de LFI et qui pourront faire l\u2019objet d\u2019un d\u00e9p\u00f4t de plainte, selon un communiqu\u00e9 de presse du parti.<\/p>\n<p>Suivez l\u2019actualit\u00e9 de Rouen sur <a href=\"https:\/\/www.whatsapp.com\/channel\/0029VaKfnf99hXF2ddApFB1D\" target=\"_blank\" rel=\"noopener\">notre cha\u00eene WhatsApp<\/a> et sur <a href=\"https:\/\/www.tiktok.com\/@76actu.fr?lang=fr\" target=\"_blank\" rel=\"noopener\">notre compte TikTok<\/a><\/p>\n<p class=\" wall-content\">Personnalisez votre actualit\u00e9 en ajoutant vos villes et m\u00e9dias en favori avec <a href=\"https:\/\/moncompte.actu.fr\" title=\"D\u00e9couvez Mon Actu\" rel=\"nofollow noopener\" data-trk=\"{&quot;cta&quot;:{&quot;action&quot;:&quot;https:\\\/\\\/moncompte.actu.fr&quot;,&quot;category&quot;:&quot;mon compte&quot;,&quot;from&quot;:&quot;article footer&quot;,&quot;name&quot;:&quot;Mon actu&quot;,&quot;type&quot;:&quot;cta&quot;}}\" target=\"_blank\">Mon Actu<\/a>.<\/p>\n<p>                    <script async src=\"\/\/www.tiktok.com\/embed.js\"><\/script><\/p>\n","protected":false},"excerpt":{"rendered":"Par Yann Rivallan Publi\u00e9 le 11 d\u00e9c. 2025 \u00e0 19h10 C\u2019est le top d\u00e9part pour la campagne des&hellip;\n","protected":false},"author":2,"featured_media":593339,"comment_status":"","ping_status":"","sticky":false,"template":"","format":"standard","meta":{"footnotes":""},"categories":[9587],"tags":[1111,11,4188,1777,674,1011,27,1023,3434,12,5161,316,25,9590],"class_list":{"0":"post-593338","1":"post","2":"type-post","3":"status-publish","4":"format-standard","5":"has-post-thumbnail","7":"category-rouen","8":"tag-actu","9":"tag-actualites","10":"tag-elections-municipales","11":"tag-eu","12":"tag-europe","13":"tag-fr","14":"tag-france","15":"tag-la-france-insoumise-lfi","16":"tag-municipales-2026","17":"tag-news","18":"tag-normandie","19":"tag-politique","20":"tag-republique-francaise","21":"tag-rouen"},"share_on_mastodon":{"url":"https:\/\/pubeurope.com\/@fr\/115702318998307152","error":""},"_links":{"self":[{"href":"https:\/\/www.europesays.com\/fr\/wp-json\/wp\/v2\/posts\/593338","targetHints":{"allow":["GET"]}}],"collection":[{"href":"https:\/\/www.europesays.com\/fr\/wp-json\/wp\/v2\/posts"}],"about":[{"href":"https:\/\/www.europesays.com\/fr\/wp-json\/wp\/v2\/types\/post"}],"author":[{"embeddable":true,"href":"https:\/\/www.europesays.com\/fr\/wp-json\/wp\/v2\/users\/2"}],"replies":[{"embeddable":true,"href":"https:\/\/www.europesays.com\/fr\/wp-json\/wp\/v2\/comments?post=593338"}],"version-history":[{"count":0,"href":"https:\/\/www.europesays.com\/fr\/wp-json\/wp\/v2\/posts\/593338\/revisions"}],"wp:featuredmedia":[{"embeddable":true,"href":"https:\/\/www.europesays.com\/fr\/wp-json\/wp\/v2\/media\/593339"}],"wp:attachment":[{"href":"https:\/\/www.europesays.com\/fr\/wp-json\/wp\/v2\/media?parent=593338"}],"wp:term":[{"taxonomy":"category","embeddable":true,"href":"https:\/\/www.europesays.com\/fr\/wp-json\/wp\/v2\/categories?post=593338"},{"taxonomy":"post_tag","embeddable":true,"href":"https:\/\/www.europesays.com\/fr\/wp-json\/wp\/v2\/tags?post=593338"}],"curies":[{"name":"wp","href":"https:\/\/api.w.org\/{rel}","templated":true}]}}