{"id":593356,"date":"2025-12-11T18:28:16","date_gmt":"2025-12-11T18:28:16","guid":{"rendered":"https:\/\/www.europesays.com\/fr\/593356\/"},"modified":"2025-12-11T18:28:16","modified_gmt":"2025-12-11T18:28:16","slug":"8-jours-pour-voir-24h-de-la-vie-dune-femme","status":"publish","type":"post","link":"https:\/\/www.europesays.com\/fr\/593356\/","title":{"rendered":"8 jours pour voir \u00ab\u00a024h de la vie d&rsquo;une femme\u00a0\u00bb"},"content":{"rendered":"<p>                            <strong>L\u2019exposition \u00ab\u00a024h de la vie d\u2019une femme\u00a0\u00bb se tient actuellement aux Archives D\u00e9partementales de Loire-Atlantique. Quelques cr\u00e9neaux sont encore disponibles avant sa fermeture dans une semaine.<\/strong><\/p>\n<p>D\u00e9but\u00e9e le 20 octobre dernier, l\u2019exposition \u00ab\u00a024h de la vie d\u2019une femme\u00a0\u00bb ferma ses portes aux Archives d\u00e9partementales de Loire-Atlantique le 19 d\u00e9cembre. D\u00e9j\u00e0 \u00ab\u00a0plus de 8000 personnes\u00a0\u00bb sont venues la voir comme l\u2019indique le D\u00e9partement de la Loire-Atlantique.<\/p>\n<p>Avec cette d\u00e9ambulation au fil des parcours de 6 femmes, l\u2019id\u00e9e pour le D\u00e9partement \u00e9tait de \u00ab\u00a0sensibiliser sur [leur] condition dans le monde \u00bb. Con\u00e7ue par Ars Anima en lien avec l\u2019association Pays de la Loire Coop\u00e9ration, cette exposition est une exp\u00e9rience immersive avec images et sons. 6 femmes de Guin\u00e9e, Inde, Kurdistan, Nigeria, Guatemala et France sont mises en lumi\u00e8re.<\/p>\n<p>Chaque personne effectue la visite d\u2019une heure avec un casque sur les oreilles et regarde leur engagement alors qu\u2019elles font face \u00ab \u00e0 des injustices li\u00e9es \u00e0 leur condition f\u00e9minine : <a href=\"https:\/\/hellogazettenantes.fr\/contre-les-violences-faites-aux-femmes-marchez-a-reze\/\" target=\"_blank\" rel=\"noopener\">violences<\/a>, discriminations, exploitation, mariages et grossesses pr\u00e9coces\u00a0\u00bb.\u00a0<\/p>\n<p style=\"text-align: center;\">Infos compl\u00e9mentaires :<\/p>\n<p style=\"text-align: center;\">Gratuit sur inscription (24h-wmn.org)<\/p>\n<p style=\"text-align: center;\">D\u00e8s 10 ans<\/p>\n<p style=\"text-align: center;\">Archives d\u00e9partementales de Loire-Atlantique, 6 rue Bouill\u00e9 \u00e0 Nantes<\/p>\n<p>Photo : Des visiteurs en immersion lors de 24h de la vie d\u2019une femme, D\u00e9partement de Loire-Atlantique            <\/p>\n<p><img decoding=\"async\" alt=\"Advertisement\" src=\"data:image\/svg+xml,%3Csvg%20xmlns=\" http:=\"\" data-lazy-src=\"https:\/\/www.europesays.com\/fr\/wp-content\/uploads\/2025\/04\/Application-mobile-hello-gazette-nantes.gif\"\/><\/p>\n","protected":false},"excerpt":{"rendered":"L\u2019exposition \u00ab\u00a024h de la vie d\u2019une femme\u00a0\u00bb se tient actuellement aux Archives D\u00e9partementales de Loire-Atlantique. Quelques cr\u00e9neaux sont&hellip;\n","protected":false},"author":2,"featured_media":593357,"comment_status":"","ping_status":"","sticky":false,"template":"","format":"standard","meta":{"footnotes":""},"categories":[2818],"tags":[1111,11,1777,674,1011,27,766,12,2636,25],"class_list":{"0":"post-593356","1":"post","2":"type-post","3":"status-publish","4":"format-standard","5":"has-post-thumbnail","7":"category-nantes","8":"tag-actu","9":"tag-actualites","10":"tag-eu","11":"tag-europe","12":"tag-fr","13":"tag-france","14":"tag-nantes","15":"tag-news","16":"tag-pays-de-la-loire","17":"tag-republique-francaise"},"share_on_mastodon":{"url":"https:\/\/pubeurope.com\/@fr\/115702353404373259","error":""},"_links":{"self":[{"href":"https:\/\/www.europesays.com\/fr\/wp-json\/wp\/v2\/posts\/593356","targetHints":{"allow":["GET"]}}],"collection":[{"href":"https:\/\/www.europesays.com\/fr\/wp-json\/wp\/v2\/posts"}],"about":[{"href":"https:\/\/www.europesays.com\/fr\/wp-json\/wp\/v2\/types\/post"}],"author":[{"embeddable":true,"href":"https:\/\/www.europesays.com\/fr\/wp-json\/wp\/v2\/users\/2"}],"replies":[{"embeddable":true,"href":"https:\/\/www.europesays.com\/fr\/wp-json\/wp\/v2\/comments?post=593356"}],"version-history":[{"count":0,"href":"https:\/\/www.europesays.com\/fr\/wp-json\/wp\/v2\/posts\/593356\/revisions"}],"wp:featuredmedia":[{"embeddable":true,"href":"https:\/\/www.europesays.com\/fr\/wp-json\/wp\/v2\/media\/593357"}],"wp:attachment":[{"href":"https:\/\/www.europesays.com\/fr\/wp-json\/wp\/v2\/media?parent=593356"}],"wp:term":[{"taxonomy":"category","embeddable":true,"href":"https:\/\/www.europesays.com\/fr\/wp-json\/wp\/v2\/categories?post=593356"},{"taxonomy":"post_tag","embeddable":true,"href":"https:\/\/www.europesays.com\/fr\/wp-json\/wp\/v2\/tags?post=593356"}],"curies":[{"name":"wp","href":"https:\/\/api.w.org\/{rel}","templated":true}]}}