{"id":593358,"date":"2025-12-11T18:30:28","date_gmt":"2025-12-11T18:30:28","guid":{"rendered":"https:\/\/www.europesays.com\/fr\/593358\/"},"modified":"2025-12-11T18:30:28","modified_gmt":"2025-12-11T18:30:28","slug":"fc-nantes-rothen-glisse-ses-conseils-a-kantari-les-supporters-setranglent","status":"publish","type":"post","link":"https:\/\/www.europesays.com\/fr\/593358\/","title":{"rendered":"FC Nantes\u00a0: Rothen glisse ses conseils \u00e0 Kantari, les supporters s&rsquo;\u00e9tranglent\u00a0!"},"content":{"rendered":"<p><strong>Selon J\u00e9r\u00f4me Rothen, le nouveau coach du FC Nantes Ahmed Kantari n\u2019a pas 36 solutions pour sortir les Canaris de l\u2019impasse\u2026<\/strong><\/p>\n<p>C\u2019est officiel depuis ce midi\u00a0: Luis Castro est remplac\u00e9 par Ahmed Kantari sur le banc du FC Nantes. Adjoint d\u2019Antoine Kombouar\u00e9 de janvier \u00e0 mai 2025 au sein du FC Nantes, Ahmed Kantari conna\u00eet bien l\u2019institution et une partie du groupe professionnel. Un atout pour rapidement trouver les cl\u00e9s de la relance du FC Nantes, d\u00e8s vendredi soir, \u00e0 l\u2019occasion du d\u00e9placement \u00e0 Angers. Kantari sera \u00e9paul\u00e9 par deux adjoints \u2013 Eric Blahic et St\u00e9phane Mangione -, d\u2019un pr\u00e9parateur physique \u2013 Gilles Marambaud \u2013 et de Faouzi Amzal qui reste au poste d\u2019entra\u00eeneur des gardiens de but.<\/p>\n<p>Kantari devra s\u2019inspirer de Kombouar\u00e9<\/p>\n<p>Dans son \u00e9mission hier, sur RMC, J\u00e9r\u00f4me Rothen a d\u2019abord pris la d\u00e9fense de Luis Castro en expliquant que c\u2019\u00e9tait \u00ab\u00a0mission impossible\u00a0\u00bb pour le Portugais \u00e0 Nantes, qu\u2019il n\u2019\u00e9tait pas possible pour lui de s\u2019en sortir en quatre mois avec des jeunes et un Mercato o\u00f9 les cadres \u00e9taient quasi tous partis. Rothen avait ensuite milit\u00e9 pour que les Kita fassent appel \u00e0 Pascal Dupraz ou \u00e0 Antoine Kombouar\u00e9. Selon lui, Kantari devra donc s\u2019inspirer du Kanak, d\u00e9cri\u00e9 par les supporters nantais avant son \u00e9viction. \u00ab\u00a0Kombouar\u00e9 c\u2019est un entra\u00eeneur tous les jours c\u2019est combat, courir, gagner les duels, aller au charbon. Castro, tu lui as coup\u00e9 la t\u00eate donc maintenant tu es oblig\u00e9 de faire \u00e7a, c\u2019est op\u00e9ration commando.\u00a0\u00bb Un discours guerrier \u00e0 la Kombouar\u00e9 pour sauver les meubles, voil\u00e0 donc ce que pr\u00e9conise Rothen. Pas s\u00fbr que cela parvienne \u00e0 convaincre les supporters des Canaris, pour la plupart m\u00e9contents du choix op\u00e9r\u00e9 par la direction\u2026<\/p>\n<blockquote class=\"twitter-tweet\">\n<p lang=\"fr\" dir=\"ltr\">\ud83d\udde3\ud83d\udcac \u00ab\u00a0L\u00e0, c&rsquo;est quasiment mission impossible. En l&rsquo;espace de quatre mois, comment veux-tu mettre quelque chose en place quand tu pars avec un groupe de jeunes ?\u00a0\u00bb<a href=\"https:\/\/twitter.com\/RothenJerome?ref_src=twsrc%5Etfw\" target=\"_blank\" rel=\"noopener\">@RothenJerome<\/a> r\u00e9agit \u00e0 l&rsquo;\u00e9viction de Luis Castro \u00e0 Nantes qui devrait \u00eatre remplac\u00e9 par Ahmed Kantari. <a href=\"https:\/\/t.co\/IYDXxS21nd\">pic.twitter.com\/IYDXxS21nd<\/a><\/p>\n<p>\u2014 Rothen s&rsquo;enflamme (@Rothensenflamme) <a href=\"https:\/\/twitter.com\/Rothensenflamme\/status\/1998825155670266234?ref_src=twsrc%5Etfw\" target=\"_blank\" rel=\"noopener\">December 10, 2025<\/a><\/p><\/blockquote>\n<p><script async src=\"https:\/\/platform.twitter.com\/widgets.js\" charset=\"utf-8\"><\/script><\/p>\n","protected":false},"excerpt":{"rendered":"Selon J\u00e9r\u00f4me Rothen, le nouveau coach du FC Nantes Ahmed Kantari n\u2019a pas 36 solutions pour sortir les&hellip;\n","protected":false},"author":2,"featured_media":593359,"comment_status":"","ping_status":"","sticky":false,"template":"","format":"standard","meta":{"footnotes":""},"categories":[2818],"tags":[1111,11,1777,674,1011,27,766,12,2636,25],"class_list":{"0":"post-593358","1":"post","2":"type-post","3":"status-publish","4":"format-standard","5":"has-post-thumbnail","7":"category-nantes","8":"tag-actu","9":"tag-actualites","10":"tag-eu","11":"tag-europe","12":"tag-fr","13":"tag-france","14":"tag-nantes","15":"tag-news","16":"tag-pays-de-la-loire","17":"tag-republique-francaise"},"share_on_mastodon":{"url":"https:\/\/pubeurope.com\/@fr\/115702361163611591","error":""},"_links":{"self":[{"href":"https:\/\/www.europesays.com\/fr\/wp-json\/wp\/v2\/posts\/593358","targetHints":{"allow":["GET"]}}],"collection":[{"href":"https:\/\/www.europesays.com\/fr\/wp-json\/wp\/v2\/posts"}],"about":[{"href":"https:\/\/www.europesays.com\/fr\/wp-json\/wp\/v2\/types\/post"}],"author":[{"embeddable":true,"href":"https:\/\/www.europesays.com\/fr\/wp-json\/wp\/v2\/users\/2"}],"replies":[{"embeddable":true,"href":"https:\/\/www.europesays.com\/fr\/wp-json\/wp\/v2\/comments?post=593358"}],"version-history":[{"count":0,"href":"https:\/\/www.europesays.com\/fr\/wp-json\/wp\/v2\/posts\/593358\/revisions"}],"wp:featuredmedia":[{"embeddable":true,"href":"https:\/\/www.europesays.com\/fr\/wp-json\/wp\/v2\/media\/593359"}],"wp:attachment":[{"href":"https:\/\/www.europesays.com\/fr\/wp-json\/wp\/v2\/media?parent=593358"}],"wp:term":[{"taxonomy":"category","embeddable":true,"href":"https:\/\/www.europesays.com\/fr\/wp-json\/wp\/v2\/categories?post=593358"},{"taxonomy":"post_tag","embeddable":true,"href":"https:\/\/www.europesays.com\/fr\/wp-json\/wp\/v2\/tags?post=593358"}],"curies":[{"name":"wp","href":"https:\/\/api.w.org\/{rel}","templated":true}]}}