{"id":593364,"date":"2025-12-11T18:34:11","date_gmt":"2025-12-11T18:34:11","guid":{"rendered":"https:\/\/www.europesays.com\/fr\/593364\/"},"modified":"2025-12-11T18:34:11","modified_gmt":"2025-12-11T18:34:11","slug":"un-etudiant-de-21-ans-chute-de-10-metres-a-lecole-dingenieur-de-toulouse-ce-quil-sest-passe","status":"publish","type":"post","link":"https:\/\/www.europesays.com\/fr\/593364\/","title":{"rendered":"Un \u00e9tudiant de 21 ans chute de 10 m\u00e8tres \u00e0 l&rsquo;\u00e9cole d&rsquo;ing\u00e9nieur de Toulouse : ce qu&rsquo;il s&rsquo;est pass\u00e9"},"content":{"rendered":"<p>                    Par<br \/>\n        <strong><br \/>\n            <a href=\"https:\/\/actu.fr\/auteur\/anaelle-montagne\" title=\"Consulter tous les articles de Anaelle Montagne\" target=\"_blank\" rel=\"noopener\">Anaelle Montagne<\/a><br \/>\n                    <\/strong><\/p>\n<p>        Publi\u00e9 le<\/p>\n<p>            11 d\u00e9c. 2025 \u00e0 17h36        <\/p>\n<p>Un \u00e9tudiant de 21 ans a fait <strong>une grave chute dans les escaliers de secours<\/strong> de l\u2019Enseeiht, l\u2019\u00e9cole d\u2019ing\u00e9nieur de Toulouse, ce mardi 9 d\u00e9cembre 2025. Il avait \u00e9t\u00e9 transport\u00e9 en urgence absolue \u00e0 l\u2019h\u00f4pital, comme l\u2019avaient r\u00e9v\u00e9l\u00e9 nos confr\u00e8res de <a href=\"https:\/\/www.ladepeche.fr\/2025\/12\/10\/info-la-depeche-chute-de-10-metres-a-lecole-dingenieur-un-etudiant-tres-grievement-blesse-13101892.php\" target=\"_blank\" rel=\"noopener\">La D\u00e9p\u00eache du Midi<\/a>. Selon les informations d\u2019<a href=\"https:\/\/actu.fr\/toulouse\/\" target=\"_blank\" rel=\"noopener\">Actu Toulouse<\/a>, le jeune homme est d\u00e9sormais sorti d\u2019affaire. Et lors de l\u2019accident, <strong>il avait consomm\u00e9 des stup\u00e9fiants<\/strong>.\u00a0<\/p>\n<p>Il a quitt\u00e9 la salle pour emprunter les escaliers de service<\/p>\n<p class=\" wall-content\">La chute est survenue vers 23 heures, au sein m\u00eame de l\u2019Enseeiht. \u00ab\u00a0Ca n\u2019a rien \u00e0 voir avec une soir\u00e9e alcolis\u00e9e\u00a0\u00bb, souligne le directeur, Martial Coulon. En r\u00e9alit\u00e9, une quarantaine d\u2019\u00e9l\u00e8ves <strong>participaient \u00e0 des ateliers<\/strong>, encadr\u00e9s par des formateurs. \u00ab\u00a0Comme toujours lorsqu\u2019on d\u00e9passe les horaires r\u00e9glementaires, <strong>un agent de s\u00e9curit\u00e9<\/strong> \u00e9tait pr\u00e9sent\u00a0\u00bb, pr\u00e9cise le directeur.<\/p>\n<p class=\" wall-content\">L\u2019\u00e9tudiant de 21 ans, qui travaillait parmi ses camarades, a d\u00e9cid\u00e9 de sortir de la salle. Il a emprunt\u00e9 <strong>les escaliers de service<\/strong> du b\u00e2timent ; c\u2019est l\u00e0 que l\u2019accident a eu lieu.<\/p>\n<p>Un bruit important dans la cage d\u2019escaliers<\/p>\n<p class=\" wall-content\">Pour une raison encore ind\u00e9termin\u00e9e \u2013 \u00e9tant donn\u00e9 qu\u2019il \u00e9tait seul -, le jeune homme est alors <strong>tomb\u00e9 dans les escaliers<\/strong>. Une chute de plus de dix m\u00e8tres de haut.<\/p>\n<p class=\" wall-content\">Alert\u00e9s par <strong>\u00ab\u00a0le bruit important\u00a0\u00bb<\/strong>, des \u00e9l\u00e8ves se sont pr\u00e9cipit\u00e9s pour v\u00e9rifier ce qui se passait. \u00ab\u00a0L\u2019agent de s\u00e9curit\u00e9 les a suivis et ils lui ont port\u00e9 secours\u00a0\u00bb, d\u00e9taille le directeur de l\u2019Enseeiht.<\/p>\n<p>Vid\u00e9os : en ce moment sur Actu\u00ab\u00a0Il n\u2019\u00e9tait pas dans son \u00e9tat normal\u00a0\u00bb<\/p>\n<p class=\" wall-content\">Rapidement d\u00e9ploy\u00e9s sur place, les secours ont jug\u00e9 que son \u00e9tat \u00e9tait inqui\u00e9tant, au vu de la chute importante qu\u2019il venait de subir.<\/p>\n<p class=\" wall-content\"><strong>\u00ab\u00a0Le jeune homme avait \u00e9galement consomm\u00e9 des stup\u00e9fiants<\/strong>\u00ab\u00a0, confie \u00e0 Actu Toulouse une source proche du dossier. \u00ab\u00a0Il n\u2019\u00e9tait pas dans son \u00e9tat normal.\u00a0\u00bb<\/p>\n<p>Votre r\u00e9gion, votre actu !<\/p>\n<p>Recevez chaque jour les infos qui comptent pour vous.<\/p>\n<p>\t<a href=\"https:\/\/actu.fr\/newsletter\" class=\"ac-btn ac-btn--corner ac-btn--medium ac-btn--blue800\" target=\"_blank\" rel=\"noopener\">S&rsquo;incrire<\/a><br \/>\nIl devrait bient\u00f4t sortir de l\u2019h\u00f4pital<\/p>\n<p class=\" wall-content\">Deux jours apr\u00e8s le grave accident, <strong>l\u2019\u00e9tudiant de 21 ans \u00ab\u00a0se porte bien\u00a0\u00bb<\/strong>, confirme le directeur. \u00ab\u00a0Il ne souffre que de blessures mineures et devrait sortir de l\u2019h\u00f4pital d\u2019ici quelques jours.\u00a0\u00bb<\/p>\n<p class=\" wall-content\">Personnalisez votre actualit\u00e9 en ajoutant vos villes et m\u00e9dias en favori avec <a href=\"https:\/\/moncompte.actu.fr\" title=\"D\u00e9couvez Mon Actu\" rel=\"nofollow noopener\" data-trk=\"{&quot;cta&quot;:{&quot;action&quot;:&quot;https:\\\/\\\/moncompte.actu.fr&quot;,&quot;category&quot;:&quot;mon compte&quot;,&quot;from&quot;:&quot;article footer&quot;,&quot;name&quot;:&quot;Mon actu&quot;,&quot;type&quot;:&quot;cta&quot;}}\" target=\"_blank\">Mon Actu<\/a>.<\/p>\n","protected":false},"excerpt":{"rendered":"Par Anaelle Montagne Publi\u00e9 le 11 d\u00e9c. 2025 \u00e0 17h36 Un \u00e9tudiant de 21 ans a fait une&hellip;\n","protected":false},"author":2,"featured_media":593365,"comment_status":"","ping_status":"","sticky":false,"template":"","format":"standard","meta":{"footnotes":""},"categories":[2816],"tags":[1111,11,1777,674,118,1011,27,12,2680,25,2312],"class_list":{"0":"post-593364","1":"post","2":"type-post","3":"status-publish","4":"format-standard","5":"has-post-thumbnail","7":"category-toulouse","8":"tag-actu","9":"tag-actualites","10":"tag-eu","11":"tag-europe","12":"tag-faits-divers","13":"tag-fr","14":"tag-france","15":"tag-news","16":"tag-occitanie","17":"tag-republique-francaise","18":"tag-toulouse"},"share_on_mastodon":{"url":"https:\/\/pubeurope.com\/@fr\/115702377055301593","error":""},"_links":{"self":[{"href":"https:\/\/www.europesays.com\/fr\/wp-json\/wp\/v2\/posts\/593364","targetHints":{"allow":["GET"]}}],"collection":[{"href":"https:\/\/www.europesays.com\/fr\/wp-json\/wp\/v2\/posts"}],"about":[{"href":"https:\/\/www.europesays.com\/fr\/wp-json\/wp\/v2\/types\/post"}],"author":[{"embeddable":true,"href":"https:\/\/www.europesays.com\/fr\/wp-json\/wp\/v2\/users\/2"}],"replies":[{"embeddable":true,"href":"https:\/\/www.europesays.com\/fr\/wp-json\/wp\/v2\/comments?post=593364"}],"version-history":[{"count":0,"href":"https:\/\/www.europesays.com\/fr\/wp-json\/wp\/v2\/posts\/593364\/revisions"}],"wp:featuredmedia":[{"embeddable":true,"href":"https:\/\/www.europesays.com\/fr\/wp-json\/wp\/v2\/media\/593365"}],"wp:attachment":[{"href":"https:\/\/www.europesays.com\/fr\/wp-json\/wp\/v2\/media?parent=593364"}],"wp:term":[{"taxonomy":"category","embeddable":true,"href":"https:\/\/www.europesays.com\/fr\/wp-json\/wp\/v2\/categories?post=593364"},{"taxonomy":"post_tag","embeddable":true,"href":"https:\/\/www.europesays.com\/fr\/wp-json\/wp\/v2\/tags?post=593364"}],"curies":[{"name":"wp","href":"https:\/\/api.w.org\/{rel}","templated":true}]}}