{"id":593366,"date":"2025-12-11T18:35:26","date_gmt":"2025-12-11T18:35:26","guid":{"rendered":"https:\/\/www.europesays.com\/fr\/593366\/"},"modified":"2025-12-11T18:35:26","modified_gmt":"2025-12-11T18:35:26","slug":"a69-jai-limpression-que-les-des-sont-jetes-le-desenchantement-des-avocates-des-associations-devant-la-cour-dappel-de-toulouse","status":"publish","type":"post","link":"https:\/\/www.europesays.com\/fr\/593366\/","title":{"rendered":"A69\u00a0: \u00ab\u00a0J\u2019ai l\u2019impression que les d\u00e9s sont jet\u00e9s\u00a0\u00bb, le d\u00e9senchantement des avocates des associations devant la cour d\u2019appel de Toulouse"},"content":{"rendered":"<p>\n                                                                    l&rsquo;essentiel<br \/>\n                                                                La cour administrative d\u2019appel de Toulouse examinait ce jeudi 11\u00a0d\u00e9cembre les recours de l\u2019\u00c9tat et des concessionnaires, apr\u00e8s l\u2019annulation des autorisations environnementales de l\u2019autoroute A69, entre Toulouse et Castres. On saura d\u2019ici le 30\u00a0d\u00e9cembre si le chantier peut aller \u00e0 son terme.\n                            <\/p>\n<p>Une heure avant le d\u00e9but de l\u2019audience, dans le quartier du Grand Rond \u00e0 Toulouse, une soixantaine de soutiens des associations \u00e9cologistes se masse\u00a0devant la cour administrative d\u2019appel, banderoles et thermos en main. Ils forment une haie de soutien aux avocates.<\/p>\n<p>Quelques jours avant, le rapporteur public de la cour a rendu un avis favorable \u00e0 la poursuite du chantier. Les opposants ont \u00e9t\u00e9 \u00ab\u00a0choqu\u00e9s\u00a0\u00bb par la nouvelle, mais ils restent \u00ab\u00a0combatifs et mobilis\u00e9s\u00a0\u00bb.<\/p>\n<p>        <img decoding=\"async\" class=\"std-img__img responsive-img\" src=\"https:\/\/www.europesays.com\/fr\/wp-content\/uploads\/2025\/12\/1765478119_494_image.png\" alt=\"Avant l\u2019audience, les soutiens ont \u00e9t\u00e9 nombreux devant la cour administrative d\u2019appel, pr\u00e8s du Grand Rond \u00e0 Toulouse.\"\/><\/p>\n<p>                Avant l\u2019audience, les soutiens ont \u00e9t\u00e9 nombreux devant la cour administrative d\u2019appel, pr\u00e8s du Grand Rond \u00e0 Toulouse.<br \/>\n                                    DDM &#8211; NATHALIE SAINT-AFFRE<\/p>\n<p>\u00c0 l\u2019int\u00e9rieur, c\u2019est lui, le rapporteur public, M.\u00a0Diard, qui prend la parole en premier, pendant plus de 40 minutes.<\/p>\n<p>Il estime que les trois conditions de la d\u00e9rogation esp\u00e8ces prot\u00e9g\u00e9es \u2014 Raison imp\u00e9rative d\u2019int\u00e9r\u00eat public majeur, absence d\u2019alternative, mesures compensatoires suffisantes \u2014 sont remplies.<\/p>\n<p>Le projet d\u2019autoroute entre Toulouse et Castres, dit-il, \u00ab\u00a0r\u00e9duit significativement le temps de trajet, am\u00e9liore le cadre de vie et renforce la s\u00e9curit\u00e9\u00a0\u00bb. Le bassin Castres-Mazamet \u00ab\u00a0justifie structurellement une liaison rapide avec Toulouse\u00a0\u00bb.<\/p>\n<p>L\u2019\u00c9tat d\u00e9fend un projet \u00ab\u00a0structurant\u00a0\u00bb<\/p>\n<p>Le repr\u00e9sentant de l\u2019\u00c9tat, Me Eric Sachet\u00a0juge le jugement annulant les autorisations, en f\u00e9vrier\u00a02025, \u00ab\u00a0anormal au regard de toute la jurisprudence ant\u00e9rieure\u00a0\u00bb.<\/p>\n<p>Il \u00e9carte les alternatives, notamment ferroviaires, jug\u00e9es incapables d\u2019atteindre les objectifs fix\u00e9s.<\/p>\n<p>Les associations d\u00e9noncent une d\u00e9rogation injustifi\u00e9e<\/p>\n<p>Me Alice Rover, repr\u00e9sentante des associations, oppose une s\u00e9rie d\u2019avis d\u00e9favorables\u00a0: Autorit\u00e9 environnementale, CNPN, OFB, Commissariat \u00e0 l\u2019investissement. La Raison imp\u00e9rative d\u2019int\u00e9r\u00eat public majeur, dit-elle, \u00ab\u00a0doit rester exceptionnelle\u00a0: imp\u00e9ratif signifie urgent, majeur signifie essentiel\u00a0\u00bb.<\/p>\n<p>        <img decoding=\"async\" class=\"std-img__img responsive-img\" src=\"https:\/\/www.europesays.com\/fr\/wp-content\/uploads\/2025\/12\/1765478122_878_image.png\" alt=\"Au premier plan, les avocates des associations de d\u00e9fense de l\u2019environnement.\"\/><\/p>\n<p>                Au premier plan, les avocates des associations de d\u00e9fense de l\u2019environnement.<br \/>\n                                    DDM &#8211; NATHALIE SAINT AFFRE<\/p>\n<p>Avec 15\u00a0000 v\u00e9hicules attendus chaque jour sur l\u2019autoroute, \u00ab\u00a0on est loin d\u2019une infrastructure indispensable\u00a0\u00bb. L\u2019avocate rappelle que les alternatives ferroviaires \u00ab\u00a0n\u2019ont jamais \u00e9t\u00e9 \u00e9tudi\u00e9es malgr\u00e9 l\u2019obligation l\u00e9gale\u00a0\u00bb.<\/p>\n<p>Me Yzquierdo\u00a0: \u00ab\u00a0J\u2019ai l\u2019impression que les d\u00e9s sont jet\u00e9s\u00a0\u00bb<\/p>\n<p>Moment fort de cette audience, Me Marine Yzquierdo revient sur la demande de r\u00e9cusation d\u00e9pos\u00e9e deux semaines plus t\u00f4t.<\/p>\n<p>\u00ab\u00a0Elle ne vous visait pas personnellement, mais concernait l\u2019impartialit\u00e9 objective\u00a0\u00bb, adresse-t-elle \u00e0 la cour.<\/p>\n<p>L\u2019avocate raconte qu\u2019il y a eu d\u00e9bat pour savoir si les avocats des associations devaient se rendre \u00e0 l\u2019audience du jour. Elle est venue, finalement, \u00ab\u00a0par respect pour la justice et les citoyens pr\u00e9sents\u00a0\u00bb.<\/p>\n<p>        <img decoding=\"async\" class=\"std-img__img responsive-img\" src=\"https:\/\/www.europesays.com\/fr\/wp-content\/uploads\/2025\/12\/1765478124_604_image.png\" alt=\"\u00c0 la sortie de l\u2019audience, les porte-parole des associations ont \u00e9t\u00e9 applaudies par une soixantaine de sympathisants.\"\/><\/p>\n<p>                \u00c0 la sortie de l\u2019audience, les porte-parole des associations ont \u00e9t\u00e9 applaudies par une soixantaine de sympathisants.<br \/>\n                                    DDM &#8211; C. Dm.<\/p>\n<p>Mais elle\u00a0confie ne \u00ab\u00a0plus avoir le c\u0153ur \u00e0 plaider\u00a0\u00bb, \u00e9voque \u00ab\u00a047 rapports de non-conformit\u00e9s\u00a0\u00bb\u00a0et un\u00a0chantier \u00ab\u00a0pav\u00e9 d\u2019atteintes \u00e0 l\u2019environnement\u00a0\u00bb. \u00ab\u00a0J\u2019ai l\u2019impression que les d\u00e9s sont jet\u00e9s\u00a0\u00bb.<\/p>\n<p>Sur le fond, elle d\u00e9nonce \u00ab\u00a0400 hectares sacrifi\u00e9s et 152 esp\u00e8ces prot\u00e9g\u00e9es pour un gain de temps d\u00e9risoire\u00a0\u00bb. \u00ab\u00a0C\u2019est une autoroute de confort.\u00a0\u00bb<\/p>\n<p>\u00c0 la sortie\u00a0: applaudissements, hu\u00e9es et prises de parole<\/p>\n<p>Sous un petit abri mont\u00e9 pour l\u2019occasion, un syst\u00e8me audio gr\u00e9sille. Les porte-parole prennent la parole devant un public r\u00e9chauff\u00e9 par les slogans.<\/p>\n<p>        <img decoding=\"async\" class=\"std-img__img responsive-img\" src=\"https:\/\/www.europesays.com\/fr\/wp-content\/uploads\/2025\/12\/1765478126_836_image.png\" alt=\"Le chantier de l\u2019A69 se poursuit, ici le 20\u00a0novembre 2025.\"\/><\/p>\n<p>                Le chantier de l\u2019A69 se poursuit, ici le 20\u00a0novembre 2025.<br \/>\n                                    DDM &#8211; EMILIE CAYRE<\/p>\n<p>Jean Olivier, figure des opposants, d\u00e9nonce \u00ab\u00a0l\u2019absence totale d\u2019\u00e9tude\u00a0\u00bb\u00a0sur l\u2019alternative ferroviaire\u00a0:<br \/>\u00ab\u00a0Le minist\u00e8re a reconnu qu\u2019il n\u2019y en avait pas. On nous dit que le rail co\u00fbterait des milliards, mais nous avons montr\u00e9 qu\u2019un d\u00e9senclavement ferroviaire co\u00fbterait 40\u00a0millions, avec un train toutes les 30 minutes.\u00a0\u00bb<\/p>\n<p>Les avocats des concessionnaires, mais aussi ceux des collectivit\u00e9s, sont hu\u00e9s par les sympathisants \u00e9cologistes.<\/p>\n<p>La cour doit d\u00e9sormais trancher un dossier devenu embl\u00e9matique.\u00a0L\u2019arr\u00eat sera rendu d\u2019ici le 30\u00a0d\u00e9cembre, a annonc\u00e9 le pr\u00e9sident Chabert \u00e0 la fin de l\u2019audience.<\/p>\n","protected":false},"excerpt":{"rendered":"l&rsquo;essentiel La cour administrative d\u2019appel de Toulouse examinait ce jeudi 11\u00a0d\u00e9cembre les recours de l\u2019\u00c9tat et des concessionnaires,&hellip;\n","protected":false},"author":2,"featured_media":593367,"comment_status":"","ping_status":"","sticky":false,"template":"","format":"standard","meta":{"footnotes":""},"categories":[2816],"tags":[1111,11,70583,33,1777,674,1011,27,2722,12,2680,25,2312,800],"class_list":{"0":"post-593366","1":"post","2":"type-post","3":"status-publish","4":"format-standard","5":"has-post-thumbnail","7":"category-toulouse","8":"tag-actu","9":"tag-actualites","10":"tag-autoroute-a69-castres-toulouse","11":"tag-economie","12":"tag-eu","13":"tag-europe","14":"tag-fr","15":"tag-france","16":"tag-haute-garonne","17":"tag-news","18":"tag-occitanie","19":"tag-republique-francaise","20":"tag-toulouse","21":"tag-transports"},"share_on_mastodon":{"url":"https:\/\/pubeurope.com\/@fr\/115702381975299430","error":""},"_links":{"self":[{"href":"https:\/\/www.europesays.com\/fr\/wp-json\/wp\/v2\/posts\/593366","targetHints":{"allow":["GET"]}}],"collection":[{"href":"https:\/\/www.europesays.com\/fr\/wp-json\/wp\/v2\/posts"}],"about":[{"href":"https:\/\/www.europesays.com\/fr\/wp-json\/wp\/v2\/types\/post"}],"author":[{"embeddable":true,"href":"https:\/\/www.europesays.com\/fr\/wp-json\/wp\/v2\/users\/2"}],"replies":[{"embeddable":true,"href":"https:\/\/www.europesays.com\/fr\/wp-json\/wp\/v2\/comments?post=593366"}],"version-history":[{"count":0,"href":"https:\/\/www.europesays.com\/fr\/wp-json\/wp\/v2\/posts\/593366\/revisions"}],"wp:featuredmedia":[{"embeddable":true,"href":"https:\/\/www.europesays.com\/fr\/wp-json\/wp\/v2\/media\/593367"}],"wp:attachment":[{"href":"https:\/\/www.europesays.com\/fr\/wp-json\/wp\/v2\/media?parent=593366"}],"wp:term":[{"taxonomy":"category","embeddable":true,"href":"https:\/\/www.europesays.com\/fr\/wp-json\/wp\/v2\/categories?post=593366"},{"taxonomy":"post_tag","embeddable":true,"href":"https:\/\/www.europesays.com\/fr\/wp-json\/wp\/v2\/tags?post=593366"}],"curies":[{"name":"wp","href":"https:\/\/api.w.org\/{rel}","templated":true}]}}