{"id":593368,"date":"2025-12-11T18:36:20","date_gmt":"2025-12-11T18:36:20","guid":{"rendered":"https:\/\/www.europesays.com\/fr\/593368\/"},"modified":"2025-12-11T18:36:20","modified_gmt":"2025-12-11T18:36:20","slug":"cest-une-bonne-retombee-pour-le-resto","status":"publish","type":"post","link":"https:\/\/www.europesays.com\/fr\/593368\/","title":{"rendered":"C&rsquo;est une bonne retomb\u00e9e pour le resto"},"content":{"rendered":"<p>                    Par<br \/>\n        <strong><br \/>\n            <a href=\"https:\/\/actu.fr\/auteur\/margot-nicodeme\" title=\"Consulter tous les articles de Margot Nicod\u00e8me\" target=\"_blank\" rel=\"noopener\">Margot Nicod\u00e8me<\/a><br \/>\n                    <\/strong><\/p>\n<p>        Publi\u00e9 le<\/p>\n<p>            11 d\u00e9c. 2025 \u00e0 18h40        <\/p>\n<p>Derri\u00e8re la simplicit\u00e9 du chef <b>R\u00e9mi Navello<\/b>, <b>de la rigueur et une cr\u00e9ativit\u00e9 d\u00e9bordante<\/b>, qui lui ont valu de d\u00e9crocher le tr\u00e8s prestigieux titre de<b> champion du monde du welsh<\/b> \u00e0 <a href=\"https:\/\/actu.fr\/hauts-de-france\/lille_59350\" target=\"_blank\" rel=\"noopener\">Lille<\/a> (Nord), <a href=\"https:\/\/actu.fr\/hauts-de-france\/lille_59350\/lille-un-grand-festival-gratuit-dedie-au-welsh-aura-lieu-tout-le-week-end_63478157.html\" target=\"_blank\" rel=\"noopener\">le 30 novembre dernier<\/a>. Reparti avec la m\u00e9daille d\u2019or du concours r\u00e9serv\u00e9 aux professionnels, le Nordiste de 35 ans voit, depuis, la client\u00e8le affluer dans <b>son restaurant La Promenade<\/b>, \u00e0 deux pas d\u2019<a href=\"https:\/\/actu.fr\/hauts-de-france\/lille_59350\/nouveau-a-lille-cette-grande-ecole-des-arts-appliques-a-installe-son-campus-au-coeur-deuratechnologies_63427954.html\" target=\"_blank\" rel=\"noopener\">Euratechnologies<\/a>. Il nous livre g\u00e9n\u00e9reusement les secrets des trois recettes \u2013 welsh traditionnel, welsh revisit\u00e9, welsh fa\u00e7on burger \u2013 qui ont fait chavirer le jury, avec un surprenant suppl\u00e9ment<b>\u00a0cuisine m\u00e9diterran\u00e9enne<\/b>. L\u2019h\u00e9ritage de son p\u00e8re ni\u00e7ois, Alain, qui l\u2019assiste dans sa prometteuse carri\u00e8re. Rencontre.<\/p>\n<p>R\u00e9mi Navello est champion du monde du welsh \u00e0 Lille : d\u2019\u00e9tonnantes versions italiennes et burger<\/p>\n<p class=\" wall-content\">Cela n\u2019a pas \u00e9t\u00e9 chose ais\u00e9e de se retrouver en t\u00eate-\u00e0-t\u00eate avec R\u00e9mi Navello les jours qui ont suivi son sacre. Ce fut laborieux pour le chef de se d\u00e9gager du temps, alors que <b>son \u00e9tablissement de l\u2019avenue de Bretagne \u00e0 Lille tourne \u00e0 plein r\u00e9gime<\/b>. Les amateurs de welshs se sont empress\u00e9s de r\u00e9server leur table, pour go\u00fbter la version qui a r\u00e9colt\u00e9 tous les suffrages du jury au tr\u00e8s suivi <a href=\"https:\/\/www.festivalduwelsh.fr\/\" target=\"_blank\" rel=\"noopener\">Welsh Fest<\/a>. \u00ab\u00a0D\u00e8s le lendemain midi [le lundi 1er d\u00e9cembre, ndlr], le resto \u00e9tait plein. Et la fr\u00e9quentation continue \u00e0 augmenter\u00a0\u00bb, glisse le chef.\u00a0<\/p>\n<p class=\" wall-content\">\u00c0 l\u2019ouverture de son restaurant il y a 2 ans et demi, le welsh n\u2019\u00e9tait qu\u2019une option au menu, et m\u00eame pas toute l\u2019ann\u00e9e. \u00ab\u00a0Je le mettais qu\u2019un mois \u00e0 la carte, l\u2019hiver. <b>En tant que Nordiste, j\u2019affectionnais particuli\u00e8rement ce plat<\/b>, mais je ne m\u2019y int\u00e9ressais pas plus que \u00e7a.\u00a0\u00bb Et puis, le d\u00e9clic : \u00ab\u00a0Il y a un an, je me suis dit que je l\u2019aimais tellement, qu\u2019il fallait que je le ma\u00eetrise pleinement.\u00a0\u00bb \u00c0 cette \u00e9poque, se joue le <a href=\"https:\/\/actu.fr\/hauts-de-france\/lille_59350\/en-images-le-championnat-du-monde-du-welsh-enflamme-le-georges-v-a-lille-ce-dimanche_61910224.html\" target=\"_blank\" rel=\"noopener\">premier vrai championnat du monde du welsh au George V<\/a> \u00e0 Lille, mais R\u00e9mi Navello n\u2019est pas de la partie. Lui et son fils souffrent de la Covid.<\/p>\n<p class=\" wall-content\">Sa chance, il la saisit cette ann\u00e9e, alors que l\u2019\u00e9v\u00e9nement qui gagne en popularit\u00e9 est d\u00e9localis\u00e9 \u00e0 la <a href=\"https:\/\/actu.fr\/tag\/gare-saint-sauveur\" target=\"_blank\" rel=\"noopener\">gare Saint-Sauveur<\/a>. Le chef est en lice avec 7 autres, pour d\u00e9crocher le pr\u00e9cieux s\u00e9same.<b> <\/b><\/p>\n<p class=\" wall-content\"><b>Trois \u00e9preuves sont impos\u00e9es<\/b>, et \u00e0 rythme effr\u00e9n\u00e9 : en 30 minutes, les participants doivent pr\u00e9parer trois welshs traditionnels, trois welshs revisit\u00e9s et 10 minis de chaque pour le public. \u00ab\u00a0C\u2019est peu\u00a0\u00bb, admet le patron, qui finit quand m\u00eame les \u00e9preuves avec quelques minutes d\u2019avance. Alors, comment s\u2019est-il d\u00e9marqu\u00e9 ?\u00a0<\/p>\n<p>    <img   decoding=\"async\" loading=\"lazy\" class=\"size-large\" src=\"https:\/\/www.europesays.com\/fr\/wp-content\/uploads\/2025\/12\/4001aa3199396f401aa319939f801av-960x640.jpg\" alt=\"R\u00e9mi Navello lors du concours, le 30 novembre dernier \u00e0 la gare Saint-Sauveur.\" width=\"960\" height=\"640\"\/><br \/>\n    R\u00e9mi Navello lors du concours, le 30 novembre dernier \u00e0 la gare Saint-Sauveur. \u00a9D.R.<\/p>\n<p class=\" wall-content\">Pour la version classique, il a servi \u00ab\u00a0du pain de campagne que j\u2019imbibe tr\u00e8s l\u00e9g\u00e8rement [de bi\u00e8re] au four, du jambon fum\u00e9 que je tartine de moutarde \u00e0 l\u2019ancienne et du cheddar irlandais\u00a0\u00bb. Pour la version du welsh revisit\u00e9, il a laiss\u00e9 libre court \u00e0 son imagination, en n\u2019oubliant pas d\u2019aller puiser dans ses racines m\u00e9diterran\u00e9ennes.<\/p>\n<p>Votre r\u00e9gion, votre actu !<\/p>\n<p>Recevez chaque jour les infos qui comptent pour vous.<\/p>\n<p>\t<a href=\"https:\/\/actu.fr\/newsletter\" class=\"ac-btn ac-btn--corner ac-btn--medium ac-btn--blue800\" target=\"_blank\" rel=\"noopener\">S&rsquo;incrire<\/a><\/p>\n<blockquote class=\"ac-article-quote wall-content\">\n<p>J\u2019ai pr\u00e9par\u00e9 un welsh d\u2019origine italienne, avec : une base foccacia, une compot\u00e9e de tomates cerises, une pur\u00e9e de piment calabrais, de la porchetta [cochon de lait, ndlr] grill\u00e9e, du fromage italien semblable au fromage \u00e0 raclette. Et j\u2019ai pouss\u00e9 jusqu\u2019au bout, en ajoutant, sur le dessus, de la pistache concass\u00e9e et du thym frais.<\/p>\n<\/blockquote>\n<p class=\" wall-content\">Un assemblage surprenant, \u00ab\u00a0pondu en 7-8 minutes un soir apr\u00e8s le travail\u00a0\u00bb. De mani\u00e8re g\u00e9n\u00e9rale, R\u00e9mi Navello n\u2019est pas le roi de la l\u2019entra\u00eenement exacerb\u00e9 \u2013 un seul essai pour ce welsh italien, deux pour le welsh burger. Cette troisi\u00e8me et derni\u00e8re version constituait l\u2019\u00e9preuve de la finale, o\u00f9 4 chefs \u00e9taient en comp\u00e9tition.<\/p>\n<p class=\" wall-content\">L\u00e0 encore, sa recette fait saliver. \u00ab\u00a0Pour casser les codes du burger classique, j\u2019ai utilis\u00e9 des buns artisanaux, de la moutarde \u00e0 l\u2019ancienne, une compot\u00e9e d\u2019oignons d\u00e9glac\u00e9e au vinaigre de bi\u00e8re, de l\u2019effiloch\u00e9 de jambonneau r\u00e9chauff\u00e9 dans des pickles maison. J\u2019ai coul\u00e9 le cheddar sur le jambonneau, puis j\u2019ai referm\u00e9 le burger et ai plac\u00e9 sur le dessus un \u0153uf parfait.\u00a0\u00bb Temps imparti : 20 minutes, pas une de plus.<\/p>\n<p class=\" wall-content\">Au terme de cette ultime \u00e9tape, le trentenaire, qui s\u2019est form\u00e9 au lyc\u00e9e h\u00f4telier du Touquet, a d\u00e9croch\u00e9 le titre de champion du monde du welsh.<\/p>\n<p>30 plats sur 50 servis \u00e0 La Promenade sont des welshs : \u00ab\u00a0On nous attend au tournant !<br \/>\n    <img   decoding=\"async\" loading=\"lazy\" class=\"size-large\" src=\"https:\/\/www.europesays.com\/fr\/wp-content\/uploads\/2025\/12\/6f86da31993967c96da319939a098dv-960x640.jpg\" alt=\"R\u00e9mi Navello g\u00e8re le restaurant La Promenade \u00e0 Lille (Nord) avec son p\u00e8re, Alain.\" width=\"960\" height=\"640\"\/><br \/>\n    R\u00e9mi Navello g\u00e8re le restaurant La Promenade \u00e0 Lille (Nord) avec son p\u00e8re, Alain. \u00a9D.R.<\/p>\n<p class=\" wall-content\">Dans son \u00e9tablissement qu\u2019il g\u00e8re avec son p\u00e8re Alain, c\u2019est l\u2019effervescence, pour le plus grand bonheur du duo p\u00e8re-fils. \u00ab\u00a0C\u2019est beau d\u2019\u00eatre all\u00e9 chercher le titre, <b>maintenant on nous attend au tournant !<\/b>\u00a0\u00bb Sur la cinquantaine de couverts au cours d\u2019un service, <b>\u00ab\u00a0une trentaine sont des welshs\u00a0\u00bb<\/b>, d\u00e9taille le restaurateur.<\/p>\n<p class=\" wall-content\">Pour l\u2019heure, seuls le welsh traditionnel de R\u00e9mi et une version v\u00e9g\u00e9tarienne sont \u00e0 la carte, mais cela va changer.\u00a0\u00ab\u00a0<b>Je ferai des soir\u00e9es o\u00f9 je proposerai les trois plats<\/b>. L\u00e0, on commence par assumer le tournant que \u00e7a prend. On est content, c\u2019est une la belle retomb\u00e9e pour le resto.\u00a0\u00bb<\/p>\n<p>    <img   decoding=\"async\" loading=\"lazy\" class=\"size-large\" src=\"https:\/\/www.europesays.com\/fr\/wp-content\/uploads\/2025\/12\/d9852ee1993960e852ee1993903952v-960x640.jpg\" alt=\"La Promenade se situe avenue de Bretagne, \u00e0 deux pas d'Euratechnologies.\" width=\"960\" height=\"640\"\/><br \/>\n    La Promenade se situe avenue de Bretagne, \u00e0 deux pas d\u2019Euratechnologies. \u00a9Margot Nicod\u00e8me<\/p>\n<p class=\" wall-content\">Le Nordiste a re\u00e7u, en parall\u00e8le, des retours positifs de ses anciens professeurs, de la profession, de ses amis, de sa famille\u2026 Et cela semble \u00eatre la partie qui lui importe le plus. Remettra-t-il son titre en jeu l\u2019ann\u00e9e prochaine ? \u00ab\u00a0J\u2019ai bien envie de remettre le nez dedans\u00a0\u00bb, l\u00e2che-t-il, tout sourire. Mais chaque chose son temps : d\u2019abord, on savoure la victoire.<\/p>\n<p class=\" wall-content\">Personnalisez votre actualit\u00e9 en ajoutant vos villes et m\u00e9dias en favori avec <a href=\"https:\/\/moncompte.actu.fr\" title=\"D\u00e9couvez Mon Actu\" rel=\"nofollow noopener\" data-trk=\"{&quot;cta&quot;:{&quot;action&quot;:&quot;https:\\\/\\\/moncompte.actu.fr&quot;,&quot;category&quot;:&quot;mon compte&quot;,&quot;from&quot;:&quot;article footer&quot;,&quot;name&quot;:&quot;Mon actu&quot;,&quot;type&quot;:&quot;cta&quot;}}\" target=\"_blank\">Mon Actu<\/a>.<\/p>\n","protected":false},"excerpt":{"rendered":"Par Margot Nicod\u00e8me Publi\u00e9 le 11 d\u00e9c. 2025 \u00e0 18h40 Derri\u00e8re la simplicit\u00e9 du chef R\u00e9mi Navello, de&hellip;\n","protected":false},"author":2,"featured_media":593369,"comment_status":"","ping_status":"","sticky":false,"template":"","format":"standard","meta":{"footnotes":""},"categories":[2815],"tags":[1111,11,1777,674,1011,27,1661,811,1307,12,25,1340,104],"class_list":{"0":"post-593368","1":"post","2":"type-post","3":"status-publish","4":"format-standard","5":"has-post-thumbnail","7":"category-lille","8":"tag-actu","9":"tag-actualites","10":"tag-eu","11":"tag-europe","12":"tag-fr","13":"tag-france","14":"tag-gastronomie","15":"tag-hauts-de-france","16":"tag-lille","17":"tag-news","18":"tag-republique-francaise","19":"tag-restaurant","20":"tag-societe"},"share_on_mastodon":{"url":"https:\/\/pubeurope.com\/@fr\/115702385174182591","error":""},"_links":{"self":[{"href":"https:\/\/www.europesays.com\/fr\/wp-json\/wp\/v2\/posts\/593368","targetHints":{"allow":["GET"]}}],"collection":[{"href":"https:\/\/www.europesays.com\/fr\/wp-json\/wp\/v2\/posts"}],"about":[{"href":"https:\/\/www.europesays.com\/fr\/wp-json\/wp\/v2\/types\/post"}],"author":[{"embeddable":true,"href":"https:\/\/www.europesays.com\/fr\/wp-json\/wp\/v2\/users\/2"}],"replies":[{"embeddable":true,"href":"https:\/\/www.europesays.com\/fr\/wp-json\/wp\/v2\/comments?post=593368"}],"version-history":[{"count":0,"href":"https:\/\/www.europesays.com\/fr\/wp-json\/wp\/v2\/posts\/593368\/revisions"}],"wp:featuredmedia":[{"embeddable":true,"href":"https:\/\/www.europesays.com\/fr\/wp-json\/wp\/v2\/media\/593369"}],"wp:attachment":[{"href":"https:\/\/www.europesays.com\/fr\/wp-json\/wp\/v2\/media?parent=593368"}],"wp:term":[{"taxonomy":"category","embeddable":true,"href":"https:\/\/www.europesays.com\/fr\/wp-json\/wp\/v2\/categories?post=593368"},{"taxonomy":"post_tag","embeddable":true,"href":"https:\/\/www.europesays.com\/fr\/wp-json\/wp\/v2\/tags?post=593368"}],"curies":[{"name":"wp","href":"https:\/\/api.w.org\/{rel}","templated":true}]}}