{"id":593374,"date":"2025-12-11T18:40:12","date_gmt":"2025-12-11T18:40:12","guid":{"rendered":"https:\/\/www.europesays.com\/fr\/593374\/"},"modified":"2025-12-11T18:40:12","modified_gmt":"2025-12-11T18:40:12","slug":"un-homme-de-84-ans-percute-a-sainte-foy-les-lyon-la-police-lance-un-appel-a-temoins-apres-ce-grave-accident","status":"publish","type":"post","link":"https:\/\/www.europesays.com\/fr\/593374\/","title":{"rendered":"Un homme de 84 ans percut\u00e9\u00a0\u00e0 Sainte-Foy-l\u00e8s-Lyon :\u00a0la police lance un appel \u00e0 t\u00e9moins apr\u00e8s\u00a0ce grave accident"},"content":{"rendered":"<p itemprop=\"description\"><strong>Les enqu\u00eateurs veulent comprendre les circonstances.<\/strong><\/p>\n<p>La police nationale diffuse un appel \u00e0 t\u00e9moins apr\u00e8s un accident survenu le mardi 9 d\u00e9cembre 2025 \u00e0 Sainte-Foy-l\u00e8s-Lyon. Les faits se sont produits vers 17h30, sur l\u2019avenue Charles-de-Gaulle, pr\u00e8s de l\u2019intersection avec l\u2019avenue Mar\u00e9chal-Foch.<\/p>\n<p>Selon la direction interd\u00e9partementale de la police nationale (DIPN),\u00a0\u00ab\u00a0un pi\u00e9ton \u00e2g\u00e9 de 84 ans a \u00e9t\u00e9 percut\u00e9 par un v\u00e9hicule Ford Puma gris\u00a0\u00bb. Le conducteur s\u2019est arr\u00eat\u00e9 imm\u00e9diatement. Il a port\u00e9 assistance \u00e0 la victime. D\u2019autres personnes pr\u00e9sentes sont \u00e9galement intervenues.<\/p>\n<p>Les enqu\u00eateurs cherchent d\u00e9sormais \u00e0 \u00e9tablir pr\u00e9cis\u00e9ment le d\u00e9roul\u00e9 de la sc\u00e8ne. Ils recherchent\u00a0\u00ab\u00a0toute personne ayant \u00e9t\u00e9 t\u00e9moin des faits ou ayant vu le pi\u00e9ton \/ le v\u00e9hicule avant l\u2019accident afin d\u2019en d\u00e9terminer les circonstances.\u00a0\u00bb<\/p>\n<p>Toute information peut \u00eatre transmise au commissariat de Lyon 1 : 04 37 26 25 40 \/ 04 37 26 25 63<\/p>\n<blockquote class=\"twitter-tweet\"><p>&#13;<\/p>\n<p dir=\"ltr\" lang=\"fr\"><a href=\"https:\/\/twitter.com\/hashtag\/Appel%C3%A0t%C3%A9moins?src=hash&amp;ref_src=twsrc%5Etfw\" target=\"_blank\" rel=\"noopener\">#Appel\u00e0t\u00e9moins<\/a> l Nous recherchons des t\u00e9moins d&rsquo;un accident survenu le mardi 9\/12\/2025 entre un pi\u00e9ton et un v\u00e9hicule, avenue Charles-de-Gaulle \u00e0 Sainte-Foy-les-Lyon<\/p>\n<p>Contactez le commissariat de Lyon 1 :<br \/>\u260e\ufe0f04 37 26 25 40<br \/>\u260e\ufe0f04 37 26 25 63<\/p>\n<p>Merci pour vos RT \u2935\ufe0f <a href=\"https:\/\/t.co\/gGFxU49S27\">pic.twitter.com\/gGFxU49S27<\/a><\/p>\n<p>&#13;<br \/>\n\u2014 Police Nationale 69 (@PoliceNat69) <a href=\"https:\/\/twitter.com\/PoliceNat69\/status\/1999152404432888128?ref_src=twsrc%5Etfw\" target=\"_blank\" rel=\"noopener\">December 11, 2025<\/a><\/p><\/blockquote>\n<p>\t\t  <script async src=\"https:\/\/platform.twitter.com\/widgets.js\" charset=\"utf-8\"><\/script><\/p>\n","protected":false},"excerpt":{"rendered":"Les enqu\u00eateurs veulent comprendre les circonstances. La police nationale diffuse un appel \u00e0 t\u00e9moins apr\u00e8s un accident survenu&hellip;\n","protected":false},"author":2,"featured_media":593375,"comment_status":"","ping_status":"","sticky":false,"template":"","format":"standard","meta":{"footnotes":""},"categories":[1889],"tags":[1111,11,2813,2190,2430,1109,251,1112,2811,1777,674,118,1011,27,1922,1110,1114,2428,2810,12,241,316,25,2812,517,800],"class_list":{"0":"post-593374","1":"post","2":"type-post","3":"status-publish","4":"format-standard","5":"has-post-thumbnail","7":"category-lyon","8":"tag-actu","9":"tag-actualites","10":"tag-article","11":"tag-asvel","12":"tag-auvergne-rhone-alpes","13":"tag-breves","14":"tag-culture","15":"tag-depeches","16":"tag-economique","17":"tag-eu","18":"tag-europe","19":"tag-faits-divers","20":"tag-fr","21":"tag-france","22":"tag-info","23":"tag-informations","24":"tag-infos","25":"tag-lyon","26":"tag-lyonmag","27":"tag-news","28":"tag-ol","29":"tag-politique","30":"tag-republique-francaise","31":"tag-sociale","32":"tag-sport","33":"tag-transports"},"share_on_mastodon":{"url":"https:\/\/pubeurope.com\/@fr\/115702400625637644","error":""},"_links":{"self":[{"href":"https:\/\/www.europesays.com\/fr\/wp-json\/wp\/v2\/posts\/593374","targetHints":{"allow":["GET"]}}],"collection":[{"href":"https:\/\/www.europesays.com\/fr\/wp-json\/wp\/v2\/posts"}],"about":[{"href":"https:\/\/www.europesays.com\/fr\/wp-json\/wp\/v2\/types\/post"}],"author":[{"embeddable":true,"href":"https:\/\/www.europesays.com\/fr\/wp-json\/wp\/v2\/users\/2"}],"replies":[{"embeddable":true,"href":"https:\/\/www.europesays.com\/fr\/wp-json\/wp\/v2\/comments?post=593374"}],"version-history":[{"count":0,"href":"https:\/\/www.europesays.com\/fr\/wp-json\/wp\/v2\/posts\/593374\/revisions"}],"wp:featuredmedia":[{"embeddable":true,"href":"https:\/\/www.europesays.com\/fr\/wp-json\/wp\/v2\/media\/593375"}],"wp:attachment":[{"href":"https:\/\/www.europesays.com\/fr\/wp-json\/wp\/v2\/media?parent=593374"}],"wp:term":[{"taxonomy":"category","embeddable":true,"href":"https:\/\/www.europesays.com\/fr\/wp-json\/wp\/v2\/categories?post=593374"},{"taxonomy":"post_tag","embeddable":true,"href":"https:\/\/www.europesays.com\/fr\/wp-json\/wp\/v2\/tags?post=593374"}],"curies":[{"name":"wp","href":"https:\/\/api.w.org\/{rel}","templated":true}]}}