{"id":593378,"date":"2025-12-11T18:43:16","date_gmt":"2025-12-11T18:43:16","guid":{"rendered":"https:\/\/www.europesays.com\/fr\/593378\/"},"modified":"2025-12-11T18:43:16","modified_gmt":"2025-12-11T18:43:16","slug":"les-premieres-maisons-medicales-labellisees-france-sante-seront-en-ile-de-france-de-quoi-sagit-il-exactement-2","status":"publish","type":"post","link":"https:\/\/www.europesays.com\/fr\/593378\/","title":{"rendered":"Les premi\u00e8res maisons m\u00e9dicales labellis\u00e9es \u00ab France Sant\u00e9 \u00bb seront en \u00cele-de-France :de quoi s&rsquo;agit-il exactement ?"},"content":{"rendered":"<p class=\"mb-4 text-lg md:leading-8 break-words\">Le vote du budget de la \u00ab S\u00e9cu \u00bb pour 2026 ce mardi 09 d\u00e9cembre a enfin permis de faire avancer certains projets financ\u00e9s en partie par l\u2019Assurance maladie. Le r\u00e9seau \u00ab France Sant\u00e9 \u00bb, propos\u00e9 initialement par le Premier ministre S\u00e9bastien Lecornu, en fait partie.<\/p>\n<p class=\"mb-4 text-lg md:leading-8 break-words\">Les premi\u00e8res annonces de d\u00e9ploiement de ce r\u00e9seau ont \u00e9t\u00e9 publi\u00e9es : l\u2019Agence r\u00e9gionale de sant\u00e9 (ARS) d\u2019\u00cele-de-France a annonc\u00e9 avoir entam\u00e9 cette d\u00e9marche avec \u00ab <strong>la labellisation de 120 Maisons \u00ab France Sant\u00e9 \u00bb d\u2019ici au 20 d\u00e9cembre 2025<\/strong> \u00bb (source 1).<\/p>\n<p class=\"mb-4 text-lg md:leading-8 break-words\">Avec ce dispositif, l\u2019ex\u00e9cutif tente de \u00ab r\u00e9pondre aux besoins de soins de proximit\u00e9 des Fran\u00e7ais dans les territoires les moins dot\u00e9s en professionnels de sant\u00e9 \u00bb. De quoi s\u2019agit-il exactement ?<\/p>\n<p>Qu\u2019est-ce-que ce r\u00e9seau \u00ab France Sant\u00e9 \u00bb ?<\/p>\n<p class=\"mb-4 text-lg md:leading-8 break-words\">Le gouvernement va financer ce r\u00e9seau au niveau d\u00e9partemental \u00ab via les Agences r\u00e9gionales de sant\u00e9 (ARS) et les caisses primaires d\u2019Assurance maladie \u00bb afin de \u00ab garantir <strong>un socle commun de services de sant\u00e9 <\/strong>de proximit\u00e9 pour tous les Fran\u00e7ais \u00bb.<\/p>\n<p>Publicit\u00e9<\/p>\n<p>Publicit\u00e9<\/p>\n<p>Publicit\u00e9<\/p>\n<p>Publicit\u00e9<\/p>\n<p class=\"mb-4 text-lg md:leading-8 break-words\">Les structures rejoignant ce r\u00e9seau doivent au pr\u00e9alable remplir <strong>quelques crit\u00e8res<\/strong> pour ensuite recevoir le \u00ab label France Sant\u00e9 \u00bb. Parmi ces crit\u00e8res :<\/p>\n<ul class=\"mb-4\">\n<li class=\"ml-4 list-disc\">\n<p class=\"mb-4 text-lg md:leading-8 break-words\">la n\u00e9cessit\u00e9 d\u2019avoir <strong>un m\u00e9decin g\u00e9n\u00e9raliste<\/strong> constamment pr\u00e9sent, avec une patient\u00e8le \u00ab m\u00e9decin traitant \u00bb ;<\/p>\n<\/li>\n<li class=\"ml-4 list-disc\">\n<p class=\"mb-4 text-lg md:leading-8 break-words\">la n\u00e9cessit\u00e9 d\u2019avoir dans la structure ou \u00e0 proximit\u00e9 au moins <strong>un professionnel infirmier<\/strong>&#8230;<\/p>\n<\/li>\n<\/ul>\n<p class=\"mb-4 text-lg md:leading-8 break-words\"><a href=\"https:\/\/www.santemagazine.fr\/actualites\/actualites-sante\/les-premieres-maisons-medicales-labellisees-france-sante-seront-en-ile-de-france-de-quoi-sagit-il-exactement-1144456#at_medium=affiliate&amp;at_campaign=flux_rss&amp;at_type=Yahoo\" rel=\"nofollow noopener\" target=\"_blank\" data-ylk=\"slk:Lire la suite;elm:context_link;itc:0;sec:content-canvas\" class=\"link \">Lire la suite<\/a><\/p>\n","protected":false},"excerpt":{"rendered":"Le vote du budget de la \u00ab S\u00e9cu \u00bb pour 2026 ce mardi 09 d\u00e9cembre a enfin permis&hellip;\n","protected":false},"author":2,"featured_media":593379,"comment_status":"","ping_status":"","sticky":false,"template":"","format":"standard","meta":{"footnotes":""},"categories":[1592],"tags":[1111,11,1777,674,1011,27,662,12,626,25,27911],"class_list":{"0":"post-593378","1":"post","2":"type-post","3":"status-publish","4":"format-standard","5":"has-post-thumbnail","7":"category-ile-de-france","8":"tag-actu","9":"tag-actualites","10":"tag-eu","11":"tag-europe","12":"tag-fr","13":"tag-france","14":"tag-ile-de-france","15":"tag-news","16":"tag-paris","17":"tag-republique-francaise","18":"tag-services-de-sante"},"share_on_mastodon":{"url":"https:\/\/pubeurope.com\/@fr\/115702412697297348","error":""},"_links":{"self":[{"href":"https:\/\/www.europesays.com\/fr\/wp-json\/wp\/v2\/posts\/593378","targetHints":{"allow":["GET"]}}],"collection":[{"href":"https:\/\/www.europesays.com\/fr\/wp-json\/wp\/v2\/posts"}],"about":[{"href":"https:\/\/www.europesays.com\/fr\/wp-json\/wp\/v2\/types\/post"}],"author":[{"embeddable":true,"href":"https:\/\/www.europesays.com\/fr\/wp-json\/wp\/v2\/users\/2"}],"replies":[{"embeddable":true,"href":"https:\/\/www.europesays.com\/fr\/wp-json\/wp\/v2\/comments?post=593378"}],"version-history":[{"count":0,"href":"https:\/\/www.europesays.com\/fr\/wp-json\/wp\/v2\/posts\/593378\/revisions"}],"wp:featuredmedia":[{"embeddable":true,"href":"https:\/\/www.europesays.com\/fr\/wp-json\/wp\/v2\/media\/593379"}],"wp:attachment":[{"href":"https:\/\/www.europesays.com\/fr\/wp-json\/wp\/v2\/media?parent=593378"}],"wp:term":[{"taxonomy":"category","embeddable":true,"href":"https:\/\/www.europesays.com\/fr\/wp-json\/wp\/v2\/categories?post=593378"},{"taxonomy":"post_tag","embeddable":true,"href":"https:\/\/www.europesays.com\/fr\/wp-json\/wp\/v2\/tags?post=593378"}],"curies":[{"name":"wp","href":"https:\/\/api.w.org\/{rel}","templated":true}]}}