{"id":593380,"date":"2025-12-11T18:44:11","date_gmt":"2025-12-11T18:44:11","guid":{"rendered":"https:\/\/www.europesays.com\/fr\/593380\/"},"modified":"2025-12-11T18:44:11","modified_gmt":"2025-12-11T18:44:11","slug":"wendy-golden-retriever-de-la-star-academy-est-nee-dans-un-elevage-de-la-somme","status":"publish","type":"post","link":"https:\/\/www.europesays.com\/fr\/593380\/","title":{"rendered":"Wendy, golden retriever de la \u00ab Star Academy \u00bb, est n\u00e9e dans un \u00e9levage de la Somme"},"content":{"rendered":"<p class=\"paragraph text_align_left lp-f-body-02\">Il y a quelques semaines, le public fid\u00e8le de <a href=\"https:\/\/www.leparisien.fr\/culture-loisirs\/tv\/star-academy\/\" target=\"_blank\" rel=\"noreferrer noopener\">\u00ab Star Academy \u00bb<\/a> a d\u00e9couvert la mascotte de l\u2019\u00e9mission. Il s\u2019agit de Wendy, la jeune golden retriever <a href=\"https:\/\/www.leparisien.fr\/culture-loisirs\/tv\/avant-la-finale-de-la-star-academy-michael-goldman-dresse-le-bilan-tous-les-scenarios-me-vont-03-02-2024-BML6HK6YNJEYDPEMAU74GMDU7U.php\" target=\"_blank\" rel=\"noreferrer noopener\">du directeur Michael Goldman<\/a>, qu\u2019il surnomme affectueusement \u00ab ma P\u00e9pette \u00bb. Apparaissant r\u00e9guli\u00e8rement dans le programme, elle a d\u00e9j\u00e0 ses fans sur les r\u00e9seaux sociaux. \u00ab C\u2019est elle qui va gagner, c\u2019est jou\u00e9 d\u2019avance \u00bb, affirme l\u2019une avec humour.<\/p>\n","protected":false},"excerpt":{"rendered":"Il y a quelques semaines, le public fid\u00e8le de \u00ab Star Academy \u00bb a d\u00e9couvert la mascotte de&hellip;\n","protected":false},"author":2,"featured_media":593381,"comment_status":"","ping_status":"","sticky":false,"template":"","format":"standard","meta":{"footnotes":""},"categories":[1888],"tags":[1111,917,1928,11,1927,872,459,1777,674,1011,27,12,1926,626,1925,25,70632],"class_list":{"0":"post-593380","1":"post","2":"type-post","3":"status-publish","4":"format-standard","5":"has-post-thumbnail","7":"category-paris","8":"tag-actu","9":"tag-actu-locale","10":"tag-actu-paris","11":"tag-actualites","12":"tag-actualites-paris","13":"tag-culture-et-loisirs","14":"tag-departements-horsidfo","15":"tag-eu","16":"tag-europe","17":"tag-fr","18":"tag-france","19":"tag-news","20":"tag-news-paris","21":"tag-paris","22":"tag-paris-news","23":"tag-republique-francaise","24":"tag-somme-80"},"share_on_mastodon":{"url":"https:\/\/pubeurope.com\/@fr\/115702416426437624","error":""},"_links":{"self":[{"href":"https:\/\/www.europesays.com\/fr\/wp-json\/wp\/v2\/posts\/593380","targetHints":{"allow":["GET"]}}],"collection":[{"href":"https:\/\/www.europesays.com\/fr\/wp-json\/wp\/v2\/posts"}],"about":[{"href":"https:\/\/www.europesays.com\/fr\/wp-json\/wp\/v2\/types\/post"}],"author":[{"embeddable":true,"href":"https:\/\/www.europesays.com\/fr\/wp-json\/wp\/v2\/users\/2"}],"replies":[{"embeddable":true,"href":"https:\/\/www.europesays.com\/fr\/wp-json\/wp\/v2\/comments?post=593380"}],"version-history":[{"count":0,"href":"https:\/\/www.europesays.com\/fr\/wp-json\/wp\/v2\/posts\/593380\/revisions"}],"wp:featuredmedia":[{"embeddable":true,"href":"https:\/\/www.europesays.com\/fr\/wp-json\/wp\/v2\/media\/593381"}],"wp:attachment":[{"href":"https:\/\/www.europesays.com\/fr\/wp-json\/wp\/v2\/media?parent=593380"}],"wp:term":[{"taxonomy":"category","embeddable":true,"href":"https:\/\/www.europesays.com\/fr\/wp-json\/wp\/v2\/categories?post=593380"},{"taxonomy":"post_tag","embeddable":true,"href":"https:\/\/www.europesays.com\/fr\/wp-json\/wp\/v2\/tags?post=593380"}],"curies":[{"name":"wp","href":"https:\/\/api.w.org\/{rel}","templated":true}]}}