{"id":593382,"date":"2025-12-11T18:45:17","date_gmt":"2025-12-11T18:45:17","guid":{"rendered":"https:\/\/www.europesays.com\/fr\/593382\/"},"modified":"2025-12-11T18:45:17","modified_gmt":"2025-12-11T18:45:17","slug":"la-famille-royale-remet-le-nobel-de-la-paix-a-oslo","status":"publish","type":"post","link":"https:\/\/www.europesays.com\/fr\/593382\/","title":{"rendered":"la famille royale remet le Nobel de la paix \u00e0 Oslo"},"content":{"rendered":"<p>Bien que <a href=\"https:\/\/www.parismatch.com\/Royal-Blog\/victoria-recycle-silvia-et-madeleine-rejouent-le-jubile-dor-la-famille-royale-suedoise-brille-pour-les-prix-nobel-261462\" target=\"_blank\" rel=\"noopener\">tr\u00e8s mobilis\u00e9e<\/a>, la famille royale de Su\u00e8de n\u2019a pas le monopole des prix Nobel. Lors de la cr\u00e9ation des r\u00e9compenses portant son nom, Alfred Nobel a formul\u00e9 le v\u0153u que le prix de la paix soit remis \u00e0 Oslo. Tous les ans, c\u2019est donc au sein de l\u2019h\u00f4tel de ville que la c\u00e9r\u00e9monie se d\u00e9roule, <a href=\"https:\/\/www.parismatch.com\/royal-blog\/la-famille-royale-de-norvege-reunie-pour-le-prix-nobel-de-la-paix-grande-premiere-pour-mette-marit-244569\" target=\"_blank\" rel=\"noopener\">en pr\u00e9sence de la famille royale norv\u00e9gienne<\/a>.<\/p>\n<p>Apr\u00e8s un long suspens,<a href=\"https:\/\/www.parismatch.com\/actu\/international\/le-prix-nobel-de-la-paix-attribue-a-maria-corina-machado-258397\" target=\"_blank\" rel=\"noopener\"> la laur\u00e9ate de l\u2019ann\u00e9e 2025, Maria Corina Machado<\/a>, opposante au pouvoir v\u00e9n\u00e9zu\u00e9lien n\u2019\u00e9tait finalement pas pr\u00e9sente. C\u2019est sa fille, Ana Corina, qui a \u00e9t\u00e9 charg\u00e9e de r\u00e9cup\u00e9rer le prix et de lire son discours de remerciement. La femme politique \u00e9tait pourtant bel et bien \u00e0 Oslo et a fait<a href=\"https:\/\/www.parismatch.com\/actu\/international\/maria-corina-machado-prix-nobel-de-la-paix-fait-une-apparition-surprise-a-oslo-apres-un-an-a-vivre-cachee-261446\" target=\"_blank\" rel=\"noopener\"> une apparition remarqu\u00e9e<\/a> au balcon du Grand H\u00f4tel, lieu d\u2019h\u00e9bergement des laur\u00e9ats du Nobel.<\/p>\n<p>    La suite apr\u00e8s cette publicit\u00e9<\/p>\n<p>Du c\u00f4t\u00e9 de la famille royale, le roi Harald V \u00e9tait accompagn\u00e9 de son \u00e9pouse, Sonja, de leur fils, Haakon, de l\u2019\u00e9pouse de ce dernier, Mette-Marit, et de la princesse Ingrid Alexandra. \u00c2g\u00e9e de 21\u00a0ans, celle-ci n\u2019avait encore jamais pris part \u00e0 la c\u00e9r\u00e9monie du Nobel. Sa pr\u00e9sence \u00e9tait n\u00e9anmoins tr\u00e8s attendue, la princesse repr\u00e9sentant l\u2019avenir dans une monarchie en pleine tourmente.<\/p>\n<p>    La suite apr\u00e8s cette publicit\u00e9<\/p>\n<p>Mette-Marit en larmes<\/p>\n<p>Signe de ces tensions\u00a0: Mette-Marit n\u2019a pas pu retenir ses larmes durant la c\u00e9r\u00e9monie. <a href=\"https:\/\/www.parismatch.com\/royal-blog\/mette-marit-de-norvege-en-larmes-pour-finir-lannee-au-bras-dhaakon-244813\" target=\"_blank\" rel=\"noopener\">Tr\u00e8s sensible<\/a>, la princesse traverse actuellement l\u2019une des pires p\u00e9riodes de sa vie\u00a0: <a href=\"https:\/\/www.parismatch.com\/Royal-Blog\/mette-marit-de-norvege-rattrapee-par-la-maladie-la-princesse-contrainte-de-disparaitre-pendant-un-mois-257288\" target=\"_blank\" rel=\"noopener\">la fibrose pulmonaire<\/a> dont elle souffre depuis de longues ann\u00e9es progresse et son fils a\u00een\u00e9, Marius Borg H\u00f8iby, n\u00e9 d\u2019une union ant\u00e9rieure \u00e0 son mariage avec Haakon, est sur le point d\u2019\u00eatre <a href=\"https:\/\/www.parismatch.com\/royal-blog\/affaire-marius-borg-hoiby-accusations-compagnes-lien-avec-la-famille-royale-tout-ce-quil-faut-savoir-243055\" target=\"_blank\" rel=\"noopener\">jug\u00e9 pour 32 infractions<\/a>, dont quatre viols.<\/p>\n<p>Durant la c\u00e9r\u00e9monie, la future reine consort a pu compter sur le soutien de sa fille, \u00e0 la mine \u00e0 la fois grave mais au sourire chaleureux. Pour sa premi\u00e8re apparition au Nobel de la paix, Ingrid Alexandra portait une veste Scanlan Theodore sur une jupe emprunt\u00e9e \u00e0 Mette-Marit. Des escarpins H\u00f6gl et un sac Prada compl\u00e9taient sa tenue. Sa m\u00e8re, elle, \u00e9tait habill\u00e9e tout en blanc avec un sac Valentino et des chaussures Aquazzura.<\/p>\n","protected":false},"excerpt":{"rendered":"Bien que tr\u00e8s mobilis\u00e9e, la famille royale de Su\u00e8de n\u2019a pas le monopole des prix Nobel. Lors de&hellip;\n","protected":false},"author":2,"featured_media":593383,"comment_status":"","ping_status":"","sticky":false,"template":"","format":"standard","meta":{"footnotes":""},"categories":[1888],"tags":[1111,1928,11,1927,1777,674,1011,27,12,1926,626,1925,25],"class_list":{"0":"post-593382","1":"post","2":"type-post","3":"status-publish","4":"format-standard","5":"has-post-thumbnail","7":"category-paris","8":"tag-actu","9":"tag-actu-paris","10":"tag-actualites","11":"tag-actualites-paris","12":"tag-eu","13":"tag-europe","14":"tag-fr","15":"tag-france","16":"tag-news","17":"tag-news-paris","18":"tag-paris","19":"tag-paris-news","20":"tag-republique-francaise"},"share_on_mastodon":{"url":"https:\/\/pubeurope.com\/@fr\/115702420250818029","error":""},"_links":{"self":[{"href":"https:\/\/www.europesays.com\/fr\/wp-json\/wp\/v2\/posts\/593382","targetHints":{"allow":["GET"]}}],"collection":[{"href":"https:\/\/www.europesays.com\/fr\/wp-json\/wp\/v2\/posts"}],"about":[{"href":"https:\/\/www.europesays.com\/fr\/wp-json\/wp\/v2\/types\/post"}],"author":[{"embeddable":true,"href":"https:\/\/www.europesays.com\/fr\/wp-json\/wp\/v2\/users\/2"}],"replies":[{"embeddable":true,"href":"https:\/\/www.europesays.com\/fr\/wp-json\/wp\/v2\/comments?post=593382"}],"version-history":[{"count":0,"href":"https:\/\/www.europesays.com\/fr\/wp-json\/wp\/v2\/posts\/593382\/revisions"}],"wp:featuredmedia":[{"embeddable":true,"href":"https:\/\/www.europesays.com\/fr\/wp-json\/wp\/v2\/media\/593383"}],"wp:attachment":[{"href":"https:\/\/www.europesays.com\/fr\/wp-json\/wp\/v2\/media?parent=593382"}],"wp:term":[{"taxonomy":"category","embeddable":true,"href":"https:\/\/www.europesays.com\/fr\/wp-json\/wp\/v2\/categories?post=593382"},{"taxonomy":"post_tag","embeddable":true,"href":"https:\/\/www.europesays.com\/fr\/wp-json\/wp\/v2\/tags?post=593382"}],"curies":[{"name":"wp","href":"https:\/\/api.w.org\/{rel}","templated":true}]}}