{"id":593386,"date":"2025-12-11T18:47:11","date_gmt":"2025-12-11T18:47:11","guid":{"rendered":"https:\/\/www.europesays.com\/fr\/593386\/"},"modified":"2025-12-11T18:47:11","modified_gmt":"2025-12-11T18:47:11","slug":"un-tableau-de-picasso-mis-en-jeu-a-une-tombola-caritative-pour-financer-la-recherche-sur-lalzheimer","status":"publish","type":"post","link":"https:\/\/www.europesays.com\/fr\/593386\/","title":{"rendered":"un tableau de Picasso mis en jeu \u00e0 une tombola caritative pour financer la recherche sur l&rsquo;Alzheimer"},"content":{"rendered":"<p>Paris: un tableau de Picasso mis en jeu \u00e0 une tombola caritative pour financer la recherche sur l&rsquo;AlzheimerSur le m\u00eame sujet<a href=\"https:\/\/www.bfmtv.com\/culture\/video-paris-un-tableau-de-picasso-mis-en-jeu-a-une-tombola-caritative-pour-financer-la-recherche-sur-l-alzheimer_VN-202512110870.html\" title=\"Paris: un tableau de Picasso mis en jeu \u00e0 une tombola caritative pour financer la recherche sur l&#039;Alzheimer \" target=\"_blank\" rel=\"noopener\"><img width=\"16\" height=\"9\" class=\"lozad\"  alt=\"Paris: un tableau de Picasso mis en jeu \u00e0 une tombola caritative pour financer la recherche sur l'Alzheimer \"\/>en lectureParis: un tableau de Picasso mis en jeu \u00e0 une tombola caritative pour financer la recherche sur l&rsquo;Alzheimer<\/a><a href=\"https:\/\/www.bfmtv.com\/replay-emissions\/bfm-story\/video-marshall-truchot-le-comedien-philippe-caubere-accuse-de-proxenetisme-11-12_VN-202512110741.html\" title=\"Marshall Truchot : le com\u00e9dien Philippe Caub\u00e8re accus\u00e9 de prox\u00e9n\u00e9tisme - 11\/12\" target=\"_blank\" rel=\"noopener\"><img width=\"16\" height=\"9\" class=\"lozad\"  alt=\"Marshall Truchot : le com\u00e9dien Philippe Caub\u00e8re accus\u00e9 de prox\u00e9n\u00e9tisme - 11\/12\"\/>3:22Marshall Truchot : le com\u00e9dien Philippe Caub\u00e8re accus\u00e9 de prox\u00e9n\u00e9tisme &#8211; 11\/12<\/a><a href=\"https:\/\/www.bfmtv.com\/people\/video-heritage-d-alain-delon-la-chouchoute-c-etait-anouchka-se-rappelle-jean-pierre-lecluse-ami-de-l-acteur_VN-202512110716.html\" title=\"H\u00e9ritage d&#039;Alain Delon: &quot;La chouchoute c&#039;\u00e9tait Anouchka&quot;, se rappelle Jean-Pierre L\u00e9cluse, ami de l&#039;acteur\" target=\"_blank\" rel=\"noopener\"><img width=\"16\" height=\"9\" class=\"lozad\"  alt=\"H\u00e9ritage d'Alain Delon: &quot;La chouchoute c'\u00e9tait Anouchka&quot;, se rappelle Jean-Pierre L\u00e9cluse, ami de l'acteur\"\/>0:55H\u00e9ritage d&rsquo;Alain Delon: \u00ab\u00a0La chouchoute c&rsquo;\u00e9tait Anouchka\u00a0\u00bb, se rappelle Jean-Pierre L\u00e9cluse, ami de l&rsquo;acteur<\/a><a href=\"https:\/\/www.bfmtv.com\/culture\/video-hinaupoko-deveze-miss-france-2026-se-confie-sur-bfmtv-et-bfm2_VN-202512110587.html\" title=\"Hinaupoko Dev\u00e8ze: Miss France 2026 se confie sur BFMTV et BFM2\" target=\"_blank\" rel=\"noopener\"><img width=\"16\" height=\"9\" class=\"lozad\"  alt=\"Hinaupoko Dev\u00e8ze: Miss France 2026 se confie sur BFMTV et BFM2\"\/>3:46Hinaupoko Dev\u00e8ze: Miss France 2026 se confie sur BFMTV et BFM2<\/a><a href=\"https:\/\/www.bfmtv.com\/culture\/video-l-interview-en-integralite-de-miss-france-2026-hinaupoko-deveze-sur-bfm2_VN-202512110548.html\" title=\"L&#039;interview en int\u00e9gralit\u00e9 de Miss France 2026, Hinaupoko Dev\u00e8ze, sur BFM2\" target=\"_blank\" rel=\"noopener\"><img width=\"16\" height=\"9\" class=\"lozad\"  alt=\"L'interview en int\u00e9gralit\u00e9 de Miss France 2026, Hinaupoko Dev\u00e8ze, sur BFM2\"\/>20:08L&rsquo;interview en int\u00e9gralit\u00e9 de Miss France 2026, Hinaupoko Dev\u00e8ze, sur BFM2<\/a><a href=\"https:\/\/www.bfmtv.com\/culture\/video-devenir-miss-france-un-reve-pour-hinaupoko-deveze-elle-repond-sur-bfm2_VN-202512110534.html\" title=\"Devenir Miss France, un r\u00eave pour Hinaupoko Dev\u00e8ze? Elle r\u00e9pond sur BFM2\" target=\"_blank\" rel=\"noopener\"><img width=\"16\" height=\"9\" class=\"lozad\"  alt=\"Devenir Miss France, un r\u00eave pour Hinaupoko Dev\u00e8ze? Elle r\u00e9pond sur BFM2\"\/>1:14Devenir Miss France, un r\u00eave pour Hinaupoko Dev\u00e8ze? Elle r\u00e9pond sur BFM2<\/a><a href=\"https:\/\/www.bfmtv.com\/culture\/video-un-message-de-bienveillance-miss-france-2026-a-ete-preparee-a-la-mechancete-qu-on-pouvait-voir-sur-les-reseaux-sociaux_VN-202512110532.html\" title=\"&quot;Un message de bienveillance&quot;: Miss France 2026 a \u00e9t\u00e9 pr\u00e9par\u00e9e &quot;\u00e0 la m\u00e9chancet\u00e9 qu&#039;on pouvait voir sur les r\u00e9seaux sociaux&quot;\" target=\"_blank\" rel=\"noopener\"><img width=\"16\" height=\"9\" class=\"lozad\"  alt=\"&quot;Un message de bienveillance&quot;: Miss France 2026 a \u00e9t\u00e9 pr\u00e9par\u00e9e &quot;\u00e0 la m\u00e9chancet\u00e9 qu'on pouvait voir sur les r\u00e9seaux sociaux&quot;\"\/>0:48&Prime;Un message de bienveillance\u00a0\u00bb: Miss France 2026 a \u00e9t\u00e9 pr\u00e9par\u00e9e \u00ab\u00a0\u00e0 la m\u00e9chancet\u00e9 qu&rsquo;on pouvait voir sur les r\u00e9seaux sociaux\u00a0\u00bb<\/a><a href=\"https:\/\/www.bfmtv.com\/culture\/video-hinaupoko-deveze-miss-france-2026-le-fait-d-etre-favorite-on-attend-beaucoup-de-vous_VN-202512110516.html\" title=\"Hinaupoko Dev\u00e8ze, Miss France 2026: &quot;Le fait d&#039;\u00eatre favorite, on attend beaucoup de vous&quot;\" target=\"_blank\" rel=\"noopener\"><img width=\"16\" height=\"9\" class=\"lozad\"  alt=\"Hinaupoko Dev\u00e8ze, Miss France 2026: &quot;Le fait d'\u00eatre favorite, on attend beaucoup de vous&quot;\"\/>1:18Hinaupoko Dev\u00e8ze, Miss France 2026: \u00ab\u00a0Le fait d&rsquo;\u00eatre favorite, on attend beaucoup de vous\u00a0\u00bb<\/a><a href=\"https:\/\/www.bfmtv.com\/culture\/video-miss-france-2026-un-moyen-de-porter-des-messages-forts-declare-hinaupoko-deveze_VN-202512110512.html\" title=\"Miss France 2026: &quot;Un moyen de porter des messages forts&quot;, d\u00e9clare Hinaupoko Dev\u00e8ze\" target=\"_blank\" rel=\"noopener\"><img width=\"16\" height=\"9\" class=\"lozad\"  alt=\"Miss France 2026: &quot;Un moyen de porter des messages forts&quot;, d\u00e9clare Hinaupoko Dev\u00e8ze\"\/>1:02Miss France 2026: \u00ab\u00a0Un moyen de porter des messages forts\u00a0\u00bb, d\u00e9clare Hinaupoko Dev\u00e8ze<\/a><a href=\"https:\/\/www.bfmtv.com\/culture\/video-je-commence-a-prendre-mes-marques-hinaupoko-deveze-revient-sur-ses-premiers-jours-de-miss-france-2026_VN-202512110507.html\" title=\"&quot;Je commence \u00e0 prendre mes marques&quot;: Hinaupoko Dev\u00e8ze, revient sur ses premiers jours de Miss France 2026\" target=\"_blank\" rel=\"noopener\"><img width=\"16\" height=\"9\" class=\"lozad\"  alt=\"&quot;Je commence \u00e0 prendre mes marques&quot;: Hinaupoko Dev\u00e8ze, revient sur ses premiers jours de Miss France 2026\"\/>1:01&Prime;Je commence \u00e0 prendre mes marques\u00a0\u00bb: Hinaupoko Dev\u00e8ze, revient sur ses premiers jours de Miss France 2026<\/a><a href=\"https:\/\/www.bfmtv.com\/people\/video-la-moindre-petite-coquille-peu-prendre-une-ampleur-phenomenale-hinaupoko-deveze-miss-france-2026-s-exprime-sur-son-rapport-aux-reseaux-sociaux_VN-202512110497.html\" title=\"&quot;La moindre petite coquille peut prendre une ampleur ph\u00e9nom\u00e9nale&quot;: Hinaupoko Dev\u00e8ze, miss France 2026, s&#039;exprime sur son rapport aux r\u00e9seaux sociaux\" target=\"_blank\" rel=\"noopener\"><img width=\"16\" height=\"9\" class=\"lozad\"  alt=\"&quot;La moindre petite coquille peut prendre une ampleur ph\u00e9nom\u00e9nale&quot;: Hinaupoko Dev\u00e8ze, miss France 2026, s'exprime sur son rapport aux r\u00e9seaux sociaux\"\/>0:26&Prime;La moindre petite coquille peut prendre une ampleur ph\u00e9nom\u00e9nale\u00a0\u00bb: Hinaupoko Dev\u00e8ze, miss France 2026, s&rsquo;exprime sur son rapport aux r\u00e9seaux sociaux<\/a><a href=\"https:\/\/www.bfmtv.com\/culture\/video-au-dela-d-etre-une-image-j-ai-la-chance-de-porter-un-message-fort-aupres-de-la-jeunesse-et-de-tous-les-francais-confie-miss-france-2026_VN-202512110487.html\" title=\"&quot;Au-del\u00e0 d&#039;\u00eatre une image (...), j&#039;ai la chance de porter un message fort aupr\u00e8s de la jeunesse et de tous les Fran\u00e7ais&quot;, confie miss France 2026\" target=\"_blank\" rel=\"noopener\"><img width=\"16\" height=\"9\" class=\"lozad\"  alt=\"&quot;Au-del\u00e0 d'\u00eatre une image (...), j'ai la chance de porter un message fort aupr\u00e8s de la jeunesse et de tous les Fran\u00e7ais&quot;, confie miss France 2026\"\/>0:33&Prime;Au-del\u00e0 d&rsquo;\u00eatre une image (&#8230;), j&rsquo;ai la chance de porter un message fort aupr\u00e8s de la jeunesse et de tous les Fran\u00e7ais\u00a0\u00bb, confie miss France 2026<\/a><a href=\"https:\/\/www.bfmtv.com\/police-justice\/video-alain-fabien-delon-menace-de-demander-l-exclusion-d-anouchka-de-l-heritage-d-alain-delon_VN-202512110469.html\" title=\"Alain Fabien Delon menace de demander l&#039;exclusion d&#039;Anouchka de l&#039;h\u00e9ritage d&#039;Alain Delon\" target=\"_blank\" rel=\"noopener\"><img width=\"16\" height=\"9\" class=\"lozad\"  alt=\"Alain Fabien Delon menace de demander l'exclusion d'Anouchka de l'h\u00e9ritage d'Alain Delon\"\/>1:27Alain Fabien Delon menace de demander l&rsquo;exclusion d&rsquo;Anouchka de l&rsquo;h\u00e9ritage d&rsquo;Alain Delon<\/a><a href=\"https:\/\/www.bfmtv.com\/culture\/video-alain-fabien-delon-menace-de-demander-l-exclusion-d-anouchka-de-l-heritage-d-alain-delon_VN-202512110373.html\" title=\"Alain Fabien Delon menace de demander l&#039;exclusion d&#039;Anouchka de l&#039;h\u00e9ritage d&#039;Alain Delon\" target=\"_blank\" rel=\"noopener\"><img width=\"16\" height=\"9\" class=\"lozad\"  alt=\"Alain Fabien Delon menace de demander l'exclusion d'Anouchka de l'h\u00e9ritage d'Alain Delon\"\/>1:36Alain Fabien Delon menace de demander l&rsquo;exclusion d&rsquo;Anouchka de l&rsquo;h\u00e9ritage d&rsquo;Alain Delon<\/a><a class=\"jumpToVideo\" target=\"_blank\"><img class=\"thumbnailPreview\"\/><\/a><\/p>\n","protected":false},"excerpt":{"rendered":"Paris: un tableau de Picasso mis en jeu \u00e0 une tombola caritative pour financer la recherche sur l&rsquo;AlzheimerSur&hellip;\n","protected":false},"author":2,"featured_media":593387,"comment_status":"","ping_status":"","sticky":false,"template":"","format":"standard","meta":{"footnotes":""},"categories":[1888],"tags":[11,1777,674,1011,27,12,626,25],"class_list":{"0":"post-593386","1":"post","2":"type-post","3":"status-publish","4":"format-standard","5":"has-post-thumbnail","7":"category-paris","8":"tag-actualites","9":"tag-eu","10":"tag-europe","11":"tag-fr","12":"tag-france","13":"tag-news","14":"tag-paris","15":"tag-republique-francaise"},"share_on_mastodon":{"url":"https:\/\/pubeurope.com\/@fr\/115702428808797040","error":""},"_links":{"self":[{"href":"https:\/\/www.europesays.com\/fr\/wp-json\/wp\/v2\/posts\/593386","targetHints":{"allow":["GET"]}}],"collection":[{"href":"https:\/\/www.europesays.com\/fr\/wp-json\/wp\/v2\/posts"}],"about":[{"href":"https:\/\/www.europesays.com\/fr\/wp-json\/wp\/v2\/types\/post"}],"author":[{"embeddable":true,"href":"https:\/\/www.europesays.com\/fr\/wp-json\/wp\/v2\/users\/2"}],"replies":[{"embeddable":true,"href":"https:\/\/www.europesays.com\/fr\/wp-json\/wp\/v2\/comments?post=593386"}],"version-history":[{"count":0,"href":"https:\/\/www.europesays.com\/fr\/wp-json\/wp\/v2\/posts\/593386\/revisions"}],"wp:featuredmedia":[{"embeddable":true,"href":"https:\/\/www.europesays.com\/fr\/wp-json\/wp\/v2\/media\/593387"}],"wp:attachment":[{"href":"https:\/\/www.europesays.com\/fr\/wp-json\/wp\/v2\/media?parent=593386"}],"wp:term":[{"taxonomy":"category","embeddable":true,"href":"https:\/\/www.europesays.com\/fr\/wp-json\/wp\/v2\/categories?post=593386"},{"taxonomy":"post_tag","embeddable":true,"href":"https:\/\/www.europesays.com\/fr\/wp-json\/wp\/v2\/tags?post=593386"}],"curies":[{"name":"wp","href":"https:\/\/api.w.org\/{rel}","templated":true}]}}