{"id":593388,"date":"2025-12-11T18:48:28","date_gmt":"2025-12-11T18:48:28","guid":{"rendered":"https:\/\/www.europesays.com\/fr\/593388\/"},"modified":"2025-12-11T18:48:28","modified_gmt":"2025-12-11T18:48:28","slug":"le-cio-pour-le-retour-des-equipes-russes-chez-les-juniors-actualite","status":"publish","type":"post","link":"https:\/\/www.europesays.com\/fr\/593388\/","title":{"rendered":"Le CIO pour le retour des \u00e9quipes russes chez les Juniors &#8211; Actualit\u00e9"},"content":{"rendered":"<p style=\"text-align: justify;\">La Russie fait la guerre \u00e0 l&rsquo;Ukraine depuis le 24 f\u00e9vrier 2022 et la fin des Jeux olympiques d&rsquo;Hiver de P\u00e9kin. Le CIO avait demand\u00e9, quatre jours apr\u00e8s, aux f\u00e9d\u00e9rations internationales <a href=\"https:\/\/www.directvelo.com\/actualite\/94675\/les-equipes-russes-et-bielorusses-perdent-leur-statut\" target=\"_blank\" rel=\"nofollow noopener\"><strong>d&rsquo;exclure les \u00e9quipes russes et bi\u00e9lorusses<\/strong><\/a>.<\/p>\n<p style=\"text-align: justify;\">Le 14e Sommet olympique r\u00e9uni ce jeudi \u00e0 Lausanne, sous la pr\u00e9sidence de Kirsty Coventry, la Pr\u00e9sidente du CIO, appuie la proposition de la commission ex\u00e9cutive du CIO de <a href=\"https:\/\/www.olympics.com\/cio\/news\/le-sommet-olympique-reaffirme-les-droits-fondamentaux-des-athletes-a-avoir-acces-au-sport-sans-ingerence-politique\" target=\"_blank\" rel=\"nofollow noopener\"><strong>lever les restrictions pour les jeunes athl\u00e8tes russes et bi\u00e9lorusses dans les comp\u00e9titions internationales Juniors<\/strong><\/a>. Si cette proposition est adopt\u00e9e par les f\u00e9d\u00e9rations internationales comme l&rsquo;UCI, cela veut dire que les \u00e9quipes nationales Juniors de ces deux pays pourraient participer aux Championnats et autres courses internationales sous leurs couleurs et non plus sous le maillot bleu p\u00e2le des Athl\u00e8tes individuels neutres. David Lappartient, pr\u00e9sident de l&rsquo;UCI, ne participait pas \u00e0 ce Sommet.<\/p>\n<p><strong>RETOUR DES DRAPEAUX RUSSES ET BI\u00c9LORUSSES POUR LES JUNIORS<\/strong><\/p>\n<p>De son c\u00f4t\u00e9 le CIO veut appliquer cette mesure d\u00e8s les Jeux olympiques de la Jeunesse \u00e0 Dakar en 2026. \u00ab\u00a0Les participants au Sommet olympique ont reconnu que les athl\u00e8tes, et en particulier les jeunes athl\u00e8tes, ne devaient pas \u00eatre tenus pour responsables des agissements de leur gouvernement\u00a0\u00bb, dit le communiqu\u00e9. En revanche \u00ab\u00a0les sanctions existantes \u00e0 l&rsquo;encontre des gouvernements russe et b\u00e9larussien devraient \u00e9galement \u00eatre maintenues. Les restrictions concernant les accr\u00e9ditations ou les invitations \u00e0 des r\u00e9unions ou \u00e0 des manifestations sportives internationales pour les repr\u00e9sentants des gouvernements russe et b\u00e9larussien devraient notamment rester en vigueur, tant pour les manifestations seniors que juniors\u00a0\u00bb.<\/p>\n<p>Le Sommet olympique de d\u00e9cembre 2022 avait <a href=\"https:\/\/www.directvelo.com\/actualite\/102311\/luci-suit-le-cio-pour-le-retour-des-sportifs-russes-et-bielorusses\" target=\"_blank\" rel=\"nofollow noopener\"><strong>d\u00e9j\u00e0 propos\u00e9 le retour des Russes et Bi\u00e9lorusses dans les Championnats du Monde et les Jeux olympiques<\/strong><\/a>.La commission ex\u00e9cutive du 28 mars 2023 avait autoris\u00e9 leur\u00a0 participation <a href=\"https:\/\/www.olympics.com\/cio\/news\/le-cio-emet-des-recommandations-a-l-intention-des-federations-internationales-et-des-organisateurs-de-manifestations-sportives\" target=\"_blank\" rel=\"nofollow noopener\"><strong>en tant qu&rsquo;athl\u00e8te individuel neutre<\/strong><\/a>.\u00a0<\/p>\n<p>C&rsquo;est ainsi que depuis 2023, l&rsquo;UCI autorise des coureurs russes et bi\u00e9lorusses \u00e0 participer aux Championnats internationaux et aux Coupe du Monde <a href=\"https:\/\/www.directvelo.com\/actualite\/104936\/retour-des-coureurs-russes-la-liste-des-athletes-neutres\" target=\"_blank\" rel=\"nofollow noopener\"><strong>sous la banni\u00e8re des athl\u00e8tes individuels neutres<\/strong><\/a> \u00e0 condition de ne pas soutenir la guerre de la Russie contre l&rsquo;Ukraine .<\/p>\n","protected":false},"excerpt":{"rendered":"La Russie fait la guerre \u00e0 l&rsquo;Ukraine depuis le 24 f\u00e9vrier 2022 et la fin des Jeux olympiques&hellip;\n","protected":false},"author":2,"featured_media":593389,"comment_status":"","ping_status":"","sticky":false,"template":"","format":"standard","meta":{"footnotes":""},"categories":[1591],"tags":[11,834,828,836,829,837,827,83,826,824,823,207,814,817,815,816,822,821,1887,832,211,839,27,820,818,819,12,835,831,830,833,838,1885,1886,132,212,208,825],"class_list":{"0":"post-593388","1":"post","2":"type-post","3":"status-publish","4":"format-standard","5":"has-post-thumbnail","7":"category-russie","8":"tag-actualites","9":"tag-attaque","10":"tag-belgique","11":"tag-braquet","12":"tag-bretagne","13":"tag-chute","14":"tag-competition","15":"tag-coupe-de-france","16":"tag-coureur","17":"tag-course-cyclisme","18":"tag-course-cycliste","19":"tag-cyclisme","20":"tag-direct","21":"tag-direct-velo","22":"tag-directvelo","23":"tag-directvelo-com","24":"tag-epreuve","25":"tag-epreuve-cycliste","26":"tag-federation-de-russie","27":"tag-federation-francaise-de-cyclisme","28":"tag-ffc","29":"tag-flandres","30":"tag-france","31":"tag-live","32":"tag-live-course","33":"tag-live-epreuve","34":"tag-news","35":"tag-peloton","36":"tag-radio-peloton","37":"tag-radio-tour","38":"tag-ravitaillement","39":"tag-relance","40":"tag-russia","41":"tag-russian-federation","42":"tag-russie","43":"tag-uci","44":"tag-velo","45":"tag-velos"},"share_on_mastodon":{"url":"","error":"Validation failed: Text character limit of 500 exceeded"},"_links":{"self":[{"href":"https:\/\/www.europesays.com\/fr\/wp-json\/wp\/v2\/posts\/593388","targetHints":{"allow":["GET"]}}],"collection":[{"href":"https:\/\/www.europesays.com\/fr\/wp-json\/wp\/v2\/posts"}],"about":[{"href":"https:\/\/www.europesays.com\/fr\/wp-json\/wp\/v2\/types\/post"}],"author":[{"embeddable":true,"href":"https:\/\/www.europesays.com\/fr\/wp-json\/wp\/v2\/users\/2"}],"replies":[{"embeddable":true,"href":"https:\/\/www.europesays.com\/fr\/wp-json\/wp\/v2\/comments?post=593388"}],"version-history":[{"count":0,"href":"https:\/\/www.europesays.com\/fr\/wp-json\/wp\/v2\/posts\/593388\/revisions"}],"wp:featuredmedia":[{"embeddable":true,"href":"https:\/\/www.europesays.com\/fr\/wp-json\/wp\/v2\/media\/593389"}],"wp:attachment":[{"href":"https:\/\/www.europesays.com\/fr\/wp-json\/wp\/v2\/media?parent=593388"}],"wp:term":[{"taxonomy":"category","embeddable":true,"href":"https:\/\/www.europesays.com\/fr\/wp-json\/wp\/v2\/categories?post=593388"},{"taxonomy":"post_tag","embeddable":true,"href":"https:\/\/www.europesays.com\/fr\/wp-json\/wp\/v2\/tags?post=593388"}],"curies":[{"name":"wp","href":"https:\/\/api.w.org\/{rel}","templated":true}]}}