{"id":593392,"date":"2025-12-11T18:50:26","date_gmt":"2025-12-11T18:50:26","guid":{"rendered":"https:\/\/www.europesays.com\/fr\/593392\/"},"modified":"2025-12-11T18:50:26","modified_gmt":"2025-12-11T18:50:26","slug":"marschall-truchot-etats-unis-les-conditions-dentree-vont-se-durcir","status":"publish","type":"post","link":"https:\/\/www.europesays.com\/fr\/593392\/","title":{"rendered":"Marschall Truchot : \u00c9tats-Unis, les conditions d&rsquo;entr\u00e9e vont se durcir"},"content":{"rendered":"<p>Marschall Truchot : \u00c9tats-Unis, les conditions d&rsquo;entr\u00e9e vont se durcir &#8211; 11\/12Sur le m\u00eame sujet<a href=\"https:\/\/www.bfmtv.com\/replay-emissions\/bfm-story\/video-marschall-truchot-violeur-au-tournevis-le-cold-case-resolu-11-12_VN-202512110836.html\" title=\"Marschall Truchot : Violeur au tournevis, le cold case r\u00e9solu ? - 11\/12\" target=\"_blank\" rel=\"noopener\"><img width=\"16\" height=\"9\" class=\"lozad\"  alt=\"Marschall Truchot : Violeur au tournevis, le cold case r\u00e9solu ? - 11\/12\"\/>17:03Marschall Truchot : Violeur au tournevis, le cold case r\u00e9solu ? &#8211; 11\/12<\/a><a href=\"https:\/\/www.bfmtv.com\/replay-emissions\/bfm-story\/video-marschall-truchot-faut-il-generaliser-l-encadrement-des-loyers-11-12_VN-202512110834.html\" title=\"Marschall Truchot : Faut-il g\u00e9n\u00e9raliser l&#039;encadrement des loyers ? - 11\/12\" target=\"_blank\" rel=\"noopener\"><img width=\"16\" height=\"9\" class=\"lozad\"  alt=\"Marschall Truchot : Faut-il g\u00e9n\u00e9raliser l'encadrement des loyers ? - 11\/12\"\/>18:27Marschall Truchot : Faut-il g\u00e9n\u00e9raliser l&rsquo;encadrement des loyers ? &#8211; 11\/12<\/a><a href=\"https:\/\/www.bfmtv.com\/replay-emissions\/bfm-story\/video-marshall-truchot-des-agriculteurs-en-colere-contre-des-abattages-massifs-11-12_VN-202512110803.html\" title=\"Marshall Truchot : Des agriculteurs en col\u00e8re contre des abattages massifs - 11\/12\" target=\"_blank\" rel=\"noopener\"><img width=\"16\" height=\"9\" class=\"lozad\"  alt=\"Marshall Truchot : Des agriculteurs en col\u00e8re contre des abattages massifs - 11\/12\"\/>20:51Marshall Truchot : Des agriculteurs en col\u00e8re contre des abattages massifs &#8211; 11\/12<\/a><a href=\"https:\/\/www.bfmtv.com\/replay-emissions\/bfm-story\/video-marschall-truchot-etats-unis-les-conditions-d-entree-vont-se-durcir-11-12_VN-202512110796.html\" title=\"Marschall Truchot : \u00c9tats-Unis, les conditions d&#039;entr\u00e9e vont se durcir - 11\/12\" target=\"_blank\" rel=\"noopener\"><img width=\"16\" height=\"9\" class=\"lozad\"  alt=\"Marschall Truchot : \u00c9tats-Unis, les conditions d'entr\u00e9e vont se durcir - 11\/12\"\/>en lectureMarschall Truchot : \u00c9tats-Unis, les conditions d&rsquo;entr\u00e9e vont se durcir &#8211; 11\/12<\/a><a href=\"https:\/\/www.bfmtv.com\/replay-emissions\/bfm-story\/video-marshall-truchot-le-comedien-philippe-caubere-accuse-de-proxenetisme-11-12_VN-202512110741.html\" title=\"Marshall Truchot : le com\u00e9dien Philippe Caub\u00e8re accus\u00e9 de prox\u00e9n\u00e9tisme - 11\/12\" target=\"_blank\" rel=\"noopener\"><img width=\"16\" height=\"9\" class=\"lozad\"  alt=\"Marshall Truchot : le com\u00e9dien Philippe Caub\u00e8re accus\u00e9 de prox\u00e9n\u00e9tisme - 11\/12\"\/>3:22Marshall Truchot : le com\u00e9dien Philippe Caub\u00e8re accus\u00e9 de prox\u00e9n\u00e9tisme &#8211; 11\/12<\/a><a href=\"https:\/\/www.bfmtv.com\/replay-emissions\/bfm-story\/video-marshall-truchot-heritage-delon-les-enfants-se-dechirent-toujours-11-12_VN-202512110735.html\" title=\"Marshall Truchot : H\u00e9ritage Delon, les enfants se d\u00e9chirent toujours - 11\/12\" target=\"_blank\" rel=\"noopener\"><img width=\"16\" height=\"9\" class=\"lozad\"  alt=\"Marshall Truchot : H\u00e9ritage Delon, les enfants se d\u00e9chirent toujours - 11\/12\"\/>17:09Marshall Truchot : H\u00e9ritage Delon, les enfants se d\u00e9chirent toujours &#8211; 11\/12<\/a><a href=\"https:\/\/www.bfmtv.com\/replay-emissions\/bfm-story\/video-marshall-truchot-des-agriculteurs-en-colere-contre-des-abattages-massifs-11-12_VN-202512110707.html\" title=\"Marshall Truchot : Des agriculteurs en col\u00e8re contre des abattages massifs - 11\/12\" target=\"_blank\" rel=\"noopener\"><img width=\"16\" height=\"9\" class=\"lozad\"  alt=\"Marshall Truchot : Des agriculteurs en col\u00e8re contre des abattages massifs - 11\/12\"\/>5:47Marshall Truchot : Des agriculteurs en col\u00e8re contre des abattages massifs &#8211; 11\/12<\/a><a href=\"https:\/\/www.bfmtv.com\/replay-emissions\/bfm-story\/video-marschall-truchot-enfant-tondu-l-aide-sociale-a-l-enfance-en-accusation-10-12_VN-202512100879.html\" title=\"Marschall Truchot : Enfant tondu, l&#039;Aide Sociale \u00e0 l&#039;Enfance en accusation - 10\/12\" target=\"_blank\" rel=\"noopener\"><img width=\"16\" height=\"9\" class=\"lozad\"  alt=\"Marschall Truchot : Enfant tondu, l'Aide Sociale \u00e0 l'Enfance en accusation - 10\/12\"\/>15:07Marschall Truchot : Enfant tondu, l&rsquo;Aide Sociale \u00e0 l&rsquo;Enfance en accusation &#8211; 10\/12<\/a><a href=\"https:\/\/www.bfmtv.com\/replay-emissions\/bfm-story\/video-marschall-truchot-budget-les-deputes-ont-ils-voulu-sauver-leur-siege-10-12_VN-202512100851.html\" title=\"Marschall Truchot : Budget, les d\u00e9put\u00e9s ont-ils voulu sauver leur si\u00e8ge ? - 10\/12\" target=\"_blank\" rel=\"noopener\"><img width=\"16\" height=\"9\" class=\"lozad\"  alt=\"Marschall Truchot : Budget, les d\u00e9put\u00e9s ont-ils voulu sauver leur si\u00e8ge ? - 10\/12\"\/>22:48Marschall Truchot : Budget, les d\u00e9put\u00e9s ont-ils voulu sauver leur si\u00e8ge ? &#8211; 10\/12<\/a><a href=\"https:\/\/www.bfmtv.com\/replay-emissions\/bfm-story\/video-marschall-truchot-securite-faut-il-fermer-le-louvre-de-toute-urgence-10-12_VN-202512100821.html\" title=\"Marschall Truchot : s\u00e9curit\u00e9, faut-il fermer le Louvre de toute urgence ? - 10\/12\" target=\"_blank\" rel=\"noopener\"><img width=\"16\" height=\"9\" class=\"lozad\"  alt=\"Marschall Truchot : s\u00e9curit\u00e9, faut-il fermer le Louvre de toute urgence ? - 10\/12\"\/>19:14Marschall Truchot : s\u00e9curit\u00e9, faut-il fermer le Louvre de toute urgence ? &#8211; 10\/12<\/a><a href=\"https:\/\/www.bfmtv.com\/replay-emissions\/bfm-story\/video-marschall-truchot-budget-pour-lecornu-le-plus-dur-commence-10-12_VN-202512100779.html\" title=\"Marschall Truchot : Budget, pour Lecornu, le plus dur commence \u2013 10\/12\" target=\"_blank\" rel=\"noopener\"><img width=\"16\" height=\"9\" class=\"lozad\"  alt=\"Marschall Truchot : Budget, pour Lecornu, le plus dur commence \u2013 10\/12\"\/>18:33Marschall Truchot : Budget, pour Lecornu, le plus dur commence \u2013 10\/12<\/a><a href=\"https:\/\/www.bfmtv.com\/replay-emissions\/bfm-story\/video-marshall-truchot-je-t-aime-reviens-la-foule-en-delire-pour-sarkozy-10-12_VN-202512100765.html\" title=\"Marshall Truchot : \u201cJe t\u2019aime, reviens !\u201d, la foule en d\u00e9lire pour Sarkozy - 10\/12\" target=\"_blank\" rel=\"noopener\"><img width=\"16\" height=\"9\" class=\"lozad\"  alt=\"Marshall Truchot : \u201cJe t\u2019aime, reviens !\u201d, la foule en d\u00e9lire pour Sarkozy - 10\/12\"\/>22:50Marshall Truchot : \u201cJe t\u2019aime, reviens !\u201d, la foule en d\u00e9lire pour Sarkozy &#8211; 10\/12<\/a><a href=\"https:\/\/www.bfmtv.com\/replay-emissions\/bfm-story\/video-marschall-truchot-budget-de-la-secu-les-ecologistes-vont-s-abstenir-09-12_VN-202512090805.html\" title=\"Marschall Truchot : Budget de la S\u00e9cu, les \u00e9cologistes vont s&#039;abstenir - 09\/12\" target=\"_blank\" rel=\"noopener\"><img width=\"16\" height=\"9\" class=\"lozad\"  alt=\"Marschall Truchot : Budget de la S\u00e9cu, les \u00e9cologistes vont s'abstenir - 09\/12\"\/>37:12Marschall Truchot : Budget de la S\u00e9cu, les \u00e9cologistes vont s&rsquo;abstenir &#8211; 09\/12<\/a><a href=\"https:\/\/www.bfmtv.com\/replay-emissions\/bfm-story\/video-marschall-truchot-budget-securite-sociale-vote-decisif-a-l-assemblee-09-12_VN-202512090774.html\" title=\"Marschall Truchot : Budget S\u00e9curit\u00e9 sociale, vote d\u00e9cisif \u00e0 l&#039;Assembl\u00e9e - 09\/12\" target=\"_blank\" rel=\"noopener\"><img width=\"16\" height=\"9\" class=\"lozad\"  alt=\"Marschall Truchot : Budget S\u00e9curit\u00e9 sociale, vote d\u00e9cisif \u00e0 l'Assembl\u00e9e - 09\/12\"\/>34:10Marschall Truchot : Budget S\u00e9curit\u00e9 sociale, vote d\u00e9cisif \u00e0 l&rsquo;Assembl\u00e9e &#8211; 09\/12<\/a><a class=\"jumpToVideo\" target=\"_blank\"><img class=\"thumbnailPreview\"\/><\/a><\/p>\n","protected":false},"excerpt":{"rendered":"Marschall Truchot : \u00c9tats-Unis, les conditions d&rsquo;entr\u00e9e vont se durcir &#8211; 11\/12Sur le m\u00eame sujet17:03Marschall Truchot : Violeur&hellip;\n","protected":false},"author":2,"featured_media":593393,"comment_status":"","ping_status":"","sticky":false,"template":"","format":"standard","meta":{"footnotes":""},"categories":[1589],"tags":[11,73,1866,12,1864,1865,1863,308],"class_list":{"0":"post-593392","1":"post","2":"type-post","3":"status-publish","4":"format-standard","5":"has-post-thumbnail","7":"category-etats-unis","8":"tag-actualites","9":"tag-etats-unis","10":"tag-etats-unis-damerique","11":"tag-news","12":"tag-united-states","13":"tag-united-states-of-america","14":"tag-us","15":"tag-usa"},"share_on_mastodon":{"url":"https:\/\/pubeurope.com\/@fr\/115702439951686219","error":""},"_links":{"self":[{"href":"https:\/\/www.europesays.com\/fr\/wp-json\/wp\/v2\/posts\/593392","targetHints":{"allow":["GET"]}}],"collection":[{"href":"https:\/\/www.europesays.com\/fr\/wp-json\/wp\/v2\/posts"}],"about":[{"href":"https:\/\/www.europesays.com\/fr\/wp-json\/wp\/v2\/types\/post"}],"author":[{"embeddable":true,"href":"https:\/\/www.europesays.com\/fr\/wp-json\/wp\/v2\/users\/2"}],"replies":[{"embeddable":true,"href":"https:\/\/www.europesays.com\/fr\/wp-json\/wp\/v2\/comments?post=593392"}],"version-history":[{"count":0,"href":"https:\/\/www.europesays.com\/fr\/wp-json\/wp\/v2\/posts\/593392\/revisions"}],"wp:featuredmedia":[{"embeddable":true,"href":"https:\/\/www.europesays.com\/fr\/wp-json\/wp\/v2\/media\/593393"}],"wp:attachment":[{"href":"https:\/\/www.europesays.com\/fr\/wp-json\/wp\/v2\/media?parent=593392"}],"wp:term":[{"taxonomy":"category","embeddable":true,"href":"https:\/\/www.europesays.com\/fr\/wp-json\/wp\/v2\/categories?post=593392"},{"taxonomy":"post_tag","embeddable":true,"href":"https:\/\/www.europesays.com\/fr\/wp-json\/wp\/v2\/tags?post=593392"}],"curies":[{"name":"wp","href":"https:\/\/api.w.org\/{rel}","templated":true}]}}