{"id":593394,"date":"2025-12-11T18:51:13","date_gmt":"2025-12-11T18:51:13","guid":{"rendered":"https:\/\/www.europesays.com\/fr\/593394\/"},"modified":"2025-12-11T18:51:13","modified_gmt":"2025-12-11T18:51:13","slug":"javier-milei-affirme-que-des-pourparlers-sont-en-cours-pour-lever-lembargo-sur-les-armes-mis-en-place-par-le-royaume-uni-depuis-1982-londres-dement","status":"publish","type":"post","link":"https:\/\/www.europesays.com\/fr\/593394\/","title":{"rendered":"Javier Milei affirme que des pourparlers sont en cours pour lever l\u2019embargo sur les armes mis en place par le Royaume-Uni depuis 1982, Londres d\u00e9ment"},"content":{"rendered":"<p>\n    Pour le pr\u00e9sident argentin, ses restrictions qui datent de la guerre des Malouines freinent le d\u00e9veloppement de son arm\u00e9e et \u00e9voque le fait qu\u2019\u00abil n\u2019y a pas de puissances mondiales sans puissance militaire\u00bb.<\/p>\n<p class=\"fig-paragraph\">Une \u00abpuissance militaire mondiale\u00bb. Quelques mois avant sa visite officielle au\u00a0<a href=\"http:\/\/www.lefigaro.fr\/flash-actu\/le-royaume-uni-sanctionne-des-entites-impliquees-dans-la-manipulation-de-l-information-par-la-russie-20251209\" target=\"_blank\" data-fig-type=\"NewsFlash\" rel=\"noopener\" data-gtm-custom-categorie=\"navigation\" data-gtm-custom-action=\"crossclick\" data-gtm-custom-label=\"Contextuel\" data-gtm-event=\"customEventSPE\" data-fig-domain=\"LEFIGARO\">Royaume-Uni<\/a>\u00a0qui fera de lui le premier pr\u00e9sident\u00a0<a href=\"http:\/\/www.lefigaro.fr\/conjoncture\/les-etats-unis-prets-a-aider-financierement-l-argentine-de-milei-20250923\" target=\"_blank\" data-fig-type=\"NewsFlash\" rel=\"noopener\" data-gtm-custom-categorie=\"navigation\" data-gtm-custom-action=\"crossclick\" data-gtm-custom-label=\"Contextuel\" data-gtm-event=\"customEventSPE\" data-fig-domain=\"LEFIGARO\">argentin\u00a0<\/a>\u00e0 fouler le sol britannique depuis 1998,\u00a0<a href=\"http:\/\/www.lefigaro.fr\/flash-actu\/argentine-le-parlement-rejette-deux-vetos-presidentiels-de-milei-sur-le-financement-de-la-sante-et-de-l-universite-20251003\" target=\"_blank\" data-fig-type=\"NewsFlash\" rel=\"noopener\" data-gtm-custom-categorie=\"navigation\" data-gtm-custom-action=\"crossclick\" data-gtm-custom-label=\"Contextuel\" data-gtm-event=\"customEventSPE\" data-fig-domain=\"LEFIGARO\">Javier Milei<\/a>\u00a0s\u2019est pr\u00eat\u00e9 au jeu de l\u2019interview aupr\u00e8s du m\u00e9dia\u00a0<a href=\"https:\/\/www.telegraph.co.uk\/world-news\/2025\/12\/10\/britain-in-talks-with-argentina-falklands-era-weapon-ban\/\" target=\"_blank\" rel=\"sponsored noopener\" data-gtm-custom-categorie=\"navigation\" data-gtm-custom-action=\"crossclick\" data-gtm-custom-label=\"Contextuel\" data-gtm-event=\"customEventSPE\">The Telegraph<\/a> . L\u2019homme au pouvoir depuis 2023 affirme dans cet article, paru ce mercredi, que des n\u00e9gociations \u00e9taient en cours entre l\u2019Argentine et le Royaume-Uni pour lever l\u2019embargo sur l\u2019exportation des armes impos\u00e9es par Londres et plusieurs pays occidentaux au lendemain de la guerre des Malouines. Selon lui, ces n\u00e9gociations devraient permettre \u00e0 l\u2019arm\u00e9e argentine de se relever apr\u00e8s des ann\u00e9es de restrictions. \u00abIl n\u2019y a pas de puissances mondiales sans puissance militaire\u00bb, a-t-il d\u00e9clar\u00e9. L\u2019interview a sans doute surpris le gouvernement de Londres, qui a aussit\u00f4t d\u00e9menti toute n\u00e9gociation avec l\u2019Argentine \u00e0 ce sujet.<\/p>\n<p class=\"fig-paragraph\">De plus, le gouvernement britannique r\u00e9fute l\u2019id\u00e9e expos\u00e9e par Javier Milei dans The Telegraph de donner les \u00eeles Malouines, qui sont un territoire britannique, \u00e0 l\u2019Argentine \u00abpar des solutions pacifiques et diplomatiques\u00bb, rapporte\u00a0<a href=\"https:\/\/www.theguardian.com\/politics\/2025\/dec\/11\/uk-denies-mileis-claim-of-talks-over-falklands-era-ban-on-argentina-arms-sales\" target=\"_blank\" rel=\"sponsored noopener\" data-gtm-custom-categorie=\"navigation\" data-gtm-custom-action=\"crossclick\" data-gtm-custom-label=\"Contextuel\" data-gtm-event=\"customEventSPE\">The Guardian<\/a> . \u00abLa souverainet\u00e9 des \u00eeles Malouines n\u2019est pas n\u00e9gociable et nous d\u00e9fendrons leur droit \u00e0 l\u2019autod\u00e9termination\u00bb, explique un porte-parole du gouvernement britannique. En revanche, ce dernier affirme se r\u00e9jouir du renforcement de leur coop\u00e9ration avec \u00abl\u2019Argentine dans des domaines tels que le commerce, la science et la culture afin de favoriser la croissance pour le peuple britannique\u00bb.<\/p>\n<p>                                            <a class=\"fig-a11y-skip\" href=\"#fig-a11y-skip-main-inarticle\" data-module=\"a11y-skip\" data-context=\"was @visible\"><br \/>\n    Passer la publicit\u00e9<br \/>\n<\/a>            <\/p>\n<p class=\"fig-paragraph\">La guerre des Malouines est un conflit qui a \u00e9clat\u00e9 en 1982 \u00e0 la suite de l\u2019invasion des \u00eeles du m\u00eame nom par la junte militaire argentine, qui revendiquait ce territoire appartenant au Royaume-Uni depuis 1833. Apr\u00e8s la victoire britannique, un embargo sur les armes fut mis en place par les Occidentaux. Si les restrictions sont aujourd\u2019hui lev\u00e9es par de nombreux pays, le Royaume-Uni continue de contr\u00f4ler les activit\u00e9s militaires autour de l\u2019archipel et n\u2019autorise pas l\u2019exportation d\u2019armes consid\u00e9r\u00e9es comme susceptibles de \u00abrenforcer les capacit\u00e9s militaires argentines\u00bb.<\/p>\n<p>                                            Des relations apais\u00e9es entre les deux pays<\/p>\n<p class=\"fig-paragraph\">Les relations entre les deux pays se sont nettement am\u00e9lior\u00e9es depuis l\u2019arriv\u00e9e au pouvoir de Javier Milei, explique The Telegraph. Le pr\u00e9sident souhaite m\u00eame se rendre au Royaume-Uni en \u00abavril ou mai 2026\u00bb pour rencontrer Keir Starmer, le premier ministre britannique. Le journal rappelle que les \u00c9tats-Unis ont jou\u00e9 un r\u00f4le dans les discussions entre les deux pays. Des analystes \u00e9voquent la possibilit\u00e9 que l\u2019Argentine puisse \u00eatre \u00abun rempart important contre la Chine et la Russie dans l\u2019Atlantique Sud et l\u2019Antarctique\u00bb. R\u00e9cemment, des avions chasseurs F-16 danois ont \u00e9t\u00e9 livr\u00e9s \u00e0 l\u2019Argentine apr\u00e8s un accord approuv\u00e9 par Donald Trump, rapporte le m\u00e9dia britannique.<\/p>\n<p class=\"fig-paragraph\">En 2013, les habitants des Malouines ont vot\u00e9 \u00e0 98,8% en faveur du maintien des \u00eeles dans le giron britannique\u00a0<a href=\"http:\/\/www.lefigaro.fr\/histoire\/archives\/guerre-des-malouines-il-y-a-40-ans-le-debarquement-surprise-des-soldats-argentins-20220402\" target=\"_blank\" data-fig-type=\"Article\" rel=\"noopener\" data-gtm-custom-categorie=\"navigation\" data-gtm-custom-action=\"crossclick\" data-gtm-custom-label=\"Contextuel\" data-gtm-event=\"customEventSPE\" data-fig-domain=\"LEFIGARO\">lors d\u2019un r\u00e9f\u00e9rendum<\/a>. Cependant, le gouvernement argentin a d\u00e9clar\u00e9 le scrutin nul et non avenu.\u00a0Lors de sa\u00a0<a href=\"http:\/\/www.lefigaro.fr\/international\/javier-milei-veut-recuperer-les-iles-malouines-20231122\" target=\"_blank\" data-fig-type=\"Article\" rel=\"noopener\" data-gtm-custom-categorie=\"navigation\" data-gtm-custom-action=\"crossclick\" data-gtm-custom-label=\"Contextuel\" data-gtm-event=\"customEventSPE\" data-fig-domain=\"LEFIGARO\">campagne pour la pr\u00e9sidentielle<\/a>\u00a0de 2023, Javier Milei avait affirm\u00e9 que \u00abla souverainet\u00e9 de l\u2019Argentine sur les \u00eeles Malouines n\u2019est pas n\u00e9gociable. Les Malouines sont argentines. (&#8230;) Maintenant, nous devons voir comment nous allons les r\u00e9cup\u00e9rer. Il est clair que l\u2019option de la guerre n\u2019est pas une solution\u00bb.<\/p>\n","protected":false},"excerpt":{"rendered":"Pour le pr\u00e9sident argentin, ses restrictions qui datent de la guerre des Malouines freinent le d\u00e9veloppement de son&hellip;\n","protected":false},"author":2,"featured_media":593395,"comment_status":"","ping_status":"","sticky":false,"template":"","format":"standard","meta":{"footnotes":""},"categories":[1588],"tags":[11,6715,10268,1777,674,5924,12,473,1853,1851,1850,1852],"class_list":{"0":"post-593394","1":"post","2":"type-post","3":"status-publish","4":"format-standard","5":"has-post-thumbnail","7":"category-royaume-uni","8":"tag-actualites","9":"tag-argentine","10":"tag-arme","11":"tag-eu","12":"tag-europe","13":"tag-javier-milei","14":"tag-news","15":"tag-royaume-uni","16":"tag-royaume-uni-de-grande-bretagne-et-dirlande-du-nord","17":"tag-uk","18":"tag-united-kingdom","19":"tag-united-kingdom-of-great-britain-and-northern-ireland"},"share_on_mastodon":{"url":"https:\/\/pubeurope.com\/@fr\/115702444847098423","error":""},"_links":{"self":[{"href":"https:\/\/www.europesays.com\/fr\/wp-json\/wp\/v2\/posts\/593394","targetHints":{"allow":["GET"]}}],"collection":[{"href":"https:\/\/www.europesays.com\/fr\/wp-json\/wp\/v2\/posts"}],"about":[{"href":"https:\/\/www.europesays.com\/fr\/wp-json\/wp\/v2\/types\/post"}],"author":[{"embeddable":true,"href":"https:\/\/www.europesays.com\/fr\/wp-json\/wp\/v2\/users\/2"}],"replies":[{"embeddable":true,"href":"https:\/\/www.europesays.com\/fr\/wp-json\/wp\/v2\/comments?post=593394"}],"version-history":[{"count":0,"href":"https:\/\/www.europesays.com\/fr\/wp-json\/wp\/v2\/posts\/593394\/revisions"}],"wp:featuredmedia":[{"embeddable":true,"href":"https:\/\/www.europesays.com\/fr\/wp-json\/wp\/v2\/media\/593395"}],"wp:attachment":[{"href":"https:\/\/www.europesays.com\/fr\/wp-json\/wp\/v2\/media?parent=593394"}],"wp:term":[{"taxonomy":"category","embeddable":true,"href":"https:\/\/www.europesays.com\/fr\/wp-json\/wp\/v2\/categories?post=593394"},{"taxonomy":"post_tag","embeddable":true,"href":"https:\/\/www.europesays.com\/fr\/wp-json\/wp\/v2\/tags?post=593394"}],"curies":[{"name":"wp","href":"https:\/\/api.w.org\/{rel}","templated":true}]}}