{"id":593404,"date":"2025-12-11T18:56:13","date_gmt":"2025-12-11T18:56:13","guid":{"rendered":"https:\/\/www.europesays.com\/fr\/593404\/"},"modified":"2025-12-11T18:56:13","modified_gmt":"2025-12-11T18:56:13","slug":"un-chef-dentreprise-marseillais-du-btp-soupconne-detre-a-la-tete-dun-trafic-de-drogue-international","status":"publish","type":"post","link":"https:\/\/www.europesays.com\/fr\/593404\/","title":{"rendered":"Un chef d\u2019entreprise marseillais du BTP soup\u00e7onn\u00e9 d\u2019\u00eatre \u00e0 la t\u00eate d\u2019un trafic de drogue international"},"content":{"rendered":"<p>Dans la nuit du mercredi\u00a03 au jeudi 4\u00a0d\u00e9cembre 2025, apr\u00e8s un long voyage depuis l\u2019Espagne, une Skoda Kodiak pr\u00e9c\u00e9d\u00e9e par un Porsche Cayenne, se gare dans le 15e arrondissement de <a href=\"https:\/\/www.laprovence.com\/bouches-du-rhone\/marseille-13055\" target=\"_blank\" rel=\"noopener\">Marseille<\/a>. Les deux hommes qui sortent des v\u00e9hicules s\u2019attablent dans un snack et rel\u00e2chent enfin la pression. Ils ont encore r\u00e9ussi leur coup\u00a0:<strong> 159\u00a0kilos de pains de r\u00e9sine de cannabis<\/strong> patientent dans la Skoda, dans des caches habilement am\u00e9nag\u00e9es. <strong>Un autre kilo<\/strong> fait le compte rond dans l\u2019habitacle du Cayenne, qui avait rejoint la Skoda en chemin pour lui ouvrir la route. Mais alors que les deux hommes savourent enfin leur repas, des silhouettes arm\u00e9es surgissent soudain, engonc\u00e9es dans des gilets tactiques sigl\u00e9s \u00ab\u00a0OFAST\u00a0\u00bb. En pleine descente d\u2019adr\u00e9naline, les deux hommes restent <strong>comme sid\u00e9r\u00e9s<\/strong>. C\u2019\u00e9tait l\u2019id\u00e9e.<\/p>\n<p>Un entrepreneur presque au-dessus de tout soup\u00e7on<\/p>\n<p><a href=\"https:\/\/www.laprovence.com\/article\/faits-divers-justice\/3766239972120814\/loffice-anti-stupefiants-de-marseille-intercepte-239-kilos-de-cocaine-a-la-sortie-du-port-de-marseille\" target=\"_blank\" rel=\"noopener\">Les agents de l\u2019Office antistup\u00e9fiants (Ofast)<\/a> de Marseille attendaient ce moment <strong>depuis bient\u00f4t un an<\/strong>. Comme souvent, l\u2019enqu\u00eate \u00e9tait partie d\u2019un \u00ab\u00a0tuyau\u00a0\u00bb. Un renseignement recueilli par la cellule de renseignement op\u00e9rationnelle sur les stup\u00e9fiants (CROSS 13)<strong> en janvier\u00a02025<\/strong> sur l\u2019une de ces multiples \u00e9quipes qui alimentent la r\u00e9gion marseillaise en d&#8230;<\/p>\n","protected":false},"excerpt":{"rendered":"Dans la nuit du mercredi\u00a03 au jeudi 4\u00a0d\u00e9cembre 2025, apr\u00e8s un long voyage depuis l\u2019Espagne, une Skoda Kodiak&hellip;\n","protected":false},"author":2,"featured_media":593405,"comment_status":"","ping_status":"","sticky":false,"template":"","format":"standard","meta":{"footnotes":""},"categories":[2],"tags":[17,11,1771,7818,28746,61785,274,1011,27,761,12,25,37462,17643],"class_list":{"0":"post-593404","1":"post","2":"type-post","3":"status-publish","4":"format-standard","5":"has-post-thumbnail","7":"category-actualites","8":"tag-17","9":"tag-actualites","10":"tag-btp","11":"tag-chef","12":"tag-detre","13":"tag-dentreprise","14":"tag-faits-divers-justice","15":"tag-fr","16":"tag-france","17":"tag-marseillais","18":"tag-news","19":"tag-republique-francaise","20":"tag-soupconne","21":"tag-tete"},"share_on_mastodon":{"url":"https:\/\/pubeurope.com\/@fr\/115702463592492082","error":""},"_links":{"self":[{"href":"https:\/\/www.europesays.com\/fr\/wp-json\/wp\/v2\/posts\/593404","targetHints":{"allow":["GET"]}}],"collection":[{"href":"https:\/\/www.europesays.com\/fr\/wp-json\/wp\/v2\/posts"}],"about":[{"href":"https:\/\/www.europesays.com\/fr\/wp-json\/wp\/v2\/types\/post"}],"author":[{"embeddable":true,"href":"https:\/\/www.europesays.com\/fr\/wp-json\/wp\/v2\/users\/2"}],"replies":[{"embeddable":true,"href":"https:\/\/www.europesays.com\/fr\/wp-json\/wp\/v2\/comments?post=593404"}],"version-history":[{"count":0,"href":"https:\/\/www.europesays.com\/fr\/wp-json\/wp\/v2\/posts\/593404\/revisions"}],"wp:featuredmedia":[{"embeddable":true,"href":"https:\/\/www.europesays.com\/fr\/wp-json\/wp\/v2\/media\/593405"}],"wp:attachment":[{"href":"https:\/\/www.europesays.com\/fr\/wp-json\/wp\/v2\/media?parent=593404"}],"wp:term":[{"taxonomy":"category","embeddable":true,"href":"https:\/\/www.europesays.com\/fr\/wp-json\/wp\/v2\/categories?post=593404"},{"taxonomy":"post_tag","embeddable":true,"href":"https:\/\/www.europesays.com\/fr\/wp-json\/wp\/v2\/tags?post=593404"}],"curies":[{"name":"wp","href":"https:\/\/api.w.org\/{rel}","templated":true}]}}