{"id":593408,"date":"2025-12-11T18:59:18","date_gmt":"2025-12-11T18:59:18","guid":{"rendered":"https:\/\/www.europesays.com\/fr\/593408\/"},"modified":"2025-12-11T18:59:18","modified_gmt":"2025-12-11T18:59:18","slug":"alexandre-strehlau-a-retrouve-des-couleurs-en-ligue-des-champions-avec-le-tvb","status":"publish","type":"post","link":"https:\/\/www.europesays.com\/fr\/593408\/","title":{"rendered":"Alexandre Strehlau a retrouv\u00e9 des couleurs en Ligue des champions avec le TVB"},"content":{"rendered":"<p>De notre envoy\u00e9 sp\u00e9cial \u00e0 Ankara<\/p>\n<p>La surprise du chef. Alors qu\u2019il n\u2019avait pas d\u00e9but\u00e9 le moindre set sous la direction de <a target=\"_self\" href=\"https:\/\/www.lanouvellerepublique.fr\/tours\/il-faut-que-j-ecrive-une-autre-histoire-igor-juricic-a-pris-ses-fonctions-au-tours-volley-ball-1763063425\" rel=\"noopener\">son nouvel entra\u00eeneur<\/a>, Alexandre Strehlau a \u00e9t\u00e9 choisi par Igor Juricic, mercredi 10\u00a0d\u00e9cembre 2025, d\u00e8s le coup d\u2019envoi du match de Ligue des champions face au Ziraat Ankara. Et le jeune r\u00e9ceptionneur-attaquant a parfaitement r\u00e9pondu pr\u00e9sent avec 15 points (52\u00a0% \u00e0 l\u2019attaque, 2 blocks).<\/p>\n<p>En concurrence avec Landry Kavogo \u00e0 ce poste \u2013 les deux ayant d\u2019\u00e9normes qualit\u00e9s offensives, alors que Suihkonen et Heslinga sont plus forts en r\u00e9ception \u2013, le joueur de 21\u00a0ans a finalement \u00e9t\u00e9 align\u00e9 aux c\u00f4t\u00e9s du Camerounais. Un choix tr\u00e8s offensif. \u00ab\u00a0On ne met jamais sur le terrain une \u00e9quipe qu\u2019on imagine perdre, confie en souriant son coach. Alex m\u00e9ritait de jouer et je trouve qu\u2019il a fait un tr\u00e8s beau match.\u00a0\u00bb<\/p>\n<p>De nouveau titulaire apr\u00e8s dix matchs sur le banc au coup d\u2019envoi<\/p>\n<p>De quoi marquer de gros points apr\u00e8s un d\u00e9but de saison compliqu\u00e9, pour celui qui a port\u00e9 le maillot bleu cet \u00e9t\u00e9 aux c\u00f4t\u00e9s d\u2019un certain <a target=\"_self\" href=\"https:\/\/www.lanouvellerepublique.fr\/tours\/ca-va-etre-un-vrai-combat-trevor-clevenot-s-attend-a-souffrir-face-au-tvb-pour-ses-debuts-en-ligue-des-champions-1765303303\" rel=\"noopener\">Tr\u00e9vor Cl\u00e9venot<\/a> (13 points face au TVB). \u00ab\u00a0Je me suis mis un peu de pression, j\u2019avais envie de prouver beaucoup de choses, surtout vis-\u00e0-vis de la fin de la saison derni\u00e8re. Et je pense que \u00e7a m\u2019a desservi. L\u00e0, je suis content que le coach m\u2019ait fait confiance\u00a0\u00bb, explique Alexandre Strehlau. Cette ann\u00e9e, il n\u2019avait \u00e9t\u00e9 titularis\u00e9 que lors des deux premi\u00e8res journ\u00e9es par Mladen Kasic <a target=\"_self\" href=\"https:\/\/www.lanouvellerepublique.fr\/tours\/direct-le-grand-soir-du-tours-volley-ball-qui-lance-sa-saison-face-a-ajaccio-1761066167\" rel=\"noopener\">contre Ajaccio<\/a> (3-0) et <a target=\"_self\" href=\"https:\/\/www.lanouvellerepublique.fr\/tours\/msl-le-tours-vb-enchaine-avec-la-niaque-au-plessis-robinson-1761425421\" rel=\"noopener\">au Plessis-Robinson<\/a> (1-3)&#8230;. <\/p>\n<p>    Cet article a \u00e9t\u00e9 tronqu\u00e9. Abonnez-vous pour lire l&rsquo;article complet sur notre site.<\/p>\n<p style=\"margin: 0 !important; padding: 0 !important; font-size: 12px !important;\">Cet article a \u00e9t\u00e9 tronqu\u00e9. Abonnez-vous pour lire l&rsquo;article complet.<\/p>\n<p>    <a href=\"https:\/\/www.lanouvellerepublique.fr\/abonnements\" style=\"display: inline-block; margin-top: 5px !important; padding: 6px 12px !important; background: #cb1c27; color: white; text-decoration: none; border-radius: 4px; font-size: 12px !important;\" target=\"_blank\" rel=\"noopener\"><br \/>\n      S&rsquo;abonner<br \/>\n    <\/a><\/p>\n","protected":false},"excerpt":{"rendered":"De notre envoy\u00e9 sp\u00e9cial \u00e0 Ankara La surprise du chef. Alors qu\u2019il n\u2019avait pas d\u00e9but\u00e9 le moindre set&hellip;\n","protected":false},"author":2,"featured_media":593409,"comment_status":"","ping_status":"","sticky":false,"template":"","format":"standard","meta":{"footnotes":""},"categories":[1417],"tags":[1392,39145,1011,27,1387,60,1390,1471,2767,1470,1469],"class_list":{"0":"post-593408","1":"post","2":"type-post","3":"status-publish","4":"format-standard","5":"has-post-thumbnail","7":"category-volley","8":"tag-a-la-une-local","9":"tag-coupe-deurope-volley","10":"tag-fr","11":"tag-france","12":"tag-indre-et-loire","13":"tag-sports","14":"tag-tours","15":"tag-tours-volley-ball","16":"tag-tvb-37","17":"tag-volley","18":"tag-volleyball"},"share_on_mastodon":{"url":"","error":""},"_links":{"self":[{"href":"https:\/\/www.europesays.com\/fr\/wp-json\/wp\/v2\/posts\/593408","targetHints":{"allow":["GET"]}}],"collection":[{"href":"https:\/\/www.europesays.com\/fr\/wp-json\/wp\/v2\/posts"}],"about":[{"href":"https:\/\/www.europesays.com\/fr\/wp-json\/wp\/v2\/types\/post"}],"author":[{"embeddable":true,"href":"https:\/\/www.europesays.com\/fr\/wp-json\/wp\/v2\/users\/2"}],"replies":[{"embeddable":true,"href":"https:\/\/www.europesays.com\/fr\/wp-json\/wp\/v2\/comments?post=593408"}],"version-history":[{"count":0,"href":"https:\/\/www.europesays.com\/fr\/wp-json\/wp\/v2\/posts\/593408\/revisions"}],"wp:featuredmedia":[{"embeddable":true,"href":"https:\/\/www.europesays.com\/fr\/wp-json\/wp\/v2\/media\/593409"}],"wp:attachment":[{"href":"https:\/\/www.europesays.com\/fr\/wp-json\/wp\/v2\/media?parent=593408"}],"wp:term":[{"taxonomy":"category","embeddable":true,"href":"https:\/\/www.europesays.com\/fr\/wp-json\/wp\/v2\/categories?post=593408"},{"taxonomy":"post_tag","embeddable":true,"href":"https:\/\/www.europesays.com\/fr\/wp-json\/wp\/v2\/tags?post=593408"}],"curies":[{"name":"wp","href":"https:\/\/api.w.org\/{rel}","templated":true}]}}