{"id":593412,"date":"2025-12-11T19:01:32","date_gmt":"2025-12-11T19:01:32","guid":{"rendered":"https:\/\/www.europesays.com\/fr\/593412\/"},"modified":"2025-12-11T19:01:32","modified_gmt":"2025-12-11T19:01:32","slug":"quelle-joueuse-a-passe-le-plus-dheures-sur-le-court-en-2025-tennistemple","status":"publish","type":"post","link":"https:\/\/www.europesays.com\/fr\/593412\/","title":{"rendered":"quelle joueuse a pass\u00e9 le plus d&rsquo;heures sur le court en 2025 ? \u2022 TennisTemple"},"content":{"rendered":"\n<p>Le Top 5 des joueuses ayant pass\u00e9 le plus de temps sur le court en 2025 a \u00e9t\u00e9 d\u00e9voil\u00e9.<\/p>\n<p>  <img decoding=\"async\" src=\"https:\/\/www.europesays.com\/fr\/wp-content\/uploads\/2025\/12\/1765387958194.webp.webp\" fetchpriority=\"high\" alt=\"WTA : quelle joueuse a pass\u00e9 le plus d'heures sur le court en 2025 ?\"\/>  <\/p>\n<p>\u00a9 AFP<\/p>\n<p>   <img decoding=\"async\" src=\"https:\/\/www.europesays.com\/fr\/wp-content\/uploads\/2025\/11\/1759296022591.webp\" alt=\"Arthur Millot\" class=\"author-photo-main\"\/>   <\/p>\n<p> 2 min de lecture<\/p>\n<p>Le compte X, Jeu, Set et Maths, sp\u00e9cialiste des statistiques en lien avec le tennis, a d\u00e9voil\u00e9 ceci : \u00ab Le plus grand nombre d&rsquo;heures cumul\u00e9es pass\u00e9es sur le court en 2025 (en simple, circuit principal) \u00bb.<\/p>\n<p>WTA 2025 : une course \u00e0 l\u2019endurance   <\/p>\n<p>Et c&rsquo;est Elena Rybakina qui a termin\u00e9 l\u2019ann\u00e9e 2025 en reine du temps pass\u00e9 sur le court.<\/p>\n<p>Une statistique qui en dit long sur l\u2019intensit\u00e9 folle de sa saison et sur l\u2019\u00e9volution d\u2019un circuit WTA o\u00f9 l\u2019endurance devient presque aussi d\u00e9cisive que le talent pur.<\/p>\n<p>Rybakina, la marathonienne du tennis moderne<\/p>\n<p>En effet, avec 129h18, la joueuse de 26 ans a atteint un total colossal.<\/p>\n<p>Et rarement d\u00e9monstrative, elle a pourtant d\u00e9clar\u00e9 ceci : \u00ab Je n\u2019ai jamais pass\u00e9 autant d\u2019heures \u00e0 me battre sur un court. \u00bb<\/p>\n<p>Une d\u00e9claration qui t\u00e9moigne de la saison XXL de la Kazakhstanaise.<\/p>\n<p>Swiatek talonne<\/p>\n<p>\u00c0 seulement 1h05 derri\u00e8re (128h13), Iga Swiatek figure dans le duo de t\u00eate.<\/p>\n<p>Mais si la Polonaise affiche une r\u00e9gularit\u00e9 presque m\u00e9canique, son volume horaire r\u00e9v\u00e8le une tendance : elle a \u00e9t\u00e9 pouss\u00e9e \u00e0 jouer plus de longs bras de fer qu\u2019\u00e0 l\u2019accoutum\u00e9e.<\/p>\n<p>Habitu\u00e9e aux victoires exp\u00e9ditives, la sextuple championne du Grand Chelem a d\u00fb, cette ann\u00e9e, s\u2019adapter \u00e0 un circuit plus impr\u00e9visible et plus agressif. Une \u00e9volution qui pourrait bri\u00e8vement expliquer certains passages moins ma\u00eetris\u00e9s en 2025.<\/p>\n<p>Pegula et Sabalenka : deux trajectoires oppos\u00e9es<\/p>\n<p>Ensuite, Jessica Pegula se place troisi\u00e8me avec 125h38, suivie par la Bi\u00e9lorusse et num\u00e9ro 1 mondiale, Aryna Sabalenka (124h38).<\/p>\n<p>La surprise Alexandrova<\/p>\n<p>Enfin, \u00e0 la 5e place, Ekaterina Alexandrova (116h10) r\u00e9alise une performance inattendue.<\/p>\n<p>La Russe a ainsi empil\u00e9 les minutes comme d\u2019autres empilent les titres.<\/p>\n<p> Derni\u00e8re modification le 10\/12\/2025 \u00e0 17h42 <\/p>\n","protected":false},"excerpt":{"rendered":"Le Top 5 des joueuses ayant pass\u00e9 le plus de temps sur le court en 2025 a \u00e9t\u00e9&hellip;\n","protected":false},"author":2,"featured_media":593413,"comment_status":"","ping_status":"","sticky":false,"template":"","format":"standard","meta":{"footnotes":""},"categories":[1415],"tags":[1011,27,60,1467],"class_list":{"0":"post-593412","1":"post","2":"type-post","3":"status-publish","4":"format-standard","5":"has-post-thumbnail","7":"category-tennis","8":"tag-fr","9":"tag-france","10":"tag-sports","11":"tag-tennis"},"share_on_mastodon":{"url":"https:\/\/pubeurope.com\/@fr\/115702484545936964","error":""},"_links":{"self":[{"href":"https:\/\/www.europesays.com\/fr\/wp-json\/wp\/v2\/posts\/593412","targetHints":{"allow":["GET"]}}],"collection":[{"href":"https:\/\/www.europesays.com\/fr\/wp-json\/wp\/v2\/posts"}],"about":[{"href":"https:\/\/www.europesays.com\/fr\/wp-json\/wp\/v2\/types\/post"}],"author":[{"embeddable":true,"href":"https:\/\/www.europesays.com\/fr\/wp-json\/wp\/v2\/users\/2"}],"replies":[{"embeddable":true,"href":"https:\/\/www.europesays.com\/fr\/wp-json\/wp\/v2\/comments?post=593412"}],"version-history":[{"count":0,"href":"https:\/\/www.europesays.com\/fr\/wp-json\/wp\/v2\/posts\/593412\/revisions"}],"wp:featuredmedia":[{"embeddable":true,"href":"https:\/\/www.europesays.com\/fr\/wp-json\/wp\/v2\/media\/593413"}],"wp:attachment":[{"href":"https:\/\/www.europesays.com\/fr\/wp-json\/wp\/v2\/media?parent=593412"}],"wp:term":[{"taxonomy":"category","embeddable":true,"href":"https:\/\/www.europesays.com\/fr\/wp-json\/wp\/v2\/categories?post=593412"},{"taxonomy":"post_tag","embeddable":true,"href":"https:\/\/www.europesays.com\/fr\/wp-json\/wp\/v2\/tags?post=593412"}],"curies":[{"name":"wp","href":"https:\/\/api.w.org\/{rel}","templated":true}]}}