{"id":593414,"date":"2025-12-11T19:05:15","date_gmt":"2025-12-11T19:05:15","guid":{"rendered":"https:\/\/www.europesays.com\/fr\/593414\/"},"modified":"2025-12-11T19:05:15","modified_gmt":"2025-12-11T19:05:15","slug":"celestin-guillon-sarrete-la-sur-la-route-actualite","status":"publish","type":"post","link":"https:\/\/www.europesays.com\/fr\/593414\/","title":{"rendered":"C\u00e9lestin Guillon s\u2019arr\u00eate l\u00e0 sur la route &#8211; Actualit\u00e9"},"content":{"rendered":"<p style=\"text-align: justify;\"><strong>C\u2019est la fin de l\u2019aventure chez les pros pour C\u00e9lestin Guillon. Membre de l\u2019\u00e9quipe Van Rysel-Roubaix ces trois derni\u00e8res saisons, l\u2019athl\u00e8te de 29 ans n\u2019a pas \u00e9t\u00e9 prolong\u00e9 par la Conti nordiste pour 2026, et ne continuera pas sa carri\u00e8re sur route.<br \/><\/strong><\/p>\n<p style=\"text-align: justify;\">En revanche, il ne raccroche pas compl\u00e8tement le v\u00e9lo puisqu&rsquo;il annonce sur les r\u00e9seaux sociaux se mettre au gravel.<br \/>Cette saison,\u00a0<strong><a href=\"https:\/\/www.directvelo.com\/coureur\/29251\/celestin-guillon\" target=\"_blank\" rel=\"noopener\">C\u00e9lestin Guillon<\/a><\/strong> s\u2019est class\u00e9 8e du Tour des Vall\u00e9es du Haut-Anjou, en Elite Nationale, 15e d\u2019\u00e9tape sur l\u2019Etoile de Bess\u00e8ges et 25e du Championnat de France remport\u00e9 par Dorian Godon.<br \/>Les deux saisons pr\u00e9c\u00e9dentes, il a gagn\u00e9 face aux Amateurs, sur le Tour du signal de Perseigne \u00e0 Neufch\u00e2tel-en-Saosnois (2024) et lors du Circuit des 2 Provinces au Pertre (2023). Avant de passer pro, C\u00e9lestin Guillon portait le maillot de Laval Cyclisme 53.<\/p>\n","protected":false},"excerpt":{"rendered":"C\u2019est la fin de l\u2019aventure chez les pros pour C\u00e9lestin Guillon. Membre de l\u2019\u00e9quipe Van Rysel-Roubaix ces trois&hellip;\n","protected":false},"author":2,"featured_media":593415,"comment_status":"","ping_status":"","sticky":false,"template":"","format":"standard","meta":{"footnotes":""},"categories":[1411],"tags":[834,828,836,829,837,827,83,826,824,823,1154,207,814,817,815,816,822,821,832,211,839,1011,27,820,818,819,835,831,830,833,838,60,212,208,825],"class_list":{"0":"post-593414","1":"post","2":"type-post","3":"status-publish","4":"format-standard","5":"has-post-thumbnail","7":"category-cyclisme","8":"tag-attaque","9":"tag-belgique","10":"tag-braquet","11":"tag-bretagne","12":"tag-chute","13":"tag-competition","14":"tag-coupe-de-france","15":"tag-coureur","16":"tag-course-cyclisme","17":"tag-course-cycliste","18":"tag-cycling","19":"tag-cyclisme","20":"tag-direct","21":"tag-direct-velo","22":"tag-directvelo","23":"tag-directvelo-com","24":"tag-epreuve","25":"tag-epreuve-cycliste","26":"tag-federation-francaise-de-cyclisme","27":"tag-ffc","28":"tag-flandres","29":"tag-fr","30":"tag-france","31":"tag-live","32":"tag-live-course","33":"tag-live-epreuve","34":"tag-peloton","35":"tag-radio-peloton","36":"tag-radio-tour","37":"tag-ravitaillement","38":"tag-relance","39":"tag-sports","40":"tag-uci","41":"tag-velo","42":"tag-velos"},"share_on_mastodon":{"url":"https:\/\/pubeurope.com\/@fr\/115702498938957546","error":""},"_links":{"self":[{"href":"https:\/\/www.europesays.com\/fr\/wp-json\/wp\/v2\/posts\/593414","targetHints":{"allow":["GET"]}}],"collection":[{"href":"https:\/\/www.europesays.com\/fr\/wp-json\/wp\/v2\/posts"}],"about":[{"href":"https:\/\/www.europesays.com\/fr\/wp-json\/wp\/v2\/types\/post"}],"author":[{"embeddable":true,"href":"https:\/\/www.europesays.com\/fr\/wp-json\/wp\/v2\/users\/2"}],"replies":[{"embeddable":true,"href":"https:\/\/www.europesays.com\/fr\/wp-json\/wp\/v2\/comments?post=593414"}],"version-history":[{"count":0,"href":"https:\/\/www.europesays.com\/fr\/wp-json\/wp\/v2\/posts\/593414\/revisions"}],"wp:featuredmedia":[{"embeddable":true,"href":"https:\/\/www.europesays.com\/fr\/wp-json\/wp\/v2\/media\/593415"}],"wp:attachment":[{"href":"https:\/\/www.europesays.com\/fr\/wp-json\/wp\/v2\/media?parent=593414"}],"wp:term":[{"taxonomy":"category","embeddable":true,"href":"https:\/\/www.europesays.com\/fr\/wp-json\/wp\/v2\/categories?post=593414"},{"taxonomy":"post_tag","embeddable":true,"href":"https:\/\/www.europesays.com\/fr\/wp-json\/wp\/v2\/tags?post=593414"}],"curies":[{"name":"wp","href":"https:\/\/api.w.org\/{rel}","templated":true}]}}