{"id":593418,"date":"2025-12-11T19:07:14","date_gmt":"2025-12-11T19:07:14","guid":{"rendered":"https:\/\/www.europesays.com\/fr\/593418\/"},"modified":"2025-12-11T19:07:14","modified_gmt":"2025-12-11T19:07:14","slug":"aymeric-caron-charge-lea-salame-et-patrick-cohen-face-a-delphine-ernotte","status":"publish","type":"post","link":"https:\/\/www.europesays.com\/fr\/593418\/","title":{"rendered":"Aymeric Caron charge L\u00e9a Salam\u00e9 et Patrick Cohen face \u00e0 Delphine Ernotte"},"content":{"rendered":"<p>\n    Mercredi, la pr\u00e9sidente de France T\u00e9l\u00e9visions \u00e9tait entendue dans le cadre de la commission d\u2019enqu\u00eate sur le service public. L\u2019ancien chroniqueur devenu d\u00e9put\u00e9 n\u2019a pas manqu\u00e9 d\u2019interroger la PDG sur les derni\u00e8res pol\u00e9miques qui ont vis\u00e9 le service public.<\/p>\n<p class=\"fig-paragraph\">a pr\u00e9sidente de<a href=\"https:\/\/video.lefigaro.fr\/figaro\/economie\/nuits-a-1700-euros-au-palace-magestic-les-frais-de-deplacement-au-festival-de-cannes-ne-sont-pas-couverts-par-france-television-assure-la-direction-20251210\" target=\"_blank\" data-fig-type=\"Video\" rel=\"noopener\" data-gtm-custom-categorie=\"navigation\" data-gtm-custom-action=\"crossclick\" data-gtm-custom-label=\"Contextuel\" data-gtm-event=\"customEventSPE\" data-fig-domain=\"LEFIGARO\"><strong>\u00a0France T\u00e9l\u00e9visions<\/strong><\/a>,\u00a0<a href=\"https:\/\/www.lefigaro.fr\/tag\/delphine-ernotte\" target=\"_blank\" rel=\"noopener\" data-gtm-custom-categorie=\"navigation\" data-gtm-custom-action=\"crossclick\" data-gtm-custom-label=\"Contextuel\" data-gtm-event=\"customEventSPE\">Delphine Ernotte<\/a>, \u00e9tait auditionn\u00e9e pendant plus de quatre heures ce mercredi 10 d\u00e9cembre, dans le cadre de la commission d\u2019enqu\u00eate en cours sur le service public. Elle a donc \u00e9t\u00e9 soumise \u00e0 diverses interrogations de la part du pr\u00e9sident de la commission, J\u00e9r\u00e9mie Patrier-Leitus, du parti Horizons, et de divers intervenants.<\/p>\n<p class=\"fig-paragraph\">\u00c0 commencer par un ancien salari\u00e9 du groupe,\u00a0<a href=\"https:\/\/www.lefigaro.fr\/tag\/aymeric-caron\" target=\"_blank\" rel=\"noopener\" data-gtm-custom-categorie=\"navigation\" data-gtm-custom-action=\"crossclick\" data-gtm-custom-label=\"Contextuel\" data-gtm-event=\"customEventSPE\"><strong>Aymeric Caron<\/strong><\/a> . L\u2019ancien journaliste a longtemps \u00e9t\u00e9 chroniqueur dans\u00a0<a href=\"https:\/\/tvmag.lefigaro.fr\/programme-tv\/cinq-ans-apres-sa-saison-difficile-dans-on-n-est-pas-couche-vanessa-burggraf-retrouve-laurent-ruquier_3b5feb18-a82f-11ec-a42f-520781295aa0\" target=\"_blank\" data-fig-type=\"Article\" rel=\"noopener\" data-gtm-custom-categorie=\"navigation\" data-gtm-custom-action=\"crossclick\" data-gtm-custom-label=\"Contextuel\" data-gtm-event=\"customEventSPE\" data-fig-domain=\"TVMAG\">\u00abOn n\u2019est pas couch\u00e9\u00bb<\/a>, pr\u00e9sent\u00e9 par\u00a0<a href=\"https:\/\/www.lefigaro.fr\/tag\/laurent-ruquier\" target=\"_blank\" rel=\"noopener\" data-gtm-custom-categorie=\"navigation\" data-gtm-custom-action=\"crossclick\" data-gtm-custom-label=\"Contextuel\" data-gtm-event=\"customEventSPE\">Laurent Ruquier<\/a>\u00a0sur\u00a0<a href=\"https:\/\/tvmag.lefigaro.fr\/programme-tv\/chaine\/4\/tous-les-programmes-de-france-2\" target=\"_blank\" rel=\"noopener\" data-gtm-custom-categorie=\"navigation\" data-gtm-custom-action=\"crossclick\" data-gtm-custom-label=\"Contextuel\" data-gtm-event=\"customEventSPE\">France 2<\/a>. Il formait un duo avec\u00a0<a href=\"https:\/\/www.lefigaro.fr\/tag\/lea-salame\" target=\"_blank\" rel=\"noopener\" data-gtm-custom-categorie=\"navigation\" data-gtm-custom-action=\"crossclick\" data-gtm-custom-label=\"Contextuel\" data-gtm-event=\"customEventSPE\">L\u00e9a Salam\u00e9<\/a>. Un pass\u00e9 que l\u2019int\u00e9ress\u00e9 semble avoir d\u00e9finitivement laiss\u00e9 derri\u00e8re lui puisqu\u2019il n\u2019a pas particuli\u00e8rement \u00e9pargn\u00e9 son ancien employeur et son ex-camarade de jeu.<\/p>\n<p>                                                                <a class=\"fig-a11y-skip\" href=\"#fig-a11y-skip-main-inarticle\" data-module=\"a11y-skip\" data-context=\"was @visible\"><br \/>\n    Passer la publicit\u00e9<br \/>\n<\/a>            <\/p>\n<p class=\"fig-paragraph\">\u00abMadame la pr\u00e9sidente, renforcer l\u2019audiovisuel public, comme je le souhaite, \u00e7a passe par la conformit\u00e9 \u00e0 des exigences, notamment \u00e9thiques. J\u2019ai peu de temps et six questions. Je vous remercie d\u2019avoir la gentillesse de tenter de r\u00e9pondre \u00e0 chacune d\u2019entre elles. Premi\u00e8rement, est-ce que vous trouvez normal que l\u2019Arcom s\u2019en soit pris r\u00e9cemment et deux fois de suite \u00e0 l\u2019\u00e9mission \u201cCompl\u00e9ment d\u2019enqu\u00eate\u201d sur France 2\u00a0? D\u2019abord en venant \u00e0 la rescousse de CNews, alors qu\u2019aujourd\u2019hui, Lib\u00e9ration donne raison \u00e0 l\u2019\u00e9mission. Puis, en adressant une mise en garde suite \u00e0 un sujet sur le S\u00e9nat, qui n\u2019avait pas plu \u00e0 son pr\u00e9sident\u00a0<a href=\"https:\/\/www.lefigaro.fr\/tag\/gerard-larcher\" target=\"_blank\" rel=\"noopener\" data-gtm-custom-categorie=\"navigation\" data-gtm-custom-action=\"crossclick\" data-gtm-custom-label=\"Contextuel\" data-gtm-event=\"customEventSPE\">G\u00e9rard Larcher<\/a> \u00a0? D\u2019ailleurs, est-ce que vous trouvez normal que le pr\u00e9sident du S\u00e9nat, qui nomme trois membres de l\u2019Arcom, intervienne pour faire sanctionner une \u00e9mission de France T\u00e9l\u00e9visions\u00a0?\u00bb, a-t-il entam\u00e9.<\/p>\n<p class=\"fig-paragraph\">Et le d\u00e9put\u00e9 de formuler ensuite, sur le m\u00eame ton\u00a0: \u00abDeuxi\u00e8mement, est-ce que vous trouvez normal que la cha\u00eene info de France T\u00e9l\u00e9visions ait embauch\u00e9 des chroniqueurs venus de\u00a0<a href=\"https:\/\/tvmag.lefigaro.fr\/programme-tv\/chaine\/226\/tous-les-programmes-de-cnews\" target=\"_blank\" rel=\"noopener\" data-gtm-custom-categorie=\"navigation\" data-gtm-custom-action=\"crossclick\" data-gtm-custom-label=\"Contextuel\" data-gtm-event=\"customEventSPE\">CNews<\/a> , cha\u00eene dont vous dites vous-m\u00eame qu\u2019elle est d\u2019extr\u00eame droite\u00a0?\u00bb, s\u2019est-il enquis en faisant r\u00e9f\u00e9rence \u00e0 Paul Melun et Nathan Devers qui ont rejoint Franceinfo \u00e0 la rentr\u00e9e.<\/p>\n<p class=\"fig-body-link\">\n            \u00c0 lire aussi<br \/>\n        <a class=\"fig-body-link__link\" href=\"http:\/\/tvmag.lefigaro.fr\/programme-tv\/actu-tele\/quelqu-un-en-interne-de-france-televisions-caroline-margeridon-repond-a-la-polemique-sur-son-collier-en-hebreu-floute-20251104\" target=\"_blank\" data-fig-type=\"Article\" rel=\"noopener\" data-gtm-custom-categorie=\"navigation\" data-gtm-custom-action=\"crossclick\" data-gtm-custom-label=\"Contextuel\" data-gtm-event=\"customEventSPE\" data-fig-domain=\"TVMAG\"><\/p>\n<p>        \u00abQuelqu\u2019un en interne de France T\u00e9l\u00e9visions\u00bb: Caroline Margeridon r\u00e9pond \u00e0 la pol\u00e9mique sur son collier en h\u00e9breu flout\u00e9<br \/>\n    <\/a>\n<\/p>\n<p class=\"fig-paragraph\">Seulement d\u00e8s le point suivant, c\u2019est \u00e0 son ancienne consoeur, L\u00e9a Salam\u00e9, et compagne de Raph\u00ebl Glucksmann, que l\u2019homme politique s\u2019en est pris. \u00abTroisi\u00e8mement, est-ce que vous trouvez normal d\u2019avoir nomm\u00e9 \u00e0 la t\u00eate du plus gros JT de la t\u00e9l\u00e9vision publique la compagne d\u2019un candidat quasi d\u00e9clar\u00e9 \u00e0 l\u2019\u00e9lection pr\u00e9sidentielle\u00a0?\u00bb L\u2019occasion pour lui de d\u00e9velopper davantage sur l\u2019\u00e9ditorialiste dans\u00a0<a href=\"https:\/\/tvmag.lefigaro.fr\/programme-tv\/programme\/c-a-vous-d629397959\" target=\"_blank\" rel=\"noopener\" data-gtm-custom-categorie=\"navigation\" data-gtm-custom-action=\"crossclick\" data-gtm-custom-label=\"Contextuel\" data-gtm-event=\"customEventSPE\">\u00abC \u00e0 vous\u00bb\u00a0<\/a>sur\u00a0<a href=\"https:\/\/tvmag.lefigaro.fr\/programme-tv\/chaine\/47\/tous-les-programmes-de-france-5\" target=\"_blank\" rel=\"noopener\" data-gtm-custom-categorie=\"navigation\" data-gtm-custom-action=\"crossclick\" data-gtm-custom-label=\"Contextuel\" data-gtm-event=\"customEventSPE\">France 5<\/a>\u00a0: \u00abQuatri\u00e8mement,\u00a0<a href=\"https:\/\/www.lefigaro.fr\/tag\/patrick-cohen\" target=\"_blank\" rel=\"noopener\" data-gtm-custom-categorie=\"navigation\" data-gtm-custom-action=\"crossclick\" data-gtm-custom-label=\"Contextuel\" data-gtm-event=\"customEventSPE\">Patrick Cohen<\/a> , dont on conna\u00eet d\u00e9sormais le positionnement politique entre PS, Macron, Glucksmann&#8230; Est-ce que vous trouvez normal qu\u2019il soit depuis 14 ans le seul \u00e9ditorialiste de l\u2019\u00e9mission phare d\u2019acces de France T\u00e9l\u00e9visions\u00a0? Que les t\u00e9l\u00e9spectateurs n\u2019entendent chaque soir que son avis\u00a0? Est-ce qu\u2019il ne serait pas temps de faire entendre d\u2019autres voix\u00a0? celle de l\u2019anticapitalisme \u00e9cologiste, par exemple\u00bb.<\/p>\n<p class=\"fig-paragraph\">Ce sont ensuite les r\u00e9cents propos tenus par\u00a0<a href=\"https:\/\/www.lefigaro.fr\/tag\/nathalie-saint-cricq\" target=\"_blank\" rel=\"noopener\" data-gtm-custom-categorie=\"navigation\" data-gtm-custom-action=\"crossclick\" data-gtm-custom-label=\"Contextuel\" data-gtm-event=\"customEventSPE\">Nathalie Saint-Cricq<\/a>, que l\u2019ancien chroniqueur de France T\u00e9l\u00e9visions a voulu pointer du doigt. \u00abCinqui\u00e8mement, est-ce que vous trouvez normal qu\u2019une autre \u00e9ditorialiste vedette de France TV, Nathalie Saint-Cricq, par ailleurs directrice des r\u00e9dactions nationales du groupe, affirme sur France info que les musulmans sont antis\u00e9mites\u00a0? Qu\u2019elle se retrouve un autre jour avec l\u2019ambassadeur de l\u2019\u00c9tat Isra\u00e9lien, en train de tutoyer son ami n\u00e9gationniste Rapha\u00ebl Enthoven, l\u2019homme qui pr\u00e9tend qu\u2019il n\u2019y a pas de journalistes \u00e0 Gaza. Tout \u00e7a avant de le recevoir deux jours plus tard sur son plateau, sans indiquer aux t\u00e9l\u00e9spectateurs sa relation r\u00e9elle avec son invit\u00e9. Est-ce que vous trouvez normal qu\u2019elle continue \u00e0 nier, contre l\u2019avis de tous les sp\u00e9cialistes, la r\u00e9alit\u00e9 du g\u00e9nocide \u00e0 Gaza\u00a0?\u00bb<\/p>\n<p class=\"fig-body-link\">\n            \u00c0 lire aussi<br \/>\n        <a class=\"fig-body-link__link\" href=\"http:\/\/tvmag.lefigaro.fr\/programme-tv\/actu-tele\/tout-est-deja-prevu-comment-france-televisions-se-prepare-au-potentiel-retrait-de-lea-salame-du-20-heures-20251023\" target=\"_blank\" data-fig-type=\"Article\" rel=\"noopener\" data-gtm-custom-categorie=\"navigation\" data-gtm-custom-action=\"crossclick\" data-gtm-custom-label=\"Contextuel\" data-gtm-event=\"customEventSPE\" data-fig-domain=\"TVMAG\"><\/p>\n<p>        \u00abTout est d\u00e9j\u00e0 pr\u00e9vu\u00bb\u00a0: comment France T\u00e9l\u00e9visions se pr\u00e9pare au potentiel retrait de L\u00e9a Salam\u00e9 du 20 Heures<br \/>\n    <\/a>\n<\/p>\n<p class=\"fig-paragraph\">Enfin, le dernier point abord\u00e9 par Aymeric Caron concernait le g\u00e9nocide \u00e0 Gaza, une cause pour laquelle il est particuli\u00e8rement engag\u00e9. \u00abCe qui m\u2019am\u00e8ne \u00e0 cette sixi\u00e8me question\u00a0: est-ce que vous trouvez normal que France T\u00e9l\u00e9visions ait depuis octobre 2023, invisibilis\u00e9 le calvaire des Palestiniens \u00e0 Gaza, en le taisant, en le cachant, comme le prouvent plusieurs \u00e9tudes\u00a0? Est-ce qu\u2019il ne s\u2019agit pas l\u00e0 du plus impardonnable des fiascos de France T\u00e9l\u00e9visions depuis deux ans\u00a0?\u00bb N\u2019\u00e9tant pas le seul \u00e0 poser des questions d\u2019affil\u00e9e, et ces derni\u00e8res \u00e9tant nombreuses, le d\u00e9put\u00e9 n\u2019a pas obtenu de Delphine Ernotte les r\u00e9ponses pr\u00e9cises qu\u2019il attendait.<\/p>\n<p>                                                                <a class=\"fig-a11y-skip\" href=\"#fig-a11y-skip-main-inarticle_mtf\" data-module=\"a11y-skip\" data-context=\"was @visible\"><br \/>\n    Passer la publicit\u00e9<br \/>\n<\/a>            <\/p>\n<p class=\"fig-paragraph\">N\u00e9anmoins,\u00a0<a href=\"https:\/\/www.lefigaro.fr\/tag\/christophe-tardieu\" target=\"_blank\" rel=\"noopener\" data-gtm-custom-categorie=\"navigation\" data-gtm-custom-action=\"crossclick\" data-gtm-custom-label=\"Contextuel\" data-gtm-event=\"customEventSPE\">Christophe Tardieu<\/a>, secr\u00e9taire g\u00e9n\u00e9ral de France T\u00e9l\u00e9visions, a \u00e9clairci quelques points. \u00abSur ce qu\u2019a dit l\u2019Arcom au sujet du \u201cCompl\u00e9ment d\u2019enqu\u00eate\u201d, on en a pris acte. Il est hors de question de faire un commentaire sur une d\u00e9cision de l\u2019Arcom de quelque nature que ce soit. Quant aux deux nouveaux chroniqueurs qui ont \u00e9t\u00e9 recrut\u00e9s, je ne suis pas en capacit\u00e9 de les qualifier. Simplement il va de soi que chaque ann\u00e9e, nous recrutons de nouveaux chroniqueurs et d\u00e9batteurs sur nos cha\u00eenes, l\u2019objectif \u00e9tant d\u2019assurer un maximum le pluralisme\u00bb, a-t-il d\u2019abord d\u00e9clar\u00e9, avant de revenir sur les questions concernant L\u00e9a Salam\u00e9 et Patrick Cohen.<\/p>\n<p class=\"fig-paragraph\">\u00abS\u2019agissant du cas de notre pr\u00e9sentatrice du 20 Heures, je pense qu\u2019elle a toujours \u00e9t\u00e9 parfaitement claire, dans l\u2019hypoth\u00e8se o\u00f9 son compagnon serait amen\u00e9 \u00e0 briguer des fonctions \u00e9lectives, elle se retirerait de l\u2019antenne. S\u2019agissant d\u2019un chroniqueur de \u201cC \u00e0 vous\u201d, vous regrettez qu\u2019il n\u2019y en ait pas d\u2019autre. Qu\u2019est-ce qu\u2019on peut vous r\u00e9pondre par rapport \u00e0 \u00e7a\u00a0? On comprend que vous le regrettiez, mais c\u2019est un choix \u00e9ditorial qui a \u00e9t\u00e9 effectu\u00e9\u00bb, a-t-il conclu.<\/p>\n","protected":false},"excerpt":{"rendered":"Mercredi, la pr\u00e9sidente de France T\u00e9l\u00e9visions \u00e9tait entendue dans le cadre de la commission d\u2019enqu\u00eate sur le service&hellip;\n","protected":false},"author":2,"featured_media":593419,"comment_status":"","ping_status":"","sticky":false,"template":"","format":"standard","meta":{"footnotes":""},"categories":[1359],"tags":[27525,11255,58,59,1011,27,23339,3806,13960,973],"class_list":{"0":"post-593418","1":"post","2":"type-post","3":"status-publish","4":"format-standard","5":"has-post-thumbnail","7":"category-people","8":"tag-aymeric-caron","9":"tag-delphine-ernotte","10":"tag-divertissement","11":"tag-entertainment","12":"tag-fr","13":"tag-france","14":"tag-france-television","15":"tag-lea-salame","16":"tag-patrick-cohen","17":"tag-people"},"share_on_mastodon":{"url":"https:\/\/pubeurope.com\/@fr\/115702506864126754","error":""},"_links":{"self":[{"href":"https:\/\/www.europesays.com\/fr\/wp-json\/wp\/v2\/posts\/593418","targetHints":{"allow":["GET"]}}],"collection":[{"href":"https:\/\/www.europesays.com\/fr\/wp-json\/wp\/v2\/posts"}],"about":[{"href":"https:\/\/www.europesays.com\/fr\/wp-json\/wp\/v2\/types\/post"}],"author":[{"embeddable":true,"href":"https:\/\/www.europesays.com\/fr\/wp-json\/wp\/v2\/users\/2"}],"replies":[{"embeddable":true,"href":"https:\/\/www.europesays.com\/fr\/wp-json\/wp\/v2\/comments?post=593418"}],"version-history":[{"count":0,"href":"https:\/\/www.europesays.com\/fr\/wp-json\/wp\/v2\/posts\/593418\/revisions"}],"wp:featuredmedia":[{"embeddable":true,"href":"https:\/\/www.europesays.com\/fr\/wp-json\/wp\/v2\/media\/593419"}],"wp:attachment":[{"href":"https:\/\/www.europesays.com\/fr\/wp-json\/wp\/v2\/media?parent=593418"}],"wp:term":[{"taxonomy":"category","embeddable":true,"href":"https:\/\/www.europesays.com\/fr\/wp-json\/wp\/v2\/categories?post=593418"},{"taxonomy":"post_tag","embeddable":true,"href":"https:\/\/www.europesays.com\/fr\/wp-json\/wp\/v2\/tags?post=593418"}],"curies":[{"name":"wp","href":"https:\/\/api.w.org\/{rel}","templated":true}]}}