{"id":593424,"date":"2025-12-11T19:11:15","date_gmt":"2025-12-11T19:11:15","guid":{"rendered":"https:\/\/www.europesays.com\/fr\/593424\/"},"modified":"2025-12-11T19:11:15","modified_gmt":"2025-12-11T19:11:15","slug":"il-se-victimise-le-rappeur-lacrim-juge-dans-loise-en-son-absence-pour-abandon-de-famille","status":"publish","type":"post","link":"https:\/\/www.europesays.com\/fr\/593424\/","title":{"rendered":"\u00ab\u00a0Il se victimise\u00a0\u00bb\u00a0: le rappeur Lacrim jug\u00e9 dans l\u2019Oise, en son absence, pour abandon de famille"},"content":{"rendered":"<p class=\"\">\u00ab Pourquoi n\u2019est-il pas pr\u00e9sent ? \u00bb interroge la juge. \u00ab Il est \u00e0 l\u2019\u00e9tranger pour enregistrer son nouvel album de musique. Il aurait aim\u00e9 \u00eatre pr\u00e9sent \u00bb, lui r\u00e9torque son avocat,<a href=\"https:\/\/www.leparisien.fr\/faits-divers\/agression-de-soraya-pour-son-avocat-mediatiser-ce-dossier-cest-parler-a-toute-la-france-dun-vrai-fleau-08-07-2025-7YXWNUDDTREMTFPFCVIBPD2R5Y.php\" target=\"_self\" rel=\"noopener\"> Me Tom Michel<\/a>. D\u00e9j\u00e0 absent lors de son proc\u00e8s, qui devait initialement se tenir le 11 septembre avant d\u2019\u00eatre renvoy\u00e9, cette fois, Karim Zenoud, alias Lacrim, a \u00e9t\u00e9 jug\u00e9 en son absence.<\/p>\n","protected":false},"excerpt":{"rendered":"\u00ab Pourquoi n\u2019est-il pas pr\u00e9sent ? \u00bb interroge la juge. \u00ab Il est \u00e0 l\u2019\u00e9tranger pour enregistrer son&hellip;\n","protected":false},"author":2,"featured_media":593425,"comment_status":"","ping_status":"","sticky":false,"template":"","format":"standard","meta":{"footnotes":""},"categories":[1355],"tags":[58,59,118,1011,27,1944,1361,873,1940],"class_list":{"0":"post-593424","1":"post","2":"type-post","3":"status-publish","4":"format-standard","5":"has-post-thumbnail","7":"category-musique","8":"tag-divertissement","9":"tag-entertainment","10":"tag-faits-divers","11":"tag-fr","12":"tag-france","13":"tag-ma-ville","14":"tag-music","15":"tag-musique","16":"tag-oise"},"share_on_mastodon":{"url":"https:\/\/pubeurope.com\/@fr\/115702522495004750","error":""},"_links":{"self":[{"href":"https:\/\/www.europesays.com\/fr\/wp-json\/wp\/v2\/posts\/593424","targetHints":{"allow":["GET"]}}],"collection":[{"href":"https:\/\/www.europesays.com\/fr\/wp-json\/wp\/v2\/posts"}],"about":[{"href":"https:\/\/www.europesays.com\/fr\/wp-json\/wp\/v2\/types\/post"}],"author":[{"embeddable":true,"href":"https:\/\/www.europesays.com\/fr\/wp-json\/wp\/v2\/users\/2"}],"replies":[{"embeddable":true,"href":"https:\/\/www.europesays.com\/fr\/wp-json\/wp\/v2\/comments?post=593424"}],"version-history":[{"count":0,"href":"https:\/\/www.europesays.com\/fr\/wp-json\/wp\/v2\/posts\/593424\/revisions"}],"wp:featuredmedia":[{"embeddable":true,"href":"https:\/\/www.europesays.com\/fr\/wp-json\/wp\/v2\/media\/593425"}],"wp:attachment":[{"href":"https:\/\/www.europesays.com\/fr\/wp-json\/wp\/v2\/media?parent=593424"}],"wp:term":[{"taxonomy":"category","embeddable":true,"href":"https:\/\/www.europesays.com\/fr\/wp-json\/wp\/v2\/categories?post=593424"},{"taxonomy":"post_tag","embeddable":true,"href":"https:\/\/www.europesays.com\/fr\/wp-json\/wp\/v2\/tags?post=593424"}],"curies":[{"name":"wp","href":"https:\/\/api.w.org\/{rel}","templated":true}]}}