{"id":593428,"date":"2025-12-11T19:13:11","date_gmt":"2025-12-11T19:13:11","guid":{"rendered":"https:\/\/www.europesays.com\/fr\/593428\/"},"modified":"2025-12-11T19:13:11","modified_gmt":"2025-12-11T19:13:11","slug":"la-haute-autorite-de-sante-donne-son-feu-vert-au-remboursement-de-mounjaro","status":"publish","type":"post","link":"https:\/\/www.europesays.com\/fr\/593428\/","title":{"rendered":"la Haute autorit\u00e9 de sant\u00e9 donne son feu vert au remboursement de Mounjaro"},"content":{"rendered":"<p>                             Par Le Figaro avec AFP<\/p>\n<p>                Le 11 d\u00e9cembre 2025 \u00e0 18h35<\/p>\n<p>    Une bo\u00eete de Mounjaro, un m\u00e9dicament injectable de tirzepatide utilis\u00e9 pour traiter le diab\u00e8te de type 2 et fabriqu\u00e9 par Lilly.<br \/>\n                George Frey \/ REUTERS<\/p>\n<p>\n    L\u2019Agence nationale du m\u00e9dicament (ANSM) avait annonc\u00e9 en juin que tout m\u00e9decin pourrait prescrire ce m\u00e9dicament \u00e0 compter du 23 juin. Son remboursement sera d\u00e9sormais propos\u00e9 aux personnes atteintes d\u2019une ob\u00e9sit\u00e9 s\u00e9v\u00e8re.<\/p>\n<p class=\"fig-paragraph\">La d\u00e9cision a \u00e9t\u00e9 rendue mardi soir par la\u00a0<a href=\"http:\/\/sante.lefigaro.fr\/alzheimer-la-haute-autorite-de-sante-se-prononce-contre-l-approbation-acceleree-du-medicament-leqembi-20250909\" target=\"_blank\" data-fig-type=\"NewsFlash\" rel=\"noopener\" data-gtm-custom-categorie=\"navigation\" data-gtm-custom-action=\"crossclick\" data-gtm-custom-label=\"Contextuel\" data-gtm-event=\"customEventSPE\" data-fig-domain=\"SANTE\">Haute autorit\u00e9 de sant\u00e9.<\/a>\u00a0La HAS a confirm\u00e9 mardi son avis favorable au remboursement du m\u00e9dicament\u00a0<a href=\"http:\/\/sante.lefigaro.fr\/medecine\/obesite-le-gouvernement-envisage-d-autoriser-les-medecins-generalistes-a-prescrire-les-medicaments-wegovy-et-le-mounjaro-20250526\" target=\"_blank\" data-fig-type=\"Article\" rel=\"noopener\" data-gtm-custom-categorie=\"navigation\" data-gtm-custom-action=\"crossclick\" data-gtm-custom-label=\"Contextuel\" data-gtm-event=\"customEventSPE\" data-fig-domain=\"SANTE\">Mounjaro\u00a0<\/a>contre l&rsquo;ob\u00e9sit\u00e9, apr\u00e8s une r\u00e9\u00e9valuation du dossier avec de nouvelles donn\u00e9es fournies par le fabricant am\u00e9ricain Eli Lilly. La prise en charge par l&rsquo;Assurance maladie est notamment r\u00e9serv\u00e9e aux situations o\u00f9 les changements d&rsquo;alimentation et l&rsquo;augmentation de l&rsquo;activit\u00e9 physique ne suffisent pas \u00e0 faire perdre du poids chez les personnes atteintes d&rsquo;une ob\u00e9sit\u00e9 s\u00e9v\u00e8re, selon cette d\u00e9cision qui confirme des pr\u00e9c\u00e9dents feux verts.<\/p>\n<p class=\"fig-paragraph\">\u00abCompte tenu des nouvelles donn\u00e9es disponibles\u00bb issues d&rsquo;\u00e9tudes avanc\u00e9es comparant Mounjaro \u00e0 un placebo sur la r\u00e9duction du syndrome d&rsquo;apn\u00e9e du sommeil, sur la diminution du risque d&rsquo;apparition du diab\u00e8te chez des patients pr\u00e9-diab\u00e9tiques et sur la r\u00e9duction des \u00e9v\u00e9nements li\u00e9s \u00e0 l&rsquo;insuffisance cardiaque, \u00abMounjaro pr\u00e9sente un int\u00e9r\u00eat pour ces patients\u00bb, souligne la HAS.<\/p>\n<p>                                                                <a class=\"fig-a11y-skip\" href=\"#fig-a11y-skip-main-inarticle\" data-module=\"a11y-skip\" data-context=\"was @visible\"><br \/>\n    Passer la publicit\u00e9<br \/>\n<\/a>            <\/p>\n<p>                                                                Progr\u00e8s m\u00e9dical mineur<\/p>\n<p class=\"fig-paragraph\">Par la m\u00eame occasion, l&rsquo;autorit\u00e9 de sant\u00e9 rel\u00e8ve d&rsquo;un cran la note \u00e9valuant l&rsquo;am\u00e9lioration du service m\u00e9dical rendu par le traitement Mounjaro (tirz\u00e9patide), la faisant passer au niveau 4, correspondant \u00e0 un progr\u00e8s m\u00e9dical mineur, au m\u00eame titre que le produit concurrent Wegovy (s\u00e9maglutide) du laboratoire Novo Nordisk.<\/p>\n<p class=\"fig-paragraph\">\u00abC&rsquo;est un crit\u00e8re qui rentre dans la n\u00e9gociation de fixation de prix\u00bb qui devrait d\u00e9buter \u00abdans les prochains mois\u00bb avec le Comit\u00e9 \u00e9conomique des produits de sant\u00e9, a indiqu\u00e9 \u00e0 l&rsquo;AFP une porte-parole d&rsquo;Eli Lilly France. Le laboratoire avait d\u00e9pos\u00e9 un nouveau dossier de demande de remboursement au printemps dernier aupr\u00e8s de l&rsquo;autorit\u00e9 sanitaire.<\/p>\n<p class=\"fig-paragraph\">La HAS n&rsquo;a pas d\u00e9termin\u00e9 si Wegovy ou Mounjaro devait \u00eatre privil\u00e9gi\u00e9 dans le traitement de l&rsquo;ob\u00e9sit\u00e9 \u00aben l&rsquo;absence de donn\u00e9e comparative robuste\u00bb entre les deux mol\u00e9cules. Tr\u00e8s populaires, ces deux traitements appartiennent \u00e0 une classe de traitements imitant une hormone intestinale (GLP-1 abr\u00e9viation de glugaco-like peptide 1), qui stimule la s\u00e9cr\u00e9tion d&rsquo;insuline et procure une sensation de sati\u00e9t\u00e9.<\/p>\n","protected":false},"excerpt":{"rendered":"Par Le Figaro avec AFP Le 11 d\u00e9cembre 2025 \u00e0 18h35 Une bo\u00eete de Mounjaro, un m\u00e9dicament injectable&hellip;\n","protected":false},"author":2,"featured_media":593429,"comment_status":"","ping_status":"","sticky":false,"template":"","format":"standard","meta":{"footnotes":""},"categories":[10],"tags":[1011,27,25924,72,233,71],"class_list":{"0":"post-593428","1":"post","2":"type-post","3":"status-publish","4":"format-standard","5":"has-post-thumbnail","7":"category-sante","8":"tag-fr","9":"tag-france","10":"tag-haute-autorite-de-sante","11":"tag-health","12":"tag-obesite","13":"tag-sante"},"share_on_mastodon":{"url":"https:\/\/pubeurope.com\/@fr\/115702530399607605","error":""},"_links":{"self":[{"href":"https:\/\/www.europesays.com\/fr\/wp-json\/wp\/v2\/posts\/593428","targetHints":{"allow":["GET"]}}],"collection":[{"href":"https:\/\/www.europesays.com\/fr\/wp-json\/wp\/v2\/posts"}],"about":[{"href":"https:\/\/www.europesays.com\/fr\/wp-json\/wp\/v2\/types\/post"}],"author":[{"embeddable":true,"href":"https:\/\/www.europesays.com\/fr\/wp-json\/wp\/v2\/users\/2"}],"replies":[{"embeddable":true,"href":"https:\/\/www.europesays.com\/fr\/wp-json\/wp\/v2\/comments?post=593428"}],"version-history":[{"count":0,"href":"https:\/\/www.europesays.com\/fr\/wp-json\/wp\/v2\/posts\/593428\/revisions"}],"wp:featuredmedia":[{"embeddable":true,"href":"https:\/\/www.europesays.com\/fr\/wp-json\/wp\/v2\/media\/593429"}],"wp:attachment":[{"href":"https:\/\/www.europesays.com\/fr\/wp-json\/wp\/v2\/media?parent=593428"}],"wp:term":[{"taxonomy":"category","embeddable":true,"href":"https:\/\/www.europesays.com\/fr\/wp-json\/wp\/v2\/categories?post=593428"},{"taxonomy":"post_tag","embeddable":true,"href":"https:\/\/www.europesays.com\/fr\/wp-json\/wp\/v2\/tags?post=593428"}],"curies":[{"name":"wp","href":"https:\/\/api.w.org\/{rel}","templated":true}]}}