{"id":593432,"date":"2025-12-11T19:15:26","date_gmt":"2025-12-11T19:15:26","guid":{"rendered":"https:\/\/www.europesays.com\/fr\/593432\/"},"modified":"2025-12-11T19:15:26","modified_gmt":"2025-12-11T19:15:26","slug":"le-traumatisme-est-intact-lancienne-miss-france-laury-thilleman-embrassee-de-force-par-ary-abittan-sur-les-enfants-de-la-tele","status":"publish","type":"post","link":"https:\/\/www.europesays.com\/fr\/593432\/","title":{"rendered":"\u00ab\u00a0Le traumatisme est intact\u00a0\u00bb\u00a0: l\u2019ancienne Miss France Laury Thilleman embrass\u00e9e de force par Ary Abittan sur les Enfants de la t\u00e9l\u00e9"},"content":{"rendered":"<p>\n                                                                Ce 11\u00a0d\u00e9cembre 2025, l\u2019ancienne Miss France Laury Thilleman est revenue sur le jour o\u00f9 elle a \u00e9t\u00e9 embrass\u00e9e de force par Ary Abittan sur le plateau des Enfants de la t\u00e9l\u00e9. Pour elle, le \u00ab\u00a0traumatisme est intact\u00a0\u00bb.\n                            <\/p>\n<p>\u00ab\u00a0Je ne consens pas.\u00a0\u00bb La <a href=\"https:\/\/www.midilibre.fr\/2025\/03\/27\/laury-thilleman-dezinguee-par-cyril-hanouna-lancienne-miss-france-traitee-de-nulle-et-de-moche-par-lanimateur-sort-du-silence-12597996.php\" target=\"_blank\" rel=\"noopener\">Miss France 2011 Laury Thilleman<\/a> est revenue sur une sc\u00e8ne qui s\u2019est jou\u00e9e en 2013 <a href=\"https:\/\/www.midilibre.fr\/2025\/03\/26\/video-cyril-hanouna-si-au-moins-elle-etait-fraiche-elle-a-une-tete-de-cheval-lanimateur-charge-violemment-laury-thilleman-hors-antenne-12594701.php\" target=\"_blank\" rel=\"noopener\">sur le plateau des<\/a> Enfants de la t\u00e9l\u00e9, diffus\u00e9 sur TF1. Elle a repartag\u00e9 les vid\u00e9os <a href=\"https:\/\/www.midilibre.fr\/2022\/06\/21\/laury-thilleman-et-garou-on-est-des-bons-vivants-tous-les-deux-10385804.php\" target=\"_blank\" rel=\"noopener\">dans lesquelles on voit<\/a> l\u2019humoriste et acteur Ary Abittan l\u2019embrasser de force. Sur son compte Instagram, elle explique que le \u00ab\u00a0traumatisme est intact\u00a0\u00bb.<\/p>\n<p>\u00ab\u00a0Je me sentais humili\u00e9e, objectifi\u00e9e, impuissante\u00a0\u00bb<\/p>\n<p>Les faits remontent au 26\u00a0avril 2013. Laury Thilleman a 21 ans. Elle est invit\u00e9e sur le plateau des Enfants de la t\u00e9l\u00e9 parmi d\u2019autres stars telles que\u00a0Julien Courbet, Emmanuel Moire, Christine Bravo, Eric Judor, Pierre Arditi et\u2026 Ary Abittan. Dans la s\u00e9quence que la Miss France 2011 repartage, c\u2019est lui qui se l\u00e8ve, s\u2019approche de Laury Thilleman, attrape son visage et plaque ses l\u00e8vres contre les siennes.<\/p>\n<p>La jeune femme tente de repousser le com\u00e9dien. Sur le plateau, c\u2019est l\u2019hilarit\u00e9 g\u00e9n\u00e9rale. Pour elle, c\u2019est la naissance d\u2019un traumatisme, \u00ab\u00a0intact\u00a0\u00bb 12\u00a0ans plus tard. Dans une story Instagram ce jeudi, elle raconte qu\u2019\u00e0 \u00ab\u00a0l\u2019\u00e9poque, j\u2019avais honte, je me sentais humili\u00e9e, objectifi\u00e9e, impuissante, alors pour faire bonne figure je tente d\u2019en rire comme tout le monde autour de la table. Mais je ne consens pas.\u00a0\u00bb Elle explique\u00a0: \u00ab\u00a0\u00c0 l\u2019\u00e9poque je n\u2019ai rien dit, je n\u2019ai rien fait, par peur, par honte. Parce que le consentement il y a 14 ans, on n\u2019en parlait pas\u00a0\u00bb, d\u00e9plore Laury Thilleman.<\/p>\n<p>        <img decoding=\"async\" class=\"std-img__img responsive-img\" src=\"https:\/\/www.europesays.com\/fr\/wp-content\/uploads\/2025\/12\/1765480526_559_image.png\" alt=\"Les stories de Laury Thilleman ce jeudi.\"\/><\/p>\n<p>                Les stories de Laury Thilleman ce jeudi.<br \/>\n                                    Capture d&rsquo;\u00e9cran Instagram<\/p>\n<p>L\u2019ancienne Miss France explique red\u00e9couvrir ces images seulement maintenant. Elles ont \u00e9t\u00e9 largement repartag\u00e9es ces derni\u00e8res semaines. Ary Abittan est mis en cause dans une affaire dans de viol pour laquelle il a b\u00e9n\u00e9fici\u00e9 d\u2019un non-lieu l\u2019ann\u00e9e derni\u00e8re. Depuis, il rejoue son spectacle. Il y a quelques jours, Brigitte Macron a \u00e9t\u00e9 film\u00e9e en train de qualifier de \u00ab\u00a0sales connes\u00a0\u00bb les militantes f\u00e9ministes qui protestent contre la tenue de sa repr\u00e9sentation. Raison pour laquelle l\u2019affaire ressort, et avec elle cette autre vid\u00e9o o\u00f9 l\u2019acteur embrasse Laury Thilleman. Ary Abittan n\u2019est pas revenu sur cette vid\u00e9o pour le moment.<\/p>\n","protected":false},"excerpt":{"rendered":"Ce 11\u00a0d\u00e9cembre 2025, l\u2019ancienne Miss France Laury Thilleman est revenue sur le jour o\u00f9 elle a \u00e9t\u00e9 embrass\u00e9e&hellip;\n","protected":false},"author":2,"featured_media":593433,"comment_status":"","ping_status":"","sticky":false,"template":"","format":"standard","meta":{"footnotes":""},"categories":[8],"tags":[58,59,118,1011,27,797],"class_list":{"0":"post-593432","1":"post","2":"type-post","3":"status-publish","4":"format-standard","5":"has-post-thumbnail","7":"category-divertissement","8":"tag-divertissement","9":"tag-entertainment","10":"tag-faits-divers","11":"tag-fr","12":"tag-france","13":"tag-violences-faites-aux-femmes"},"share_on_mastodon":{"url":"https:\/\/pubeurope.com\/@fr\/115702539221762634","error":""},"_links":{"self":[{"href":"https:\/\/www.europesays.com\/fr\/wp-json\/wp\/v2\/posts\/593432","targetHints":{"allow":["GET"]}}],"collection":[{"href":"https:\/\/www.europesays.com\/fr\/wp-json\/wp\/v2\/posts"}],"about":[{"href":"https:\/\/www.europesays.com\/fr\/wp-json\/wp\/v2\/types\/post"}],"author":[{"embeddable":true,"href":"https:\/\/www.europesays.com\/fr\/wp-json\/wp\/v2\/users\/2"}],"replies":[{"embeddable":true,"href":"https:\/\/www.europesays.com\/fr\/wp-json\/wp\/v2\/comments?post=593432"}],"version-history":[{"count":0,"href":"https:\/\/www.europesays.com\/fr\/wp-json\/wp\/v2\/posts\/593432\/revisions"}],"wp:featuredmedia":[{"embeddable":true,"href":"https:\/\/www.europesays.com\/fr\/wp-json\/wp\/v2\/media\/593433"}],"wp:attachment":[{"href":"https:\/\/www.europesays.com\/fr\/wp-json\/wp\/v2\/media?parent=593432"}],"wp:term":[{"taxonomy":"category","embeddable":true,"href":"https:\/\/www.europesays.com\/fr\/wp-json\/wp\/v2\/categories?post=593432"},{"taxonomy":"post_tag","embeddable":true,"href":"https:\/\/www.europesays.com\/fr\/wp-json\/wp\/v2\/tags?post=593432"}],"curies":[{"name":"wp","href":"https:\/\/api.w.org\/{rel}","templated":true}]}}