{"id":593436,"date":"2025-12-11T19:18:16","date_gmt":"2025-12-11T19:18:16","guid":{"rendered":"https:\/\/www.europesays.com\/fr\/593436\/"},"modified":"2025-12-11T19:18:16","modified_gmt":"2025-12-11T19:18:16","slug":"la-surtaxe-votee-par-les-deputes-va-t-elle-faire-bondir-votre-facture-en-2026","status":"publish","type":"post","link":"https:\/\/www.europesays.com\/fr\/593436\/","title":{"rendered":"la surtaxe vot\u00e9e par les d\u00e9put\u00e9s va-t-elle faire bondir votre facture en 2026 ?"},"content":{"rendered":"<p>              <img decoding=\"async\" class=\"article-author__picture webp\" src=\"https:\/\/www.europesays.com\/fr\/wp-content\/uploads\/2025\/06\/eglantine-tamet.png.webp\" alt=\"Eglantine Tamet\"\/><\/p>\n<p class=\"article-author__info--name\"> Par<br \/>\n                      <a href=\"https:\/\/selectra.info\/equipe\/eglantine-tamet\" target=\"_blank\" rel=\"noopener author\"> Eglantine Tamet <\/a><\/p>\n<p class=\"article-author__info--description\"> Sp\u00e9cialiste Assurance Habitation et Assurance Emprunteur <\/p>\n<p>        Publi\u00e9 le<\/p>\n<p>                                11\/12\/2025<\/p>\n<p>            min de lecture\n        <\/p>\n<p class=\"intro\">Alors que beaucoup pensaient que l\u2019augmentation de +6% en 2025 serait LA mauvaise surprise de l\u2019ann\u00e9e, l\u2019Assembl\u00e9e nationale vient de voter une mesure qui pourrait peser encore plus lourd sur le portefeuille des Fran\u00e7ais\u00a0: une surtaxe historique impos\u00e9e aux <a href=\"https:\/\/selectra.info\/assurance\/mutuelle-sante\" target=\"_blank\" rel=\"noopener\">compl\u00e9mentaires sant\u00e9<\/a>, dans le cadre du budget 2026 de la S\u00e9curit\u00e9 sociale. Montant de la note\u00a0: 1,1 milliard d\u2019euros. Une somme colossale\u2026 et une inqui\u00e9tude majeure\u00a0: cette taxe va-t-elle finir par se r\u00e9percuter sur le contrat des assur\u00e9s\u00a0?<\/p>\n<p>Depuis ce mardi 9 d\u00e9cembre, la question affole retrait\u00e9s, travailleurs ind\u00e9pendants et familles\u00a0: maintenant que l\u2019Assembl\u00e9e nationale a adopt\u00e9 le projet de loi de financement de la S\u00e9cu (PLFSS) 2026, <a href=\"https:\/\/selectra.info\/assurance\/actualites\/generalites\/nouvelle-taxe-sante-en-2026-votre-mutuelle-risque-d-augmenter\" target=\"_blank\" rel=\"noopener\">le risque d\u2019une nouvelle flamb\u00e9e des mutuelles sant\u00e9 semble bien r\u00e9el<\/a>, apr\u00e8s des ann\u00e9es de hausses r\u00e9guli\u00e8res. Et les t\u00e9moignages se multiplient. Certains retrait\u00e9s racontent payer plus de <strong>135\u00a0\u20ac par mois<\/strong>, une somme devenue \u00ab\u00a0inadmissible\u00a0\u00bb. Beaucoup craignent d\u00e9sormais que la surtaxe ne transforme une facture d\u00e9j\u00e0 lourde en d\u00e9pense tout simplement impossible \u00e0 assumer.<\/p>\n<p>\ud83d\udd25 Surtaxe redout\u00e9e apr\u00e8s une ann\u00e9e d\u00e9j\u00e0 tr\u00e8s tendue<\/p>\n<p>2025 avait d\u00e9j\u00e0 \u00e9t\u00e9 marqu\u00e9e par une hausse significative des cotisations\u00a0: <strong>+6% en moyenne<\/strong>, cons\u00e9quence directe de la volont\u00e9 du gouvernement Barnier de faire davantage contribuer les adh\u00e9rents. Une mesure qui, ironie du sort, n\u2019a jamais \u00e9t\u00e9 compl\u00e8tement appliqu\u00e9e, laissant les mutuelles encaisser des montants qu\u2019elles n\u2019ont finalement pas eu \u00e0 d\u00e9penser.<\/p>\n<p>Mais cette fois, le gouvernement revient \u00e0 la charge\u00a0: pour renflouer la <a href=\"https:\/\/selectra.info\/assurance\/mutuelle-sante\/securite-sociale\" target=\"_blank\" rel=\"noopener\"><strong>S\u00e9curit\u00e9 sociale<\/strong><\/a>, les d\u00e9put\u00e9s ont adopt\u00e9 une taxation exceptionnelle d\u2019un milliard d\u2019euros sur les compl\u00e9mentaires. Une d\u00e9cision justifi\u00e9e, selon eux, par des hausses de tarifs jug\u00e9es excessives ces derni\u00e8res ann\u00e9es, <strong>au-dessus de l\u2019inflation<\/strong>.<\/p>\n<p>Reste un probl\u00e8me majeur\u00a0: <strong>les assur\u00e9s peuvent-ils en faire les frais\u00a0?<\/strong> Historiquement, les mutuelles r\u00e9percutent leurs co\u00fbts sur leurs cotisations. Alors, faut-il se pr\u00e9parer \u00e0 un choc tarifaire\u00a0?<\/p>\n<p>\ud83e\uddfe Bonne nouvelle (\u00e0 court terme)\u00a0: pas d\u2019explosion des prix en 2026<\/p>\n<p>Surprise\u00a0: malgr\u00e9 la surtaxe, <strong>aucune flamb\u00e9e imm\u00e9diate n\u2019est attendue en 2026<\/strong>.<\/p>\n<p>Pourquoi\u00a0? Parce que les tarifs de l\u2019an prochain sont d\u00e9j\u00e0 valid\u00e9s. Selon \u00c9ric Chenut, pr\u00e9sident de la Mutualit\u00e9 fran\u00e7aise\u00a0:<\/p>\n<blockquote>\n<p>Les tarifs sont d\u00e9j\u00e0 adopt\u00e9s pour 2026, donc il n\u2019y aura pas d\u2019impact imm\u00e9diat.<\/p>\n<\/blockquote>\n<p>Les hausses pr\u00e9vues l\u2019an prochain resteront donc dans la fourchette habituelle\u00a0: <strong>entre 2,5% et 4% en moyenne<\/strong>, voire <strong>jusqu\u2019\u00e0 10%<\/strong> pour certains contrats selon les cabinets sp\u00e9cialis\u00e9s (Addactis, Facts &amp; Figures).<\/p>\n<p>De plus, un amendement adopt\u00e9 par les d\u00e9put\u00e9s <strong>interdit aux mutuelles d\u2019augmenter leurs tarifs en 2026<\/strong> pour compenser la taxe. En apparence, le consommateur est donc prot\u00e9g\u00e9\u2026 pour quelques mois.<\/p>\n<p>\ud83d\ude2c Mauvaise nouvelle (\u00e0 moyen terme)\u00a0: le rattrapage est attendu en 2027<\/p>\n<p>Si l\u2019impact est invisible en 2026, les experts sont formels\u00a0: <strong>la hausse pourrait \u00eatre report\u00e9e \u00e0 2027<\/strong>.<\/p>\n<p>C\u2019est une m\u00e9canique bien connue\u00a0: quand leurs charges augmentent, les mutuelles lissent l\u2019impact sur plusieurs ann\u00e9es. Ce pourrait \u00eatre le cas ici.<\/p>\n<p>D\u2019autant que les d\u00e9penses de sant\u00e9 explosent d\u00e9j\u00e0 face\u00a0:<\/p>\n<ul class=\"list--custom\">\n<li class=\"b--arrow\">au vieillissement de la population,<\/li>\n<li class=\"b--arrow\">au co\u00fbt croissant des m\u00e9dicaments,<\/li>\n<li class=\"b--arrow\">aux prestations revaloris\u00e9es,<\/li>\n<li class=\"b--arrow\">au \u201creste \u00e0 charge z\u00e9ro\u201d \u00e0 financer, notamment via le <a href=\"https:\/\/selectra.info\/assurance\/mutuelle-sante\/100-sante\" target=\"_blank\" rel=\"noopener\">100% sant\u00e9<\/a>.<\/li>\n<\/ul>\n<p>R\u00e9sultat\u00a0: <strong>sur cinq ans, les tarifs ont bondi de 27%, soit deux fois plus vite que l\u2019inflation<\/strong>.<\/p>\n<p>Bonne nouvelle\u00a0: il existe des moyens simples pour limiter la facture. Voici les leviers les plus efficaces, r\u00e9guli\u00e8rement cit\u00e9s par les experts\u00a0:<\/p>\n<ul class=\"list--check\">\n<li><a href=\"https:\/\/selectra.info\/assurance\/selection\/comparateur-complementaire-sante\" target=\"_blank\" rel=\"nofollow noopener\"><strong>Comparer les offres disponibles<\/strong><\/a>\u00a0: \u00e0 garanties \u00e9quivalentes, les prix peuvent varier du simple au triple.<\/li>\n<li><strong>Ajuster son contrat<\/strong>\u00a0: certains paient pour des options inutiles, notamment sur les <a href=\"https:\/\/selectra.info\/assurance\/mutuelle-sante\/depassement-honoraire\" target=\"_blank\" rel=\"noopener\">d\u00e9passements d\u2019honoraires<\/a> ou sur certains postes de sant\u00e9 (optique, m\u00e9decine douce, etc).<\/li>\n<li><strong>Utiliser les r\u00e9seaux de soins partenaires<\/strong>\u00a0: optique, dentaire, audioproth\u00e8ses\u2026 Les \u00e9conomies sont r\u00e9elles.<\/li>\n<li><strong>Regrouper les contrats du foyer<\/strong>\u00a0: certains assureurs proposent des remises cumul\u00e9es.<\/li>\n<\/ul>\n<p>Selon certains comparateurs, un m\u00e9nage peut \u00e9conomiser <strong>jusqu\u2019\u00e0 500\u00a0\u20ac par an<\/strong> en optimisant son contrat.<\/p>\n<p><a class=\"btn btn--primary btn--md btn--pill\" href=\"https:\/\/selectra.info\/assurance\/selection\/comparateur-complementaire-sante\" target=\"_blank\" title=\"Comparateur mutuelle\" rel=\"nofollow\" role=\"button\">\ud83d\udc49 Je compare les offres<\/a><\/p>\n<p>      Avez-vous trouv\u00e9 cet article utile ?<\/p>\n<p>100% des 5 votes trouvent l&rsquo;information utile.<\/p>\n","protected":false},"excerpt":{"rendered":"Par Eglantine Tamet Sp\u00e9cialiste Assurance Habitation et Assurance Emprunteur Publi\u00e9 le 11\/12\/2025 min de lecture Alors que beaucoup&hellip;\n","protected":false},"author":2,"featured_media":593437,"comment_status":"","ping_status":"","sticky":false,"template":"","format":"standard","meta":{"footnotes":""},"categories":[6],"tags":[35,33,34,1011,27],"class_list":{"0":"post-593436","1":"post","2":"type-post","3":"status-publish","4":"format-standard","5":"has-post-thumbnail","7":"category-economie","8":"tag-business","9":"tag-economie","10":"tag-economy","11":"tag-fr","12":"tag-france"},"share_on_mastodon":{"url":"https:\/\/pubeurope.com\/@fr\/115702550615810627","error":""},"_links":{"self":[{"href":"https:\/\/www.europesays.com\/fr\/wp-json\/wp\/v2\/posts\/593436","targetHints":{"allow":["GET"]}}],"collection":[{"href":"https:\/\/www.europesays.com\/fr\/wp-json\/wp\/v2\/posts"}],"about":[{"href":"https:\/\/www.europesays.com\/fr\/wp-json\/wp\/v2\/types\/post"}],"author":[{"embeddable":true,"href":"https:\/\/www.europesays.com\/fr\/wp-json\/wp\/v2\/users\/2"}],"replies":[{"embeddable":true,"href":"https:\/\/www.europesays.com\/fr\/wp-json\/wp\/v2\/comments?post=593436"}],"version-history":[{"count":0,"href":"https:\/\/www.europesays.com\/fr\/wp-json\/wp\/v2\/posts\/593436\/revisions"}],"wp:featuredmedia":[{"embeddable":true,"href":"https:\/\/www.europesays.com\/fr\/wp-json\/wp\/v2\/media\/593437"}],"wp:attachment":[{"href":"https:\/\/www.europesays.com\/fr\/wp-json\/wp\/v2\/media?parent=593436"}],"wp:term":[{"taxonomy":"category","embeddable":true,"href":"https:\/\/www.europesays.com\/fr\/wp-json\/wp\/v2\/categories?post=593436"},{"taxonomy":"post_tag","embeddable":true,"href":"https:\/\/www.europesays.com\/fr\/wp-json\/wp\/v2\/tags?post=593436"}],"curies":[{"name":"wp","href":"https:\/\/api.w.org\/{rel}","templated":true}]}}