{"id":593438,"date":"2025-12-11T19:19:17","date_gmt":"2025-12-11T19:19:17","guid":{"rendered":"https:\/\/www.europesays.com\/fr\/593438\/"},"modified":"2025-12-11T19:19:17","modified_gmt":"2025-12-11T19:19:17","slug":"kiev-dement-la-prise-de-la-ville-de-siversk-revendiquee-par-larmee-russe","status":"publish","type":"post","link":"https:\/\/www.europesays.com\/fr\/593438\/","title":{"rendered":"Kiev d\u00e9ment la prise de la ville de Siversk, revendiqu\u00e9e par l\u2019arm\u00e9e russe"},"content":{"rendered":"<p>   Le Comit\u00e9 international olympique recommande le retour des Russes et des Bi\u00e9lorusses dans les comp\u00e9titions juniors             <\/p>\n<p class=\"post__live-container--answer-text post__space-node\">Le Comit\u00e9 international olympique (CIO) recommande le retour avec hymne et drapeau des Russes et B\u00e9larusses dans les comp\u00e9titions juniors, \u00e0 la diff\u00e9rence des restrictions maintenues dans les \u00e9preuves seniors, a-t-il annonc\u00e9 jeudi.<\/p>\n<p class=\"post__live-container--answer-text post__space-node\">D\u00e9cid\u00e9e mercredi \u00e0 huis clos par sa commission ex\u00e9cutive, cette proposition a \u00e9t\u00e9 approuv\u00e9e jeudi par les repr\u00e9sentants des f\u00e9d\u00e9rations internationales, qui ont cependant pr\u00e9venu que son application \u00ab\u00a0prendrait du temps\u00a0\u00bb, selon le communiqu\u00e9 de l\u2019instance.<\/p>\n<p class=\"post__live-container--answer-text post__space-node\">R\u00e9unis \u00e0 Lausanne pour le 14e \u00ab\u00a0sommet olympique\u00a0\u00bb, ces repr\u00e9sentants ainsi que ceux des comit\u00e9s nationaux olympiques, des athl\u00e8tes et des instances antidopage \u00ab\u00a0ont reconnu que les athl\u00e8tes, et en particulier les jeunes athl\u00e8tes, ne devaient pas \u00eatre tenus pour responsables des agissements de leur gouvernement\u00a0\u00bb, explique encore le CIO. \u00ab\u00a0Le sport est pour eux une source d\u2019espoir et le moyen de montrer que tous les athl\u00e8tes peuvent observer les m\u00eames r\u00e8gles et se respecter mutuellement\u00a0\u00bb, poursuit le texte.<\/p>\n<p class=\"post__live-container--answer-text post__space-node\">\u00ab\u00a0Nous remercions la commission ex\u00e9cutive du CIO pour ses avanc\u00e9es progressives et coh\u00e9rentes vers le r\u00e9tablissement des principes fondamentaux de la charte olympique\u00a0\u00bb, a r\u00e9agi sur le r\u00e9seau Telegram le ministre des sports russe, Mikha\u00efl Degtyarev. Il a promis de continuer \u00ab\u00a0\u00e0 \u0153uvrer pour la restauration compl\u00e8te des droits de tous\u00a0\u00bb les athl\u00e8tes russes.<\/p>\n<p class=\"post__live-container--answer-text post__space-node\">Les participants au 14e\u00a0sommet olympique ont, en revanche, maintenu les conditions impos\u00e9es aux sportifs russes et bi\u00e9lorusses seniors, c\u2019est-\u00e0-dire une participation aux \u00e9preuves internationales uniquement sous banni\u00e8re neutre, \u00e0 titre individuel, et \u00e0 condition de n\u2019avoir pas publiquement soutenu la guerre en Ukraine et de n\u2019\u00eatre pas sous contrat avec l\u2019arm\u00e9e ou les services de s\u00e9curit\u00e9.<\/p>\n<p class=\"post__live-container--answer-text post__space-node\">De m\u00eame, les officiels des deux pays demeurent bannis des comp\u00e9titions internationales, juniors comme seniors, et aucune \u00e9preuve internationale ne doit \u00eatre organis\u00e9e en Russie, des sanctions en place sans discontinuer depuis l\u2019invasion de l\u2019Ukraine, en f\u00e9vrier\u00a02022.<\/p>\n","protected":false},"excerpt":{"rendered":"Le Comit\u00e9 international olympique recommande le retour des Russes et des Bi\u00e9lorusses dans les comp\u00e9titions juniors Le Comit\u00e9&hellip;\n","protected":false},"author":2,"featured_media":593439,"comment_status":"","ping_status":"","sticky":false,"template":"","format":"standard","meta":{"footnotes":""},"categories":[5],"tags":[11,1011,27,14,12,28],"class_list":{"0":"post-593438","1":"post","2":"type-post","3":"status-publish","4":"format-standard","5":"has-post-thumbnail","7":"category-international","8":"tag-actualites","9":"tag-fr","10":"tag-france","11":"tag-international","12":"tag-news","13":"tag-world"},"share_on_mastodon":{"url":"https:\/\/pubeurope.com\/@fr\/115702554019323221","error":""},"_links":{"self":[{"href":"https:\/\/www.europesays.com\/fr\/wp-json\/wp\/v2\/posts\/593438","targetHints":{"allow":["GET"]}}],"collection":[{"href":"https:\/\/www.europesays.com\/fr\/wp-json\/wp\/v2\/posts"}],"about":[{"href":"https:\/\/www.europesays.com\/fr\/wp-json\/wp\/v2\/types\/post"}],"author":[{"embeddable":true,"href":"https:\/\/www.europesays.com\/fr\/wp-json\/wp\/v2\/users\/2"}],"replies":[{"embeddable":true,"href":"https:\/\/www.europesays.com\/fr\/wp-json\/wp\/v2\/comments?post=593438"}],"version-history":[{"count":0,"href":"https:\/\/www.europesays.com\/fr\/wp-json\/wp\/v2\/posts\/593438\/revisions"}],"wp:featuredmedia":[{"embeddable":true,"href":"https:\/\/www.europesays.com\/fr\/wp-json\/wp\/v2\/media\/593439"}],"wp:attachment":[{"href":"https:\/\/www.europesays.com\/fr\/wp-json\/wp\/v2\/media?parent=593438"}],"wp:term":[{"taxonomy":"category","embeddable":true,"href":"https:\/\/www.europesays.com\/fr\/wp-json\/wp\/v2\/categories?post=593438"},{"taxonomy":"post_tag","embeddable":true,"href":"https:\/\/www.europesays.com\/fr\/wp-json\/wp\/v2\/tags?post=593438"}],"curies":[{"name":"wp","href":"https:\/\/api.w.org\/{rel}","templated":true}]}}