{"id":59344,"date":"2025-04-28T13:35:08","date_gmt":"2025-04-28T13:35:08","guid":{"rendered":"https:\/\/www.europesays.com\/fr\/59344\/"},"modified":"2025-04-28T13:35:08","modified_gmt":"2025-04-28T13:35:08","slug":"avec-son-nouveau-livre-albin-de-la-simone-affiche-ses-fragilites","status":"publish","type":"post","link":"https:\/\/www.europesays.com\/fr\/59344\/","title":{"rendered":"avec son nouveau livre, Albin de la Simone affiche ses fragilit\u00e9s"},"content":{"rendered":"<p><strong>PORTRAIT <\/strong>&#8211; Le musicien auteur-compositeur interpr\u00e8te d\u2019Un Homme signe un premier livre illustr\u00e9 de ses dessins. Une fa\u00e7on color\u00e9e de revisiter sa vie.<\/p>\n<p class=\"fig-paragraph\">Hasard ou pas, la suggestion du Caf\u00e9 Sans Nom comme lieu de rendez-vous, tombe \u00e0 pic. Surtout de la part d\u2019<a href=\"http:\/\/madame.lefigaro.fr\/bien-etre\/albin-de-la-simone-qu-est-ce-qui-vous-donne-envie-de-vous-lever-le-matin-20250428\" data-fig-type=\"Article\" data-gtm-custom-categorie=\"navigation\" data-gtm-custom-action=\"crossclick\" data-gtm-custom-label=\"Contextuel\" data-gtm-event=\"customEventSPE\" data-fig-domain=\"MADAME\" target=\"_blank\" rel=\"noopener\">Albin de la Simone<\/a>, dont le pr\u00e9nom et le patronyme contribuent \u00e0 la singularit\u00e9. Et entra\u00eene des commentaires. Pas toujours bienveillants. \u00ab\u00a0Au fait, je dois te dire, j\u2019aime bien tes chansons mais pas du tout ton pseudo\u00a0\u00bb, lui glissa jadis \u00ab\u00a0un type\u00a0\u00bb alors qu\u2019Albin signait son premier album personnel titr\u00e9, tout simplement, Albin de la Simone (2003). Auteur-compositeur-instrumentiste, le musicien s\u2019est d\u00e9j\u00e0 taill\u00e9 depuis les ann\u00e9es 1990 une sacr\u00e9e r\u00e9putation en accompagnant aux claviers des pointures telles que Salif Keita,<a href=\"https:\/\/www.lefigaro.fr\/musique\/iggy-pop-un-frank-sinatra-trash-20230106\" data-fig-type=\"Article\" data-gtm-custom-categorie=\"navigation\" data-gtm-custom-action=\"crossclick\" data-gtm-custom-label=\"Contextuel\" data-gtm-event=\"customEventSPE\" data-fig-domain=\"LEFIGARO\" target=\"_blank\" rel=\"noopener\">\u00a0Iggy Pop<\/a>, Ang\u00e9lique Kidjo ou la nouvelle chanson fran\u00e7aise. De Mathieu Boogaerts \u00e0 Keren Ann en passant par Alain Chamfort, Miossec, Carla Bruni et Arthur\u00a0H. En r\u00e9ponse \u00e0 la r\u00e9flexion d\u00e9sobligeante re\u00e7ue en pleine figue, le chanteur r\u00e9torque\u00a0: \u00ab\u00a0Ce n\u2019est pas un pseudo, c\u2019est mon nom.\u00a0\u00bb<\/p>\n<p class=\"fig-paragraph\">Pas d\u00e9mont\u00e9 pour autant, l\u2019autre lui conseille alors d\u2019en\u2026<\/p>\n<p class=\"fig-premium-paywall__infos\">\n        Cet article est r\u00e9serv\u00e9 aux abonn\u00e9s.        Il vous reste 86% \u00e0 d\u00e9couvrir.\n    <\/p>\n<p>                <img  data- alt=\"Le Figaro\" class=\"fig-img--complete fig-img\"\/><\/p>\n<p class=\"fig-premium-paywall__title\">Vous avez envie de lire la suite ?<\/p>\n<p class=\"fig-premium-paywall__subtitle\">D\u00e9bloquez tous les articles imm\u00e9diatement.<\/p>\n<p class=\"fig-premium-paywall__connect\">\n                D\u00e9j\u00e0 abonn\u00e9\u00a0?                <a class=\"fig-premium-paywall__connect-link\" href=\"https:\/\/connect.lefigaro.fr\/login?client=horizon_web&amp;type=main&amp;redirect_uri=https%3A%2F%2Fwww.lefigaro.fr%2Fculture%2Fc-est-qui-le-patron-maintenant-avec-son-nouveau-livre-albin-de-la-simone-affiche-ses-fragilites-20250428\" data-js-gtm=\"{&quot;customCategorie&quot;: &quot;conversion&quot;, &quot;customAction&quot;: &quot;before_Landing_Connexion_paywall_auto&quot;, &quot;customLabel&quot;: &quot;bGVmaWdhcm8uZnJfXzFmMDI0MTMyLWY0NDUtNjQ2ZS1iMjRiLWYxM2I1MzgwZDE3Ml9fQXJ0aWNsZQ==_\u00abC\u2019est qui le patron maintenant\u00a0?\u00bb\u00a0: avec son nouveau livre, Albin de la Simone affiche ses fragilit\u00e9s_56&quot;, &quot;customIDSPE&quot;: &quot;bGVmaWdhcm8uZnJfXzFmMDI0MTMyLWY0NDUtNjQ2ZS1iMjRiLWYxM2I1MzgwZDE3Ml9fQXJ0aWNsZQ==&quot;, &quot;event&quot;: &quot;customEventSPE&quot;}\" target=\"_blank\" rel=\"noopener\"><br \/>\n                    Connectez-vous<br \/>\n                <\/a>\n            <\/p>\n","protected":false},"excerpt":{"rendered":"PORTRAIT &#8211; Le musicien auteur-compositeur interpr\u00e8te d\u2019Un Homme signe un premier livre illustr\u00e9 de ses dessins. Une fa\u00e7on&hellip;\n","protected":false},"author":2,"featured_media":59345,"comment_status":"","ping_status":"","sticky":false,"template":"","format":"standard","meta":{"footnotes":""},"categories":[1357],"tags":[47,1350,1348,1379,1345,650,251,58,59,1349,1346,1011,27,15601,15602,1351,1380,873,252,1347,15603,1352],"class_list":{"0":"post-59344","1":"post","2":"type-post","3":"status-publish","4":"format-standard","5":"has-post-thumbnail","7":"category-livres","8":"tag-actualite","9":"tag-architecture","10":"tag-arts","11":"tag-books","12":"tag-cine","13":"tag-cinema","14":"tag-culture","15":"tag-divertissement","16":"tag-entertainment","17":"tag-expositions","18":"tag-films","19":"tag-fr","20":"tag-france","21":"tag-iggy-pop","22":"tag-keren-ann","23":"tag-litterature","24":"tag-livres","25":"tag-musique","26":"tag-television","27":"tag-theatre","28":"tag-theatre-de-latelier","29":"tag-urbanisme"},"share_on_mastodon":{"url":"https:\/\/pubeurope.com\/@fr\/114415856834205953","error":""},"_links":{"self":[{"href":"https:\/\/www.europesays.com\/fr\/wp-json\/wp\/v2\/posts\/59344","targetHints":{"allow":["GET"]}}],"collection":[{"href":"https:\/\/www.europesays.com\/fr\/wp-json\/wp\/v2\/posts"}],"about":[{"href":"https:\/\/www.europesays.com\/fr\/wp-json\/wp\/v2\/types\/post"}],"author":[{"embeddable":true,"href":"https:\/\/www.europesays.com\/fr\/wp-json\/wp\/v2\/users\/2"}],"replies":[{"embeddable":true,"href":"https:\/\/www.europesays.com\/fr\/wp-json\/wp\/v2\/comments?post=59344"}],"version-history":[{"count":0,"href":"https:\/\/www.europesays.com\/fr\/wp-json\/wp\/v2\/posts\/59344\/revisions"}],"wp:featuredmedia":[{"embeddable":true,"href":"https:\/\/www.europesays.com\/fr\/wp-json\/wp\/v2\/media\/59345"}],"wp:attachment":[{"href":"https:\/\/www.europesays.com\/fr\/wp-json\/wp\/v2\/media?parent=59344"}],"wp:term":[{"taxonomy":"category","embeddable":true,"href":"https:\/\/www.europesays.com\/fr\/wp-json\/wp\/v2\/categories?post=59344"},{"taxonomy":"post_tag","embeddable":true,"href":"https:\/\/www.europesays.com\/fr\/wp-json\/wp\/v2\/tags?post=59344"}],"curies":[{"name":"wp","href":"https:\/\/api.w.org\/{rel}","templated":true}]}}