{"id":593444,"date":"2025-12-11T19:23:13","date_gmt":"2025-12-11T19:23:13","guid":{"rendered":"https:\/\/www.europesays.com\/fr\/593444\/"},"modified":"2025-12-11T19:23:13","modified_gmt":"2025-12-11T19:23:13","slug":"saint-genest-lerpt-etudiantes-a-tezenas-du-montcel-elles-organisent-un-spectacle-de-magie","status":"publish","type":"post","link":"https:\/\/www.europesays.com\/fr\/593444\/","title":{"rendered":"Saint-Genest-Lerpt. \u00c9tudiantes \u00e0 T\u00e9zenas-du-Montcel, elles organisent un spectacle de magie"},"content":{"rendered":"<p>Dans le cadre de leur projet annuel, Wisam Ndong et Maissa Berraki, \u00e9tudiantes en BTS SAM (brevet de technicien sup\u00e9rieur, support \u00e0 l\u2019action manag\u00e9riale) ont travaill\u00e9 \u00e0 la pr\u00e9paration d\u2019un spectacle de No\u00ebl en partenariat avec le centre de loisirs, qui apportera son appui logistique. La municipalit\u00e9 met \u00e0 disposition la salle Louis-Richard.<\/p>\n<p>Ludovic Cabut, \u00ab\u00a0presquedigitateur\u00a0\u00bb, comme il aime \u00e0 se pr\u00e9senter, intermittent du spectacle depuis dix&#8230;<\/p>\n","protected":false},"excerpt":{"rendered":"Dans le cadre de leur projet annuel, Wisam Ndong et Maissa Berraki, \u00e9tudiantes en BTS SAM (brevet de&hellip;\n","protected":false},"author":2,"featured_media":593445,"comment_status":"","ping_status":"","sticky":false,"template":"","format":"standard","meta":{"footnotes":""},"categories":[9653],"tags":[1111,11,2430,1687,7539,1777,674,1011,27,12,25,12491,4001,17929,3140],"class_list":{"0":"post-593444","1":"post","2":"type-post","3":"status-publish","4":"format-standard","5":"has-post-thumbnail","7":"category-saint-etienne","8":"tag-actu","9":"tag-actualites","10":"tag-auvergne-rhone-alpes","11":"tag-culture-loisirs","12":"tag-edition-loire-sud","13":"tag-eu","14":"tag-europe","15":"tag-fr","16":"tag-france","17":"tag-news","18":"tag-republique-francaise","19":"tag-roche-la-moliere-bassin","20":"tag-saint-etienne","21":"tag-saint-genest-lerpt","22":"tag-spectacle"},"share_on_mastodon":{"url":"https:\/\/pubeurope.com\/@fr\/115702569633581570","error":""},"_links":{"self":[{"href":"https:\/\/www.europesays.com\/fr\/wp-json\/wp\/v2\/posts\/593444","targetHints":{"allow":["GET"]}}],"collection":[{"href":"https:\/\/www.europesays.com\/fr\/wp-json\/wp\/v2\/posts"}],"about":[{"href":"https:\/\/www.europesays.com\/fr\/wp-json\/wp\/v2\/types\/post"}],"author":[{"embeddable":true,"href":"https:\/\/www.europesays.com\/fr\/wp-json\/wp\/v2\/users\/2"}],"replies":[{"embeddable":true,"href":"https:\/\/www.europesays.com\/fr\/wp-json\/wp\/v2\/comments?post=593444"}],"version-history":[{"count":0,"href":"https:\/\/www.europesays.com\/fr\/wp-json\/wp\/v2\/posts\/593444\/revisions"}],"wp:featuredmedia":[{"embeddable":true,"href":"https:\/\/www.europesays.com\/fr\/wp-json\/wp\/v2\/media\/593445"}],"wp:attachment":[{"href":"https:\/\/www.europesays.com\/fr\/wp-json\/wp\/v2\/media?parent=593444"}],"wp:term":[{"taxonomy":"category","embeddable":true,"href":"https:\/\/www.europesays.com\/fr\/wp-json\/wp\/v2\/categories?post=593444"},{"taxonomy":"post_tag","embeddable":true,"href":"https:\/\/www.europesays.com\/fr\/wp-json\/wp\/v2\/tags?post=593444"}],"curies":[{"name":"wp","href":"https:\/\/api.w.org\/{rel}","templated":true}]}}