{"id":593459,"date":"2025-12-11T19:37:15","date_gmt":"2025-12-11T19:37:15","guid":{"rendered":"https:\/\/www.europesays.com\/fr\/593459\/"},"modified":"2025-12-11T19:37:15","modified_gmt":"2025-12-11T19:37:15","slug":"insolite-cet-artiste-creer-un-livre-pop-up-pour-redecouvrir-les-lieux-emblematiques-de-rouen-en-3d","status":"publish","type":"post","link":"https:\/\/www.europesays.com\/fr\/593459\/","title":{"rendered":"Insolite. Cet artiste cr\u00e9er un livre pop-up pour (re)d\u00e9couvrir les lieux embl\u00e9matiques de Rouen en 3D"},"content":{"rendered":"<p>                    Par<br \/>\n        <strong><br \/>\n            <a href=\"https:\/\/actu.fr\/auteur\/jessie-leclerc\" title=\"Consulter tous les articles de Jessie Leclerc\" target=\"_blank\" rel=\"noopener\">Jessie Leclerc<\/a><br \/>\n                    <\/strong><\/p>\n<p>        Publi\u00e9 le<\/p>\n<p>            11 d\u00e9c. 2025 \u00e0 20h26        <\/p>\n<p>Pour cl\u00f4turer l\u2019ann\u00e9e 2025, le peintre rouennais <strong>Christophe Ronel<\/strong> s\u2019aventure hors de ses sentiers habituels. Il publie <strong>un livre pop-up<\/strong> consacr\u00e9 <a href=\"https:\/\/actu.fr\/normandie\/rouen_76540\" target=\"_blank\" rel=\"noopener\">\u00e0 Rouen (Seine-Maritime)<\/a> avec la maison d\u2019\u00e9dition Aera. \u00c0 l\u2019ouverture, l\u2019ouvrage laisse surgir <strong>des d\u00e9cors en volume<\/strong>, \u00e0 l\u2019image d\u2019une maquette en trois dimensions.<\/p>\n<p>Un projet inattendu<\/p>\n<p class=\" wall-content\">\u00c0 l\u2019origine, il y a une amiti\u00e9 entre <a href=\"https:\/\/actu.fr\/normandie\/rouen_76540\/les-couleurs-voyages-lunivers-ronel-centre-dart-la-matmut-pres-rouen_29083185.html\" target=\"_blank\" rel=\"noopener\">Christophe Ronel<\/a> et Alin Aliva, fondateur d\u2019Area. Le pop-up est une id\u00e9e de l\u2019\u00e9diteur. \u00ab\u2009Il m\u2019a propos\u00e9 et j\u2019ai tout de suite rebondi\u2009\u00bb, raconte Christophe. Et <strong>Rouen en devient le sujet principal<\/strong>. \u00ab\u2009Alin est parisien, mais il aime beaucoup la ville. Et moi, originaire d\u2019ici, m\u00eame si j\u2019ai longtemps v\u00e9cu \u00e0 Paris, j\u2019y suis tr\u00e8s attach\u00e9\u2009\u00bb, confie-t-il.<\/p>\n<p>Un voyage dans les rues de Rouen<\/p>\n<p class=\" wall-content\">Le livre s\u2019ouvre comme \u00ab\u2009un petit th\u00e9\u00e2tre de papier\u2009\u00bb, rel\u00e8ve Christophe. Page apr\u00e8s page, les rues, les fa\u00e7ades et les perspectives surgissent, <strong>en relief<\/strong>. On y retrouve la cath\u00e9drale, <a href=\"https:\/\/actu.fr\/normandie\/rouen_76540\/la-rue-damiette-une-des-plus-belles-de-rouen-mais-d-ou-vient-son-nom_59978934.html\" target=\"_blank\" rel=\"noopener\">la rue Damiette<\/a>, l\u2019A\u00eetre Saint-Maclou, les quais de Rouen et son port et bien s\u00fbr <strong>le Gros-Horloge<\/strong>, qu\u2019il n\u2019avait pas dessin\u00e9 depuis des dizaines d\u2019ann\u00e9es.<\/p>\n<p class=\" wall-content\">Et sa patte est bien retrouv\u00e9e. Il y a le dessin nomade, ces croquis r\u00e9alis\u00e9s au fil de balades, des d\u00e9cennies de carnets <a href=\"https:\/\/actu.fr\/loisirs-culture\/ou-partent-en-vacances-les-rouennais-et-les-havrais-en-cet-ete-2025_62916041.html\" target=\"_blank\" rel=\"noopener\">de voyage<\/a>. Il y a aussi les d\u00e9coupes qu\u2019il a d\u00e9j\u00e0 pratiqu\u00e9es dans certaines de ses \u0153uvres. Et ces petits personnages que l\u2019on retrouve sur les diff\u00e9rents plans, \u00ab\u2009des<strong> figures oniriques<\/strong> un peu fantastiques\u2009\u00bb, comme les d\u00e9crit Christophe.<\/p>\n<p>\u00ab\u2009Un objet fait pour fouiller\u2009\u00bb<\/p>\n<p class=\" wall-content\">Les d\u00e9cors se multiplient \u00e0 la fa\u00e7on du style \u00ab\u2009v\u00e9nitien\u2009\u00bb, avec plusieurs plans qui s\u2019\u00e9l\u00e8vent.<\/p>\n<p class=\" wall-content\">L\u2019artiste pousse<strong> le d\u00e9tail<\/strong> jusqu\u2019\u00e0 l\u2019arri\u00e8re des collages. \u00ab\u2009C\u2019est <strong>un objet fait pour fouiller<\/strong> et aller voir dans tous les coins\u2009\u00bb, sourit-il. Le lecteur circule dans des perspectives r\u00e9alistes, mais avec une petite touche toujours myst\u00e9rieuse, parfois fantasm\u00e9e.<\/p>\n<p>Vid\u00e9os : en ce moment sur Actu<\/p>\n<p class=\" wall-content\">L\u2019ouvrage peut \u00eatre pr\u00e9sent\u00e9 en carrousel, fa\u00e7on \u00e9toile ou se d\u00e9plier \u00ab\u2009en leporello\u2009\u00bb, fa\u00e7on fresque accord\u00e9on. Il est <strong>pens\u00e9 pour \u00eatre manipul\u00e9<\/strong>, jusque dans les d\u00e9tails. \u00ab\u2009Quelques portes, dont celles <a href=\"https:\/\/actu.fr\/normandie\/rouen_76540\/histoire-anecdotes-visites-tout-savoir-sur-la-cathedrale-de-rouen_57781101.html\" target=\"_blank\" rel=\"noopener\">de la cath\u00e9drale<\/a>, s\u2019ouvrent\u2009\u00bb, d\u00e9crit Christophe. Pour lui, \u00ab\u2009c\u2019est un livre \u00e0 r\u00eaver\u2009\u00bb.<\/p>\n<p>Votre r\u00e9gion, votre actu !<\/p>\n<p>Recevez chaque jour les infos qui comptent pour vous.<\/p>\n<p>\t<a href=\"https:\/\/actu.fr\/newsletter\" class=\"ac-btn ac-btn--corner ac-btn--medium ac-btn--blue800\" target=\"_blank\" rel=\"noopener\">S&rsquo;incrire<\/a><br \/>\nUn savoir-faire \u00ab\u2009assez niche\u2009\u00bb<\/p>\n<p class=\" wall-content\">Le pop-up est un art exigeant. Sa fabrication a n\u00e9cessit\u00e9 l\u2019intervention de Nicolas Codron, <strong>ing\u00e9nieur papier<\/strong>. \u00ab\u2009Ils ne sont pas nombreux, moins d\u2019une dizaine en France\u2009\u00bb, s\u2019\u00e9tonne encore l\u2019artiste.<\/p>\n<p class=\" wall-content\">Ensemble, ils ont \u00e9labor\u00e9 les m\u00e9canismes d\u2019ouverture, ajust\u00e9 les angles\u2026 \u00ab\u2009Il a fallu trouver un \u00e9quilibre entre croquis, couleurs, perforations et reliefs.\u2009\u00bb, r\u00e9sume-t-il.<\/p>\n<p class=\" wall-content\">La fabrication a ensuite \u00e9t\u00e9 confi\u00e9e \u00e0 un atelier <a href=\"https:\/\/actu.fr\/normandie\/rouen_76540\/un-nouveau-restaurant-remplace-cette-librairie-rue-cauchoise-a-rouen_62411390.html\" target=\"_blank\" rel=\"noopener\">chinois<\/a>. \u00ab\u2009L\u00e0-bas, ils ont <strong>le savoir-faire<\/strong>\u2009\u00bb, affirme Christophe.<\/p>\n<p>Un amoureux de Rouen<\/p>\n<p class=\" wall-content\">Fils de peintre, Christophe Ronel expose d\u00e8s l\u2019adolescence \u00e0 <a href=\"https:\/\/actu.fr\/normandie\/rouen_76540\/en-ouvrant-sa-galerie-a-rouen-il-passe-de-la-vente-de-voitures-au-street-art_61204236.html\" target=\"_blank\" rel=\"noopener\">la galerie<\/a> Rollin, aujourd\u2019hui partenaire du livre. Professeur<strong> agr\u00e9g\u00e9 d\u2019arts plastiques<\/strong> dans une \u00e9cole de Paris, il construit depuis cinquante ans une carri\u00e8re nourrie d\u2019expositions en France et \u00e0 l\u2019\u00e9tranger, jusqu\u2019en Cor\u00e9e.<\/p>\n<p class=\" wall-content\">Connu pour son <strong>style color\u00e9<\/strong>, entre r\u00e9el et fantastique, Christophe aime faire voyager \u00e0 travers son art. Toutefois, il n\u2019a jamais vraiment quitt\u00e9 Rouen. \u00ab\u2009Pendant le confinement, mes balades dans <a href=\"https:\/\/actu.fr\/normandie\/rouen_76540\/pourquoi-y-a-t-il-des-falaises-a-rouen-et-autour-des-boucles-de-la-seine-c-est-une-histoire-fascinante_63504834.html\" target=\"_blank\" rel=\"noopener\">les hauteurs de Mont-Saint-Aignan<\/a>, o\u00f9 je vis, ont relanc\u00e9 des notes, des dessins et des vues qui attendaient leur moment\u2009\u00bb, se rappelle-t-il.<\/p>\n<p>Un livre d\u00e9j\u00e0 remarqu\u00e9<\/p>\n<p class=\" wall-content\">Pr\u00e9sent\u00e9 au Salon du Livre Anim\u00e9 de Paris, le pop-up de Christophe a <strong>d\u00e9j\u00e0 attir\u00e9 l\u2019attention<\/strong> de sp\u00e9cialistes am\u00e9ricains du pop-up. Le livre est d\u2019ores et d\u00e9j\u00e0 disponible \u00e0 la commande. Il sera ensuite disponible <a href=\"https:\/\/actu.fr\/normandie\/rouen_76540\/cette-librairie-presente-depuis-plus-de-40-ans-sur-rouen-est-en-danger-on-n-est-pas-completement-mort_63155560.html\" target=\"_blank\" rel=\"noopener\">en librairie<\/a>, aupr\u00e8s de la maison Area, et \u00e0 la galerie Rollin.<\/p>\n<p class=\" wall-content\">Plusieurs rencontres accompagneront sa parution\u2009: le 20\u00a0d\u00e9cembre 2025, de 10h30 \u00e0 13 \u00e0 la galerie Rollin, puis de 15h \u00e0 17h \u00e0 la librairie Colbert, \u00e0 Rouen. Puis le 23\u00a0janvier 2026, de 18h \u00e0 20h \u00e0 la librairie Funambules.<\/p>\n<p class=\" wall-content\">Et ce premier pop-up <strong>pourrait \u00eatre suivi d\u2019autres<\/strong>. \u00ab\u2009Le livre-objet a ouvert quelque chose chez moi\u2009\u00bb, avoue l\u2019artiste.<\/p>\n<p>Rouen vue par\u00a0Ronel \u2013 prix public\u2009: 40\u00a0euros.<\/p>\n<p>Suivez l\u2019actualit\u00e9 de Rouen sur notre <a href=\"https:\/\/www.whatsapp.com\/channel\/0029VaKfnf99hXF2ddApFB1D\" target=\"_blank\" rel=\"noopener\">cha\u00eene WhatsApp<\/a> et sur notre <a href=\"https:\/\/www.tiktok.com\/@76actu.fr?lang=fr\" target=\"_blank\" rel=\"noopener\">compte TikTok<\/a><\/p>\n<p class=\" wall-content\">Personnalisez votre actualit\u00e9 en ajoutant vos villes et m\u00e9dias en favori avec <a href=\"https:\/\/moncompte.actu.fr\" title=\"D\u00e9couvez Mon Actu\" rel=\"nofollow noopener\" data-trk=\"{&quot;cta&quot;:{&quot;action&quot;:&quot;https:\\\/\\\/moncompte.actu.fr&quot;,&quot;category&quot;:&quot;mon compte&quot;,&quot;from&quot;:&quot;article footer&quot;,&quot;name&quot;:&quot;Mon actu&quot;,&quot;type&quot;:&quot;cta&quot;}}\" target=\"_blank\">Mon Actu<\/a>.<\/p>\n<p>                    <script async src=\"\/\/www.tiktok.com\/embed.js\"><\/script><\/p>\n","protected":false},"excerpt":{"rendered":"Par Jessie Leclerc Publi\u00e9 le 11 d\u00e9c. 2025 \u00e0 20h26 Pour cl\u00f4turer l\u2019ann\u00e9e 2025, le peintre rouennais Christophe&hellip;\n","protected":false},"author":2,"featured_media":593460,"comment_status":"","ping_status":"","sticky":false,"template":"","format":"standard","meta":{"footnotes":""},"categories":[9587],"tags":[1111,11,9086,1777,674,1011,27,1757,1380,1652,12,5161,25,9590],"class_list":{"0":"post-593459","1":"post","2":"type-post","3":"status-publish","4":"format-standard","5":"has-post-thumbnail","7":"category-rouen","8":"tag-actu","9":"tag-actualites","10":"tag-bon-plan-a-rouen","11":"tag-eu","12":"tag-europe","13":"tag-fr","14":"tag-france","15":"tag-insolite","16":"tag-livres","17":"tag-loisirs-culture","18":"tag-news","19":"tag-normandie","20":"tag-republique-francaise","21":"tag-rouen"},"share_on_mastodon":{"url":"","error":""},"_links":{"self":[{"href":"https:\/\/www.europesays.com\/fr\/wp-json\/wp\/v2\/posts\/593459","targetHints":{"allow":["GET"]}}],"collection":[{"href":"https:\/\/www.europesays.com\/fr\/wp-json\/wp\/v2\/posts"}],"about":[{"href":"https:\/\/www.europesays.com\/fr\/wp-json\/wp\/v2\/types\/post"}],"author":[{"embeddable":true,"href":"https:\/\/www.europesays.com\/fr\/wp-json\/wp\/v2\/users\/2"}],"replies":[{"embeddable":true,"href":"https:\/\/www.europesays.com\/fr\/wp-json\/wp\/v2\/comments?post=593459"}],"version-history":[{"count":0,"href":"https:\/\/www.europesays.com\/fr\/wp-json\/wp\/v2\/posts\/593459\/revisions"}],"wp:featuredmedia":[{"embeddable":true,"href":"https:\/\/www.europesays.com\/fr\/wp-json\/wp\/v2\/media\/593460"}],"wp:attachment":[{"href":"https:\/\/www.europesays.com\/fr\/wp-json\/wp\/v2\/media?parent=593459"}],"wp:term":[{"taxonomy":"category","embeddable":true,"href":"https:\/\/www.europesays.com\/fr\/wp-json\/wp\/v2\/categories?post=593459"},{"taxonomy":"post_tag","embeddable":true,"href":"https:\/\/www.europesays.com\/fr\/wp-json\/wp\/v2\/tags?post=593459"}],"curies":[{"name":"wp","href":"https:\/\/api.w.org\/{rel}","templated":true}]}}