{"id":593463,"date":"2025-12-11T19:39:13","date_gmt":"2025-12-11T19:39:13","guid":{"rendered":"https:\/\/www.europesays.com\/fr\/593463\/"},"modified":"2025-12-11T19:39:13","modified_gmt":"2025-12-11T19:39:13","slug":"municipales-2026-nadia-belaid-et-thomas-simon-designes-tetes-de-liste-pour-le-grenoble-alpes-collectif","status":"publish","type":"post","link":"https:\/\/www.europesays.com\/fr\/593463\/","title":{"rendered":"Municipales 2026. Nadia Bela\u00efd et Thomas Simon d\u00e9sign\u00e9s t\u00eates de liste pour le Grenoble Alpes Collectif"},"content":{"rendered":"<p>Le Grenoble Alpes Collectif (GAC) a choisi ses t\u00eates de liste pour les municipales de mars\u00a02026.\u00a0Nadia Bela\u00efd et Thomas Simon ont \u00e9t\u00e9 pl\u00e9biscit\u00e9s par les participants au dispositif citoyen mis en place par le collectif.<\/p>\n<p>Cette approche innovante repose sur l\u2019outil \u201cpl\u00e9biscite citoyen\u201d. Concr\u00e8tement, le pl\u00e9biscite citoyen permet aux personnes qui vivent, travaillent, \u00e9tudient ou sont engag\u00e9es \u00e0 Grenoble de proposer des personnes qu\u2019elles estiment mais qui n\u2019auraient jamais pens\u00e9 se pr\u00e9senter aux municipales de mars\u00a02026. Les participants pouvaient proposer et soutenir des candidats, qui ont ensuite \u00e9t\u00e9 d\u00e9partag\u00e9s lors de deux week-ends d\u00e9di\u00e9s, organis\u00e9s par les membres actifs du collectif. Le choix de la t\u00eate de liste s\u2019est fait ensuite, \u00e0 la suite de la s\u00e9lection de la liste, par une \u00e9lection sans candidat\u00a0!<\/p>\n","protected":false},"excerpt":{"rendered":"Le Grenoble Alpes Collectif (GAC) a choisi ses t\u00eates de liste pour les municipales de mars\u00a02026.\u00a0Nadia Bela\u00efd et&hellip;\n","protected":false},"author":2,"featured_media":593464,"comment_status":"","ping_status":"","sticky":false,"template":"","format":"standard","meta":{"footnotes":""},"categories":[9566],"tags":[1111,11,2430,112,4188,1777,674,1011,27,2731,2732,108,12,316,25],"class_list":{"0":"post-593463","1":"post","2":"type-post","3":"status-publish","4":"format-standard","5":"has-post-thumbnail","7":"category-grenoble","8":"tag-actu","9":"tag-actualites","10":"tag-auvergne-rhone-alpes","11":"tag-edition-grenoble-agglomeration","12":"tag-elections-municipales","13":"tag-eu","14":"tag-europe","15":"tag-fr","16":"tag-france","17":"tag-grenoble","18":"tag-grenoble-bassin","19":"tag-isere","20":"tag-news","21":"tag-politique","22":"tag-republique-francaise"},"share_on_mastodon":{"url":"https:\/\/pubeurope.com\/@fr\/115702632648464808","error":""},"_links":{"self":[{"href":"https:\/\/www.europesays.com\/fr\/wp-json\/wp\/v2\/posts\/593463","targetHints":{"allow":["GET"]}}],"collection":[{"href":"https:\/\/www.europesays.com\/fr\/wp-json\/wp\/v2\/posts"}],"about":[{"href":"https:\/\/www.europesays.com\/fr\/wp-json\/wp\/v2\/types\/post"}],"author":[{"embeddable":true,"href":"https:\/\/www.europesays.com\/fr\/wp-json\/wp\/v2\/users\/2"}],"replies":[{"embeddable":true,"href":"https:\/\/www.europesays.com\/fr\/wp-json\/wp\/v2\/comments?post=593463"}],"version-history":[{"count":0,"href":"https:\/\/www.europesays.com\/fr\/wp-json\/wp\/v2\/posts\/593463\/revisions"}],"wp:featuredmedia":[{"embeddable":true,"href":"https:\/\/www.europesays.com\/fr\/wp-json\/wp\/v2\/media\/593464"}],"wp:attachment":[{"href":"https:\/\/www.europesays.com\/fr\/wp-json\/wp\/v2\/media?parent=593463"}],"wp:term":[{"taxonomy":"category","embeddable":true,"href":"https:\/\/www.europesays.com\/fr\/wp-json\/wp\/v2\/categories?post=593463"},{"taxonomy":"post_tag","embeddable":true,"href":"https:\/\/www.europesays.com\/fr\/wp-json\/wp\/v2\/tags?post=593463"}],"curies":[{"name":"wp","href":"https:\/\/api.w.org\/{rel}","templated":true}]}}