{"id":593465,"date":"2025-12-11T19:40:14","date_gmt":"2025-12-11T19:40:14","guid":{"rendered":"https:\/\/www.europesays.com\/fr\/593465\/"},"modified":"2025-12-11T19:40:14","modified_gmt":"2025-12-11T19:40:14","slug":"science-audace-esprit-montagnard-grenoble-deux-siecles-dindustrie-et-dinnovation-au-pied-des-alpes","status":"publish","type":"post","link":"https:\/\/www.europesays.com\/fr\/593465\/","title":{"rendered":"Science, audace, esprit montagnard&#8230; Grenoble, deux si\u00e8cles d\u2019industrie et d\u2019innovation au pied des Alpes"},"content":{"rendered":"<p>\n    <strong>REPORTAGE <\/strong>&#8211; De la fabrication de gants \u00e0 la micro\u00e9lectronique de pointe, l\u2019histoire industrielle de la \u00abcapitale des Alpes\u00bb est celle d\u2019une France qui innove envers et contre tout.<\/p>\n<p class=\"fig-paragraph\">Lorsque\u00a0<a href=\"http:\/\/www.lefigaro.fr\/societes\/nous-avons-transporte-25-millions-de-passagers-le-tgv-jackpot-pour-la-sncf-cet-ete-20250904\" data-fig-type=\"Article\" data-gtm-custom-categorie=\"navigation\" data-gtm-custom-action=\"crossclick\" data-gtm-custom-label=\"Contextuel\" data-gtm-event=\"customEventSPE\" data-fig-domain=\"LEFIGARO\" target=\"_blank\" rel=\"noopener\">le TGV Paris-Grenoble<\/a>\u00a0s\u2019engouffre dans la montagne, son allure ralentit, la vall\u00e9e se resserre, et le voyageur a le temps d\u2019admirer, d\u2019un c\u00f4t\u00e9, les falaises du Vercors, de l\u2019autre, les sommets de la Chartreuse. C\u2019est avec le sentiment d\u2019avoir quitt\u00e9 le reste du monde\u00a0<a href=\"http:\/\/www.lefigaro.fr\/voyages\/guides\/que-faire-et-que-visiter-a-grenoble-nos-incontournables-dans-la-capitale-des-alpes-20230309\" data-fig-type=\"Article\" data-gtm-custom-categorie=\"navigation\" data-gtm-custom-action=\"crossclick\" data-gtm-custom-label=\"Contextuel\" data-gtm-event=\"customEventSPE\" data-fig-domain=\"LEFIGARO\" target=\"_blank\" rel=\"noopener\">que l\u2019on arrive \u00e0 Grenoble<\/a>. Dans ce creuset alpin se sont pourtant \u00e9crits deux cents ans d\u2019histoire industrielle et d\u2019innovation continue, qui ont valu \u00e0 la pr\u00e9fecture de l\u2019Is\u00e8re\u00a0<a href=\"http:\/\/www.lefigaro.fr\/voyages\/hotels\/a-grenoble-nos-cinq-hotels-preferes-au-pied-des-montagnes-20220819\" data-fig-type=\"Article\" data-gtm-custom-categorie=\"navigation\" data-gtm-custom-action=\"crossclick\" data-gtm-custom-label=\"Contextuel\" data-gtm-event=\"customEventSPE\" data-fig-domain=\"LEFIGARO\" target=\"_blank\" rel=\"noopener\">le surnom de \u00ab\u00a0capitale des Alpes\u00a0\u00bb<\/a>, ou encore de \u00ab\u00a0m\u00e9tropole des sciences\u00a0\u00bb.<\/p>\n<p class=\"fig-paragraph\">Aujourd\u2019hui encore, le d\u00e9partement affiche un taux record de brevets par habitant \u2013 5\u00a0% des publications scientifiques pour seulement 0,5\u00a0% de la population fran\u00e7aise \u2013 et conserve 16,8\u00a0% d\u2019emplois industriels, soit 4 points de plus que la moyenne nationale, majoritairement dans des secteurs de pointe comme la micro\u00e9lectronique, les biotechnologies ou les technologies quantiques. Sur les bords de l\u2019Is\u00e8re, l\u2019industrie n\u2019est pas qu\u2019un souvenir\u00a0: c\u2019est\u2026<\/p>\n<p class=\"fig-premium-paywall__infos\">\n        Cet article est r\u00e9serv\u00e9 aux abonn\u00e9s.        Il vous reste 94% \u00e0 d\u00e9couvrir.\n    <\/p>\n<p>                <img  data- alt=\"Le Figaro\" class=\"fig-img--complete fig-img\"\/><\/p>\n<p class=\"fig-premium-paywall__title\">Vente Flash<\/p>\n<p class=\"fig-premium-paywall__subtitle\">-50% sur l&rsquo;abonnement num\u00e9rique<\/p>\n<p class=\"fig-premium-paywall__connect\">\n                D\u00e9j\u00e0 abonn\u00e9\u00a0?                <a class=\"fig-premium-paywall__connect-link\" href=\"https:\/\/connect.lefigaro.fr\/login?client=horizon_web&amp;type=main&amp;redirect_uri=https%3A%2F%2Fwww.lefigaro.fr%2F200ans%2Fscience-audace-esprit-montagnard-grenoble-deux-siecles-d-industrie-et-d-innovation-au-pied-des-alpes-20251211\" data-js-gtm=\"{&quot;customCategorie&quot;: &quot;conversion&quot;, &quot;customAction&quot;: &quot;before_Landing_Connexion_paywall_auto&quot;, &quot;customLabel&quot;: &quot;bGVmaWdhcm8uZnJfXzFmMGIzM2VjLTJjMzQtNjc3Ni1hYTM3LThmNWUzOGZhZDdkZV9fQXJ0aWNsZQ==_Science, audace, esprit montagnard... Grenoble, deux si\u00e8cles d\u2019industrie et d\u2019innovation au pied des Alpes_458&quot;, &quot;customIDSPE&quot;: &quot;bGVmaWdhcm8uZnJfXzFmMGIzM2VjLTJjMzQtNjc3Ni1hYTM3LThmNWUzOGZhZDdkZV9fQXJ0aWNsZQ==&quot;, &quot;event&quot;: &quot;customEventSPE&quot;}\" target=\"_blank\" rel=\"noopener\"><br \/>\n                    Connectez-vous<br \/>\n                <\/a>\n            <\/p>\n","protected":false},"excerpt":{"rendered":"REPORTAGE &#8211; De la fabrication de gants \u00e0 la micro\u00e9lectronique de pointe, l\u2019histoire industrielle de la \u00abcapitale des&hellip;\n","protected":false},"author":2,"featured_media":593466,"comment_status":"","ping_status":"","sticky":false,"template":"","format":"standard","meta":{"footnotes":""},"categories":[9566],"tags":[1111,11,2430,891,1777,674,1011,27,2731,5701,12,25],"class_list":{"0":"post-593465","1":"post","2":"type-post","3":"status-publish","4":"format-standard","5":"has-post-thumbnail","7":"category-grenoble","8":"tag-actu","9":"tag-actualites","10":"tag-auvergne-rhone-alpes","11":"tag-batterie","12":"tag-eu","13":"tag-europe","14":"tag-fr","15":"tag-france","16":"tag-grenoble","17":"tag-innovation","18":"tag-news","19":"tag-republique-francaise"},"share_on_mastodon":{"url":"https:\/\/pubeurope.com\/@fr\/115702636568056436","error":""},"_links":{"self":[{"href":"https:\/\/www.europesays.com\/fr\/wp-json\/wp\/v2\/posts\/593465","targetHints":{"allow":["GET"]}}],"collection":[{"href":"https:\/\/www.europesays.com\/fr\/wp-json\/wp\/v2\/posts"}],"about":[{"href":"https:\/\/www.europesays.com\/fr\/wp-json\/wp\/v2\/types\/post"}],"author":[{"embeddable":true,"href":"https:\/\/www.europesays.com\/fr\/wp-json\/wp\/v2\/users\/2"}],"replies":[{"embeddable":true,"href":"https:\/\/www.europesays.com\/fr\/wp-json\/wp\/v2\/comments?post=593465"}],"version-history":[{"count":0,"href":"https:\/\/www.europesays.com\/fr\/wp-json\/wp\/v2\/posts\/593465\/revisions"}],"wp:featuredmedia":[{"embeddable":true,"href":"https:\/\/www.europesays.com\/fr\/wp-json\/wp\/v2\/media\/593466"}],"wp:attachment":[{"href":"https:\/\/www.europesays.com\/fr\/wp-json\/wp\/v2\/media?parent=593465"}],"wp:term":[{"taxonomy":"category","embeddable":true,"href":"https:\/\/www.europesays.com\/fr\/wp-json\/wp\/v2\/categories?post=593465"},{"taxonomy":"post_tag","embeddable":true,"href":"https:\/\/www.europesays.com\/fr\/wp-json\/wp\/v2\/tags?post=593465"}],"curies":[{"name":"wp","href":"https:\/\/api.w.org\/{rel}","templated":true}]}}