{"id":593467,"date":"2025-12-11T19:41:14","date_gmt":"2025-12-11T19:41:14","guid":{"rendered":"https:\/\/www.europesays.com\/fr\/593467\/"},"modified":"2025-12-11T19:41:14","modified_gmt":"2025-12-11T19:41:14","slug":"sept-communes-dille-et-vilaine-traversees-par-des-tracteurs-decores","status":"publish","type":"post","link":"https:\/\/www.europesays.com\/fr\/593467\/","title":{"rendered":"sept communes d&rsquo;Ille-et-Vilaine travers\u00e9es par des tracteurs d\u00e9cor\u00e9s"},"content":{"rendered":"<p>                    Par<br \/>\n        <strong><br \/>\n            <a href=\"https:\/\/actu.fr\/auteur\/journaliste-pm\" title=\"Consulter tous les articles de R\u00e9daction Saint-Malo\" target=\"_blank\" rel=\"noopener\">R\u00e9daction Saint-Malo<\/a><br \/>\n                    <\/strong><\/p>\n<p>        Publi\u00e9 le<\/p>\n<p>            11 d\u00e9c. 2025 \u00e0 18h49        <\/p>\n<p>Organis\u00e9e par les Jeunes Agriculteurs (JA) du canton de <a href=\"https:\/\/actu.fr\/bretagne\/tinteniac_35337\" target=\"_blank\" rel=\"noopener\">Tint\u00e9niac<\/a> (Ille-et-Vilaine), la 2e \u00e9dition de la Parade de No\u00ebl se d\u00e9roulera samedi 13 d\u00e9cembre 2025.\u00a0<\/p>\n<p>\u00ab\u00a0Un d\u00e9fil\u00e9 de tracteurs d\u00e9cor\u00e9s et illumin\u00e9s\u00a0\u00bb<\/p>\n<p class=\" wall-content\">\u00ab Il s\u2019agit d\u2019un d\u00e9fil\u00e9 de tracteurs d\u00e9cor\u00e9s et illumin\u00e9s. Une vingtaine de v\u00e9hicules participeront pour remplir les yeux d\u2019\u00e9toiles des petits et des grands \u00bb, explique Rohan Pinault, pr\u00e9sident des JA du canton de Tint\u00e9niac.<\/p>\n<p class=\" wall-content\">La procession prendra son d\u00e9part \u00e0 Tint\u00e9niac \u00e0 18h.<\/p>\n<p class=\" wall-content\">Elle passera par :<\/p>\n<ul class=\" wall-content\">\n<li><a href=\"https:\/\/actu.fr\/bretagne\/la-baussaine_35017\" target=\"_blank\" rel=\"noopener\">La Baussaine<\/a> \u00e0 18 h 40<\/li>\n<li>Longaulnay \u00e0 19 h Saint-Thual \u00e0 19 h 20<\/li>\n<li>Trimer \u00e0 19 h 40<\/li>\n<li>L\u2019arriv\u00e9e se fera \u00e0 Saint-Domineuc, sur le parking du Grand Clos vers 20 h.<\/li>\n<\/ul>\n<p>Un nouveau parcours<\/p>\n<p class=\" wall-content\">\u00ab C\u2019est un nouveau parcours par rapport \u00e0 l\u2019an dernier et ce seront des passages, pas des arr\u00eats \u00bb, pr\u00e9cise le pr\u00e9sident. Une restauration avec galettes saucisse et cr\u00eapes, buvette et vin chaud, sera disponible sur place.<\/p>\n<p>Vid\u00e9os : en ce moment sur Actu<\/p>\n<p class=\" wall-content\">\u00ab Les b\u00e9n\u00e9fices seront revers\u00e9s \u00e0 l\u2019association Ty Lylou et son Angelman, cr\u00e9\u00e9e pour am\u00e9liorer le quotidien de la petite Lylou face \u00e0 son handicap et participer aux frais qui la concernent \u00bb, souligne Rohan Pinault, qui poursuit : \u00ab L\u2019an dernier, nous avons aid\u00e9 l\u2019association MAEL. Nous voulions de nouveau aider une association qui aide un enfant atteint d\u2019une maladie ou d\u2019un handicap. Cette animation a aussi pour but de communiquer sur nos activit\u00e9s. \u00bb<\/p>\n<p class=\" wall-content\">En ao\u00fbt\u00a02026, la commune de<a href=\"https:\/\/actu.fr\/bretagne\/saint-domineuc_35265\" target=\"_blank\" rel=\"noopener\"> Saint-Domineuc<\/a> accueillera le comice agricole<\/p>\n<p>Votre r\u00e9gion, votre actu !<\/p>\n<p>Recevez chaque jour les infos qui comptent pour vous.<\/p>\n<p>\t<a href=\"https:\/\/actu.fr\/newsletter\" class=\"ac-btn ac-btn--corner ac-btn--medium ac-btn--blue800\" target=\"_blank\" rel=\"noopener\">S&rsquo;incrire<\/a><\/p>\n<p>Samedi 13\u00a0d\u00e9cembre, \u00e0 partir de 18 h, arriv\u00e9e au Grand Clos de Saint-Domineuc vers 20 h, gratuit, ouvert \u00e0 tous.<\/p>\n<p class=\" wall-content\">Personnalisez votre actualit\u00e9 en ajoutant vos villes et m\u00e9dias en favori avec <a href=\"https:\/\/moncompte.actu.fr\" title=\"D\u00e9couvez Mon Actu\" rel=\"nofollow noopener\" data-trk=\"{&quot;cta&quot;:{&quot;action&quot;:&quot;https:\\\/\\\/moncompte.actu.fr&quot;,&quot;category&quot;:&quot;mon compte&quot;,&quot;from&quot;:&quot;article footer&quot;,&quot;name&quot;:&quot;Mon actu&quot;,&quot;type&quot;:&quot;cta&quot;}}\" target=\"_blank\">Mon Actu<\/a>.<\/p>\n","protected":false},"excerpt":{"rendered":"Par R\u00e9daction Saint-Malo Publi\u00e9 le 11 d\u00e9c. 2025 \u00e0 18h49 Organis\u00e9e par les Jeunes Agriculteurs (JA) du canton&hellip;\n","protected":false},"author":2,"featured_media":593468,"comment_status":"","ping_status":"","sticky":false,"template":"","format":"standard","meta":{"footnotes":""},"categories":[2821],"tags":[1111,11,327,1063,829,1777,674,1011,27,1652,12,15830,584,25],"class_list":{"0":"post-593467","1":"post","2":"type-post","3":"status-publish","4":"format-standard","5":"has-post-thumbnail","7":"category-rennes","8":"tag-actu","9":"tag-actualites","10":"tag-agriculture","11":"tag-animations","12":"tag-bretagne","13":"tag-eu","14":"tag-europe","15":"tag-fr","16":"tag-france","17":"tag-loisirs-culture","18":"tag-news","19":"tag-noel","20":"tag-rennes","21":"tag-republique-francaise"},"share_on_mastodon":{"url":"https:\/\/pubeurope.com\/@fr\/115702640470474219","error":""},"_links":{"self":[{"href":"https:\/\/www.europesays.com\/fr\/wp-json\/wp\/v2\/posts\/593467","targetHints":{"allow":["GET"]}}],"collection":[{"href":"https:\/\/www.europesays.com\/fr\/wp-json\/wp\/v2\/posts"}],"about":[{"href":"https:\/\/www.europesays.com\/fr\/wp-json\/wp\/v2\/types\/post"}],"author":[{"embeddable":true,"href":"https:\/\/www.europesays.com\/fr\/wp-json\/wp\/v2\/users\/2"}],"replies":[{"embeddable":true,"href":"https:\/\/www.europesays.com\/fr\/wp-json\/wp\/v2\/comments?post=593467"}],"version-history":[{"count":0,"href":"https:\/\/www.europesays.com\/fr\/wp-json\/wp\/v2\/posts\/593467\/revisions"}],"wp:featuredmedia":[{"embeddable":true,"href":"https:\/\/www.europesays.com\/fr\/wp-json\/wp\/v2\/media\/593468"}],"wp:attachment":[{"href":"https:\/\/www.europesays.com\/fr\/wp-json\/wp\/v2\/media?parent=593467"}],"wp:term":[{"taxonomy":"category","embeddable":true,"href":"https:\/\/www.europesays.com\/fr\/wp-json\/wp\/v2\/categories?post=593467"},{"taxonomy":"post_tag","embeddable":true,"href":"https:\/\/www.europesays.com\/fr\/wp-json\/wp\/v2\/tags?post=593467"}],"curies":[{"name":"wp","href":"https:\/\/api.w.org\/{rel}","templated":true}]}}