{"id":593479,"date":"2025-12-11T19:47:14","date_gmt":"2025-12-11T19:47:14","guid":{"rendered":"https:\/\/www.europesays.com\/fr\/593479\/"},"modified":"2025-12-11T19:47:14","modified_gmt":"2025-12-11T19:47:14","slug":"un-autre-marche-de-noel-a-nantes-dedie-a-la-seconde-main","status":"publish","type":"post","link":"https:\/\/www.europesays.com\/fr\/593479\/","title":{"rendered":"Un \u00ab\u00a0Autre\u00a0\u00bb March\u00e9 de No\u00ebl \u00e0 Nantes d\u00e9di\u00e9 \u00e0 la seconde main"},"content":{"rendered":"<p>                            <strong>Bient\u00f4t No\u00ebl et le retour du casse-t\u00eate pour d\u00e9nicher le cadeau parfait pour ses proches. La seconde main peut \u00e9galement s\u2019inviter sous le sapin, c\u2019est l\u2019ADN de \u00ab\u00a0L\u2019Autre march\u00e9\u00a0\u00bb jusqu\u2019au 23 d\u00e9cembre \u00e0 Nantes.<\/strong><\/p>\n<p>L\u2019Autre March\u00e9 des Ecossolies est revenu cette ann\u00e9e dans le paysage nantais au moment des f\u00eates. Il est install\u00e9 sur l\u2019esplanade du Carr\u00e9 Feydeau dans le centre-ville nantais. Tourn\u00e9e vers l\u2019Economie Sociale et Solidaire, il met en avant les produits de seconde main mais \u00e9galement l\u2019insertion, la coop\u00e9ration et la solidarit\u00e9. Environ 100 000 personnes se pressent tous les ans dans ses all\u00e9es\u00a0<\/p>\n<p>Ouvert il y a 2 semaines, ce <strong><a href=\"https:\/\/hellogazettenantes.fr\/marches-de-noel-ou-se-rendre-dans-nantes-et-les-environs\/\" target=\"_blank\" rel=\"noopener\">march\u00e9 de No\u00ebl<\/a><\/strong> repose sur un espace de vente d\u00e9di\u00e9 aux jouets, jeux de soci\u00e9t\u00e9, \u00e0 la mode, \u00e0 la d\u00e9co ou encore aux livres. Recycleries, ressourceries et friperies locales se relaient durant toute cette p\u00e9riode.\u00a0<\/p>\n<p style=\"text-align: center;\">Infos compl\u00e9mentaires :<\/p>\n<p style=\"text-align: center;\">Tous les jours de 11h \u00e0 20h, vendredi et samedi de 11h \u00e0 21h<\/p>\n<p style=\"text-align: center;\">Photo : Affiche L\u2019Autre March\u00e9 2025<\/p>\n<p><img decoding=\"async\" alt=\"Advertisement\" src=\"data:image\/svg+xml,%3Csvg%20xmlns=\" http:=\"\" data-lazy-src=\"https:\/\/www.europesays.com\/fr\/wp-content\/uploads\/2025\/04\/Application-mobile-hello-gazette-nantes.gif\"\/><\/p>\n","protected":false},"excerpt":{"rendered":"Bient\u00f4t No\u00ebl et le retour du casse-t\u00eate pour d\u00e9nicher le cadeau parfait pour ses proches. La seconde main&hellip;\n","protected":false},"author":2,"featured_media":593480,"comment_status":"","ping_status":"","sticky":false,"template":"","format":"standard","meta":{"footnotes":""},"categories":[2818],"tags":[1111,11,1777,674,1011,27,766,12,2636,25],"class_list":{"0":"post-593479","1":"post","2":"type-post","3":"status-publish","4":"format-standard","5":"has-post-thumbnail","7":"category-nantes","8":"tag-actu","9":"tag-actualites","10":"tag-eu","11":"tag-europe","12":"tag-fr","13":"tag-france","14":"tag-nantes","15":"tag-news","16":"tag-pays-de-la-loire","17":"tag-republique-francaise"},"share_on_mastodon":{"url":"https:\/\/pubeurope.com\/@fr\/115702664070891132","error":""},"_links":{"self":[{"href":"https:\/\/www.europesays.com\/fr\/wp-json\/wp\/v2\/posts\/593479","targetHints":{"allow":["GET"]}}],"collection":[{"href":"https:\/\/www.europesays.com\/fr\/wp-json\/wp\/v2\/posts"}],"about":[{"href":"https:\/\/www.europesays.com\/fr\/wp-json\/wp\/v2\/types\/post"}],"author":[{"embeddable":true,"href":"https:\/\/www.europesays.com\/fr\/wp-json\/wp\/v2\/users\/2"}],"replies":[{"embeddable":true,"href":"https:\/\/www.europesays.com\/fr\/wp-json\/wp\/v2\/comments?post=593479"}],"version-history":[{"count":0,"href":"https:\/\/www.europesays.com\/fr\/wp-json\/wp\/v2\/posts\/593479\/revisions"}],"wp:featuredmedia":[{"embeddable":true,"href":"https:\/\/www.europesays.com\/fr\/wp-json\/wp\/v2\/media\/593480"}],"wp:attachment":[{"href":"https:\/\/www.europesays.com\/fr\/wp-json\/wp\/v2\/media?parent=593479"}],"wp:term":[{"taxonomy":"category","embeddable":true,"href":"https:\/\/www.europesays.com\/fr\/wp-json\/wp\/v2\/categories?post=593479"},{"taxonomy":"post_tag","embeddable":true,"href":"https:\/\/www.europesays.com\/fr\/wp-json\/wp\/v2\/tags?post=593479"}],"curies":[{"name":"wp","href":"https:\/\/api.w.org\/{rel}","templated":true}]}}