{"id":593487,"date":"2025-12-11T19:51:13","date_gmt":"2025-12-11T19:51:13","guid":{"rendered":"https:\/\/www.europesays.com\/fr\/593487\/"},"modified":"2025-12-11T19:51:13","modified_gmt":"2025-12-11T19:51:13","slug":"une-architecte-toulousaine-primee-au-prix-des-femmes-architectes","status":"publish","type":"post","link":"https:\/\/www.europesays.com\/fr\/593487\/","title":{"rendered":"Une architecte toulousaine prim\u00e9e au Prix des Femmes Architectes"},"content":{"rendered":"<p>Le 15\u00a0d\u00e9cembre 2025, la Toulousaine Ana\u00efs Magnabal recevra son prix de l\u2019\u0153uvre originale 2025 lors des prix des femmes architectes. La maison qu\u2019elle a r\u00e9alis\u00e9e (Maison COB) entre 2019 et 2022 est une maison de ville, avec une architecture toulousaine, de 100 m\u00e8tres carr\u00e9s, qu\u2019elle a revisit\u00e9e. Cette maison \u00ab\u00a0conjugue mat\u00e9rialit\u00e9 locale, ing\u00e9niosit\u00e9 climatique et recherche formelle au sein d\u2019un tissu urbain dense\u00a0\u00bb.<\/p>\n<p>Ana\u00efs Magnabal est fille d\u2019un artisan ma\u00e7on-pl\u00e2trier et revendique son approche de terrain. Apr\u00e8s cinq ans en temps que cheffe de projet en \u00e9quipements publics d\u2019envergure, elle fonde son agence \u00e0 Toulouse en 2019. Depuis 2020, elle enseigne la conception architectural \u00e0 l\u2019Ensa Toulouse.<\/p>\n<p>Ces prix ont pour but d\u2019encourager la parit\u00e9 dans une profession historiquement masculine. Il peuvent aussi donner des mod\u00e8les inspirant aux jeunes g\u00e9n\u00e9rations.<\/p>\n","protected":false},"excerpt":{"rendered":"Le 15\u00a0d\u00e9cembre 2025, la Toulousaine Ana\u00efs Magnabal recevra son prix de l\u2019\u0153uvre originale 2025 lors des prix des&hellip;\n","protected":false},"author":2,"featured_media":373637,"comment_status":"","ping_status":"","sticky":false,"template":"","format":"standard","meta":{"footnotes":""},"categories":[2816],"tags":[1111,11,1350,58916,1777,674,1011,27,12,2680,25,2312],"class_list":{"0":"post-593487","1":"post","2":"type-post","3":"status-publish","4":"format-standard","5":"has-post-thumbnail","7":"category-toulouse","8":"tag-actu","9":"tag-actualites","10":"tag-architecture","11":"tag-egalite-professionnelle","12":"tag-eu","13":"tag-europe","14":"tag-fr","15":"tag-france","16":"tag-news","17":"tag-occitanie","18":"tag-republique-francaise","19":"tag-toulouse"},"share_on_mastodon":{"url":"https:\/\/pubeurope.com\/@fr\/115702680000980658","error":""},"_links":{"self":[{"href":"https:\/\/www.europesays.com\/fr\/wp-json\/wp\/v2\/posts\/593487","targetHints":{"allow":["GET"]}}],"collection":[{"href":"https:\/\/www.europesays.com\/fr\/wp-json\/wp\/v2\/posts"}],"about":[{"href":"https:\/\/www.europesays.com\/fr\/wp-json\/wp\/v2\/types\/post"}],"author":[{"embeddable":true,"href":"https:\/\/www.europesays.com\/fr\/wp-json\/wp\/v2\/users\/2"}],"replies":[{"embeddable":true,"href":"https:\/\/www.europesays.com\/fr\/wp-json\/wp\/v2\/comments?post=593487"}],"version-history":[{"count":0,"href":"https:\/\/www.europesays.com\/fr\/wp-json\/wp\/v2\/posts\/593487\/revisions"}],"wp:featuredmedia":[{"embeddable":true,"href":"https:\/\/www.europesays.com\/fr\/wp-json\/wp\/v2\/media\/373637"}],"wp:attachment":[{"href":"https:\/\/www.europesays.com\/fr\/wp-json\/wp\/v2\/media?parent=593487"}],"wp:term":[{"taxonomy":"category","embeddable":true,"href":"https:\/\/www.europesays.com\/fr\/wp-json\/wp\/v2\/categories?post=593487"},{"taxonomy":"post_tag","embeddable":true,"href":"https:\/\/www.europesays.com\/fr\/wp-json\/wp\/v2\/tags?post=593487"}],"curies":[{"name":"wp","href":"https:\/\/api.w.org\/{rel}","templated":true}]}}