{"id":593488,"date":"2025-12-11T19:52:12","date_gmt":"2025-12-11T19:52:12","guid":{"rendered":"https:\/\/www.europesays.com\/fr\/593488\/"},"modified":"2025-12-11T19:52:12","modified_gmt":"2025-12-11T19:52:12","slug":"les-enjeux-de-la-deuxieme-journee","status":"publish","type":"post","link":"https:\/\/www.europesays.com\/fr\/593488\/","title":{"rendered":"les enjeux de la deuxi\u00e8me journ\u00e9e"},"content":{"rendered":"<p>L\u2019UBB et Toulouse veulent engrange&#8230;<\/p>\n<p>L\u2019UBB et Toulouse veulent engranger<\/p>\n<p>Apr\u00e8s sa belle victoire bonifi\u00e9e chez les Bulls (33-46), l\u2019Union Bordeaux-B\u00e8gles a l\u2019occasion d\u2019encha\u00eener ce samedi (18\u00a0h\u00a030) face aux Scarlets de Llanelli. L\u2019objectif est toujours de faire le plein pour se m\u00e9nager une phase finale \u00e0 domicile. A priori, son adversaire gallois ne lui posera pas trop de probl\u00e8mes\u00a0: il s\u2019est inclin\u00e9 \u00e0 domicile contre Bristol samedi dernier (16-17) et occupe la derni\u00e8re place de l\u2019URC. Maxime Lucu, Nicolas Depoortere, Maxime Lamothe et Cameron Woki <a href=\"https:\/\/www.sudouest.fr\/sport\/rugby\/bordeaux-begles\/champions-cup-l-ubb-se-passera-de-cinq-internationaux-face-aux-scarlets-27047557.php\" target=\"_blank\" rel=\"follow noopener\">sont laiss\u00e9s au repos<\/a>.<\/p>\n<p>Le Stade Toulousain, qui a engrang\u00e9 cinq points face aux Sharks (56-19), nourrit la m\u00eame ambition que l\u2019UBB. Son d\u00e9placement \u00e0 Glasgow <a href=\"https:\/\/www.sudouest.fr\/sport\/champions-cup-toulouse-dit-avoir-l-esprit-a-glasgow-27014725.php\" target=\"_blank\" rel=\"follow noopener\">s\u2019annonce toutefois plus p\u00e9rilleux<\/a>, et pas en raison du terrain synth\u00e9tique qui les y attend. Les Warriors, victorieux \u00e0 Sale (21-26), comptent dans leurs rangs de nombreux joueurs de la s\u00e9lection \u00e9cossaise, m\u00eame si l\u2019excellent centre Huw Jones est bless\u00e9. C\u00f4t\u00e9 rouge et noir, Romain Ntamack et Jack Willis devraient faire leur retour dans l\u2019\u00e9quipe de d\u00e9part.<\/p>\n<p>La jeunesse rochelaise au d\u00e9fi des Stormers<\/p>\n<p>Entre les joueurs bless\u00e9s (Le Garrec, Skelton, Favre, West, Nowell, Lavault, Seuteni, Boudehent, Bourgarit, Cancoriet, Danty, Haddad-Victor, Lagivala), ceux laiss\u00e9s au repos (Alldritt, Jegou, Niniashvili) et le suspendu (Hastoy), c\u2019est peu dire que le Stade Rochelais, victorieux de Leicester (39-20), n\u2019aura pas toutes ses armes \u00e0 disposition pour faire face aux Stormers samedi (14\u00a0heures). Il a fait le d\u00e9placement en Afrique du Sud avec de nombreux \u00e9l\u00e9ments venus des Espoirs.<\/p>\n<p>Incongruit\u00e9 du calendrier, les deux \u00e9quipes s\u2019affrontent en Afrique du Sud alors que les Stormers \u00e9taient \u00e0 Bayonne le week-end dernier. La t\u00e2che s\u2019annonce d\u00e9cid\u00e9ment ardue pour r\u00e9sister \u00e0 l\u2019actuel leader de l\u2019URC (six victoires en six matchs) qui pourrait bien enregistrer les retours de sa charni\u00e8re internationale Cobus Reinach &#8211; Sacha Feinberg Mngomezulu. Pour les Maritimes, la rencontre de Top\u00a014 face \u00e0 Bayonne, une semaine plus tard, sera bien plus importante.<\/p>\n<p>Bayonne et Pau sans grande pression<\/p>\n<p>Apr\u00e8s avoir compt\u00e9 presque une feuille de match sur le flanc contre les Stormers (17-26), avec notamment 19\u00a0bless\u00e9s, le manager bayonnais Gr\u00e9gory Patat va pouvoir compter <a href=\"https:\/\/www.sudouest.fr\/sport\/rugby\/aviron-bayonnais\/aviron-bayonnais-il-n-a-vraiment-pas-ete-marrant-26999789.php\" target=\"_blank\" rel=\"follow noopener\">sur le retour de vacances<\/a> d\u2019Esteban Capilla, Emerick Setiano et Sireli Maqala pour le d\u00e9placement chez les Harlequins dimanche (14\u00a0heures). En face, ils trouveront notamment les internationaux anglais Fin Baxter, Alex Dombrandt et Marcus Smith, ou l\u2019ancien deuxi\u00e8me ligne de l\u2019UBB Guido Petti.<\/p>\n<p>Domin\u00e9e d\u2019entr\u00e9e au Hameau par Northampton (27-35), la Section Paloise n\u2019a pas fait de cette Champions Cup un objectif comptable, et pr\u00e9f\u00e8re se focaliser sur son objectif des phases finales de Top\u00a014. La red\u00e9couverte de la grande comp\u00e9tition europ\u00e9enne se poursuit dimanche (18\u00a0h\u00a030) chez les Bristol Bears d\u2019Ellis Genge, Louis Rees-Zammit et Kalaveti Ravouvou. Les B\u00e9arnais, qui devraient faire tourner, <a href=\"https:\/\/www.sudouest.fr\/sport\/rugby\/section-paloise\/section-paloise-julian-montoya-et-jack-maddocks-manqueront-plusieurs-semaines-de-competition-27059936.php\" target=\"_blank\" rel=\"follow noopener\">sont priv\u00e9s de Julian Montoya et Jack Maddocks pour une longue dur\u00e9e<\/a>.<\/p>\n<p>Toulon, Castres et Clermont au rattrapage<\/p>\n<p>Toulon, battu \u00e0 Edimbourg (33-20), aura fort \u00e0 faire pour se remettre dans le bon sens. Il accueille Bath, champion d\u2019Angleterre en titre, leader de Premiership et qui vient de surclasser le Munster (40-14). De nombreux internationaux anglais figurent parmi les co\u00e9quipiers de Finn Russell. Mais le pilier droit Will Stuart (53\u00a0s\u00e9lections) s\u2019est gravement bless\u00e9 au tendon d\u2019Achille. Le RCT enregistre le retour de son capitaine Charles Ollivon et de son ailier Setariki Tuicuvu, mais devra faire sans Melvyn Jaminet, touch\u00e9 \u00e0 la main.<\/p>\n<p>Quart de finaliste l\u2019an pass\u00e9, Castres s\u2019est inclin\u00e9 \u00e0 Gloucester (34-14) et doit r\u00e9agir face \u00e0 Edimbourg dimanche (14\u00a0heures) s\u2019il veut entretenir l\u2019espoir de r\u00e9\u00e9diter la m\u00eame performance. Idem pour Clermont, balay\u00e9 par les Saracens (47-10) et qui voudra afficher un visage plus conqu\u00e9rant contre Sale (samedi\u00a016\u00a0h\u00a015).<\/p>\n","protected":false},"excerpt":{"rendered":"L\u2019UBB et Toulouse veulent engrange&#8230; L\u2019UBB et Toulouse veulent engranger Apr\u00e8s sa belle victoire bonifi\u00e9e chez les Bulls&hellip;\n","protected":false},"author":2,"featured_media":593489,"comment_status":"","ping_status":"","sticky":false,"template":"","format":"standard","meta":{"footnotes":""},"categories":[2816],"tags":[1111,11,1777,674,1011,27,12,2680,25,2312],"class_list":{"0":"post-593488","1":"post","2":"type-post","3":"status-publish","4":"format-standard","5":"has-post-thumbnail","7":"category-toulouse","8":"tag-actu","9":"tag-actualites","10":"tag-eu","11":"tag-europe","12":"tag-fr","13":"tag-france","14":"tag-news","15":"tag-occitanie","16":"tag-republique-francaise","17":"tag-toulouse"},"share_on_mastodon":{"url":"https:\/\/pubeurope.com\/@fr\/115702683807694640","error":""},"_links":{"self":[{"href":"https:\/\/www.europesays.com\/fr\/wp-json\/wp\/v2\/posts\/593488","targetHints":{"allow":["GET"]}}],"collection":[{"href":"https:\/\/www.europesays.com\/fr\/wp-json\/wp\/v2\/posts"}],"about":[{"href":"https:\/\/www.europesays.com\/fr\/wp-json\/wp\/v2\/types\/post"}],"author":[{"embeddable":true,"href":"https:\/\/www.europesays.com\/fr\/wp-json\/wp\/v2\/users\/2"}],"replies":[{"embeddable":true,"href":"https:\/\/www.europesays.com\/fr\/wp-json\/wp\/v2\/comments?post=593488"}],"version-history":[{"count":0,"href":"https:\/\/www.europesays.com\/fr\/wp-json\/wp\/v2\/posts\/593488\/revisions"}],"wp:featuredmedia":[{"embeddable":true,"href":"https:\/\/www.europesays.com\/fr\/wp-json\/wp\/v2\/media\/593489"}],"wp:attachment":[{"href":"https:\/\/www.europesays.com\/fr\/wp-json\/wp\/v2\/media?parent=593488"}],"wp:term":[{"taxonomy":"category","embeddable":true,"href":"https:\/\/www.europesays.com\/fr\/wp-json\/wp\/v2\/categories?post=593488"},{"taxonomy":"post_tag","embeddable":true,"href":"https:\/\/www.europesays.com\/fr\/wp-json\/wp\/v2\/tags?post=593488"}],"curies":[{"name":"wp","href":"https:\/\/api.w.org\/{rel}","templated":true}]}}