{"id":593492,"date":"2025-12-11T19:54:17","date_gmt":"2025-12-11T19:54:17","guid":{"rendered":"https:\/\/www.europesays.com\/fr\/593492\/"},"modified":"2025-12-11T19:54:17","modified_gmt":"2025-12-11T19:54:17","slug":"ayyoub-bouaddi-et-un-ex-plombent-lille-c3-j6-young-boys-lille-1-0","status":"publish","type":"post","link":"https:\/\/www.europesays.com\/fr\/593492\/","title":{"rendered":"Ayyoub Bouaddi et un ex plombent Lille &#8211; C3 &#8211; J6 &#8211; Young Boys-Lille (1-0)"},"content":{"rendered":"<p>\t\t\t<strong>\u00a0<img decoding=\"async\" loading=\"lazy\" class=\"blason blason-petit\" src=\"https:\/\/www.europesays.com\/fr\/wp-content\/uploads\/2025\/12\/young-boys.jpg\"\/> Young Boys 1-0 Lille <img decoding=\"async\" loading=\"lazy\" class=\"blason blason-petit\" src=\"https:\/\/www.europesays.com\/fr\/wp-content\/uploads\/2025\/12\/lille.jpg\"\/>\u00a0<\/strong><\/p>\n<p>But : Males (60e)\u00a0<\/p>\n<p>Il paraissait tellement parfait\u2026<\/p>\n<p>Ultra pr\u00e9coce sur le terrain et brillant dans les \u00e9tudes, Ayyoub Bouaddi a foir\u00e9 sa soir\u00e9e ce jeudi : lors de la sixi\u00e8me journ\u00e9e de phase de poule d\u2019Europa League, le joueur de dix-huit ans a provoqu\u00e9 un penalty et \u00e9t\u00e9 expuls\u00e9 \u00e0 la demi-heure de jeu pour un ceinturage sur Alan Virginius dans la surface de r\u00e9paration. Heureusement pour Lille et h\u00e9las pour les Young Boys, Berke \u00d6zer a repouss\u00e9 la tentative de Chris\u00a0B\u00e9dia en <a target=\"_blank\" href=\"https:\/\/www.sofoot.com\/articles\/ligue-europa-berke-ozer-lille-trois-arrets-pour-leternite-a-rome\" rel=\"noopener\">bon sp\u00e9cialiste de penalty<\/a>.<\/p>\n<p>Virginius, encore plus dangereux que Males<\/p>\n<p>Cet arr\u00eat n\u2019a cependant pas permis au Losc, plut\u00f4t \u00e0 l\u2019aise \u00e0 onze contre onze et logiquement plus en difficult\u00e9 en inf\u00e9riorit\u00e9 num\u00e9rique, d\u2019\u00e9viter la d\u00e9faite. Car \u00e0 la 60e minute, le club fran\u00e7ais a craqu\u00e9 : suite \u00e0 un nouveau num\u00e9ro sign\u00e9 Virginius, Darian Males a coup\u00e9 le centre de l\u2019ancien de la maison et a ouvert le score. Un but fatal pour les Dogues, qui ne s\u2019en sont jamais remis malgr\u00e9 le carton rouge de Tanguy Zoukrou et qui d\u00e9gringolent \u00e0 la seizi\u00e8me place du classement.<\/p>\n<p><a target=\"_blank\" href=\"https:\/\/www.sofoot.com\/articles\/ligue-europa-on-vous-spoile-young-boys-lille\" rel=\"noopener\">Heureusement que le match n\u2019\u00e9tait pas diffus\u00e9 chez nous, hein.\u00a0<\/a><\/p>\n<p>\t\t\t\t\t\t\t\t\t\t<a class=\"lien-connexe\" href=\"https:\/\/www.sofoot.com\/articles\/ligue-europa-on-vous-spoile-young-boys-lille\" target=\"_blank\" rel=\"noopener\">On vous spoile Young Boys-Lille<\/a>\t\t\t\t\t<\/p>\n","protected":false},"excerpt":{"rendered":"\u00a0 Young Boys 1-0 Lille \u00a0 But : Males (60e)\u00a0 Il paraissait tellement parfait\u2026 Ultra pr\u00e9coce sur le&hellip;\n","protected":false},"author":2,"featured_media":593493,"comment_status":"","ping_status":"","sticky":false,"template":"","format":"standard","meta":{"footnotes":""},"categories":[2815],"tags":[1111,47,11,61,69,65,64,1777,674,63,1011,27,811,68,66,1307,12,62,70,25,67],"class_list":{"0":"post-593492","1":"post","2":"type-post","3":"status-publish","4":"format-standard","5":"has-post-thumbnail","7":"category-lille","8":"tag-actu","9":"tag-actualite","10":"tag-actualites","11":"tag-actus-football","12":"tag-bundesliga","13":"tag-championnats-europeens","14":"tag-equipe-de-france","15":"tag-eu","16":"tag-europe","17":"tag-football","18":"tag-fr","19":"tag-france","20":"tag-hauts-de-france","21":"tag-ligua","22":"tag-ligue-1","23":"tag-lille","24":"tag-news","25":"tag-news-foot","26":"tag-premier-league","27":"tag-republique-francaise","28":"tag-serie-a"},"share_on_mastodon":{"url":"https:\/\/pubeurope.com\/@fr\/115702692261830075","error":""},"_links":{"self":[{"href":"https:\/\/www.europesays.com\/fr\/wp-json\/wp\/v2\/posts\/593492","targetHints":{"allow":["GET"]}}],"collection":[{"href":"https:\/\/www.europesays.com\/fr\/wp-json\/wp\/v2\/posts"}],"about":[{"href":"https:\/\/www.europesays.com\/fr\/wp-json\/wp\/v2\/types\/post"}],"author":[{"embeddable":true,"href":"https:\/\/www.europesays.com\/fr\/wp-json\/wp\/v2\/users\/2"}],"replies":[{"embeddable":true,"href":"https:\/\/www.europesays.com\/fr\/wp-json\/wp\/v2\/comments?post=593492"}],"version-history":[{"count":0,"href":"https:\/\/www.europesays.com\/fr\/wp-json\/wp\/v2\/posts\/593492\/revisions"}],"wp:featuredmedia":[{"embeddable":true,"href":"https:\/\/www.europesays.com\/fr\/wp-json\/wp\/v2\/media\/593493"}],"wp:attachment":[{"href":"https:\/\/www.europesays.com\/fr\/wp-json\/wp\/v2\/media?parent=593492"}],"wp:term":[{"taxonomy":"category","embeddable":true,"href":"https:\/\/www.europesays.com\/fr\/wp-json\/wp\/v2\/categories?post=593492"},{"taxonomy":"post_tag","embeddable":true,"href":"https:\/\/www.europesays.com\/fr\/wp-json\/wp\/v2\/tags?post=593492"}],"curies":[{"name":"wp","href":"https:\/\/api.w.org\/{rel}","templated":true}]}}